{"id":4328,"date":"2015-02-09T09:54:26","date_gmt":"2015-02-09T07:54:26","guid":{"rendered":"http:\/\/www.sarisarkomaa.fi\/?p=4328"},"modified":"2015-02-09T09:54:26","modified_gmt":"2015-02-09T07:54:26","slug":"sarkomaa-tasa-arvoretoriikan-ja-torailun-rinnalle-tekoja","status":"publish","type":"post","link":"https:\/\/www.sarisarkomaa.fi\/?p=4328","title":{"rendered":"Sarkomaa: tasa-arvoretoriikan ja torailun rinnalle tekoja!"},"content":{"rendered":"<p>tiedote 8.2.2015.<br \/>\njulkaisuvapaa heti<\/p>\n<p>\"On ilahduttavaa, ett\u00e4 tasa-arvo asiat ovat nousseet vahvasti poliittisiin puheisiin. Pelkk\u00e4 retoriikka ja tasa-arvotorailu ei kuitenkaan riit\u00e4. Puheiden rinnalle tarvitaan todellisia tekoja. Rakennepaketissa oleva tavoite ty\u00f6antajille aiheutuvien vanhemmuuden kustannusten tasaamisesta on hallituksen loppukiriss\u00e4 nostettava ty\u00f6p\u00f6yd\u00e4lle\u201d vaatii kansanedustaja ja kokoomuksen palkansaajavaltuuskunnan puheenjohtaja Sari Sarkomaa.<\/p>\n<p>Sarkomaa on pettynyt, ett\u00e4 hallitus ei ole ohjelmansa lupauksesta huolimatta edist\u00e4nyt tasa-arvon suurimman h\u00e4pe\u00e4tahran poistamista. Ei, vaikka vanhemmuuden kustannusten tasaaminen on tehokkain yksitt\u00e4inen t\u00e4sm\u00e4toimi edist\u00e4\u00e4 tasa-arvoa ja my\u00f6s palkkatasa-arvoa.<\/p>\n<p>\u201dEi ole t\u00e4t\u00e4 vuosisataa eik\u00e4 viisasta voimavarojen k\u00e4ytt\u00f6\u00e4, ett\u00e4 yll\u00e4pid\u00e4mme j\u00e4rjestelmi\u00e4, jotka suosivat miesten palkkaamista. Nykyisess\u00e4 j\u00e4rjestelm\u00e4st\u00e4 \u00e4itiydest\u00e4 aiheutuu ty\u00f6nantajalle sit\u00e4 enemm\u00e4n kustannuksia, mit\u00e4 parempi naisen palkka on. Niin kauan kuin naisista aiheutuu enemm\u00e4n kustannuksia ty\u00f6nantajalle kuin miehist\u00e4, jatkuu naisten syrjint\u00e4 ty\u00f6markkinoilla. T\u00e4m\u00e4 n\u00e4kyy kovalla tavalla naisten p\u00e4tk\u00e4t\u00f6in\u00e4, urakehityksess\u00e4 ja siten my\u00f6s palkassa. \u201d\u00c4itiriskin\u201d kitkemiseen on teht\u00e4v\u00e4 konkreettisia esityksi\u00e4 viel\u00e4 t\u00e4m\u00e4n eduskuntakauden aikana, koska hallitus on siihen rakennepaketissa sitoutunut\u201d, muistuttaa Sarkomaa.<\/p>\n<p>Hallituksen rakennepoliittisen ohjelman toimeenpanop\u00e4\u00e4t\u00f6ksess\u00e4 todetaan, ett\u00e4 selvitys vanhemmuuden kustannusten tasaamisen eri malleista ja niiden kustannuksista on tehty, ja ett\u00e4 hallitus jatkaa arviointia vanhemmuuden kustannusten tasaamisesta ty\u00f6markkinaj\u00e4rjest\u00f6jen kanssa.\u201d Selvityksest\u00e4 ja jatkotoimista ei ole kuulunut pihaustakaan,\u201d ihmettelee Sarkomaa.<\/p>\n<p>N\u00e4ytt\u00e4\u00e4 vakavasti silt\u00e4, ett\u00e4 asia ei etene, jos j\u00e4\u00e4d\u00e4\u00e4n pelk\u00e4st\u00e4\u00e4n odottamaan ty\u00f6markkinaj\u00e4rjest\u00f6jen toimia. Hallituksen on oltava asiassa aloitteellinen ja aikaansaava, vaatii Sarkomaa.<\/p>\n<p>Asiassa on kyse tasa-arvon lis\u00e4ksi yritt\u00e4jyyden jarrun poistamisesta. Ty\u00f6nantajien vanhemmuudesta aiheutuvien kustannusten jakaminen kohtelisi yrityksi\u00e4 tasapuolisemmin ja loisi edellytyksi\u00e4 kasvulle. Pk-yritykset uskaltaisivat nykyist\u00e4 paremmin palkata uusia ty\u00f6ntekij\u00f6it\u00e4, kun taloudellinen riski pienenisi. Kyse ei ole sin\u00e4ns\u00e4 uudesta menoer\u00e4st\u00e4. Kustannukset on joka tapauksessa jonkun maksettava ja t\u00e4ll\u00e4 hetkell\u00e4 se \u201djoku\u201d on perhevapaita k\u00e4ytt\u00e4vien naisten ty\u00f6nantajat.<\/p>\n<p>Sarkomaa on useaan otteeseen ehdottanut pohdittavaksi itsen\u00e4ist\u00e4 vanhempainvakuutusta, joka toisi selke\u00e4sti esiin sen, millaisia kustannuksia vanhempainetuuksista ty\u00f6nantajalle ja palkansaajalle tulee. Vakuutus mahdollistaa vanhemmuuden kustannusten jakamisen, mutta my\u00f6s rahoitusosuuksien muutoksen kuten valtiovallan osuuden vahvistamisen.<br \/>\n\"Mallia voi k\u00e4yd\u00e4 katsomassa Ruotsista, jossa asia on jo aikaa sitten hoidettu. Olennaista on, ett\u00e4 asiassa ryhdyt\u00e4\u00e4n vihdoin toimiin pelkkien hallitusohjelmakirjauksien ja puheiden sijaan\", p\u00e4\u00e4tt\u00e4\u00e4 Sarkomaa.<\/p>\n<p>lis\u00e4tietoja:<br \/>\nSari Sarkomaa<br \/>\n050 511 3033<\/p>\n","protected":false},"excerpt":{"rendered":"<p>tiedote 8.2.2015. julkaisuvapaa heti \"On ilahduttavaa, ett\u00e4 tasa-arvo asiat ovat nousseet vahvasti poliittisiin puheisiin. Pelkk\u00e4 retoriikka ja tasa-arvotorailu ei kuitenkaan riit\u00e4. Puheiden rinnalle tarvitaan todellisia tekoja. Rakennepaketissa oleva tavoite ty\u00f6antajille aiheutuvien vanhemmuuden kustannusten tasaamisesta on hallituksen loppukiriss\u00e4 nostettava ty\u00f6p\u00f6yd\u00e4lle\u201d vaatii kansanedustaja ja kokoomuksen palkansaajavaltuuskunnan puheenjohtaja Sari Sarkomaa. Sarkomaa on pettynyt, ett\u00e4 hallitus ei ole ohjelmansa <a href=\"https:\/\/www.sarisarkomaa.fi\/?p=4328\" class=\"more-link\">...jatka lukemista<span class=\"screen-reader-text\"> \"Sarkomaa: tasa-arvoretoriikan ja torailun rinnalle tekoja!\"<\/span><\/a><\/p>\n","protected":false},"author":1,"featured_media":0,"comment_status":"open","ping_status":"open","sticky":false,"template":"","format":"standard","meta":[],"categories":[4],"tags":[],"_links":{"self":[{"href":"https:\/\/www.sarisarkomaa.fi\/index.php?rest_route=\/wp\/v2\/posts\/4328"}],"collection":[{"href":"https:\/\/www.sarisarkomaa.fi\/index.php?rest_route=\/wp\/v2\/posts"}],"about":[{"href":"https:\/\/www.sarisarkomaa.fi\/index.php?rest_route=\/wp\/v2\/types\/post"}],"author":[{"embeddable":true,"href":"https:\/\/www.sarisarkomaa.fi\/index.php?rest_route=\/wp\/v2\/users\/1"}],"replies":[{"embeddable":true,"href":"https:\/\/www.sarisarkomaa.fi\/index.php?rest_route=%2Fwp%2Fv2%2Fcomments&post=4328"}],"version-history":[{"count":2,"href":"https:\/\/www.sarisarkomaa.fi\/index.php?rest_route=\/wp\/v2\/posts\/4328\/revisions"}],"predecessor-version":[{"id":4330,"href":"https:\/\/www.sarisarkomaa.fi\/index.php?rest_route=\/wp\/v2\/posts\/4328\/revisions\/4330"}],"wp:attachment":[{"href":"https:\/\/www.sarisarkomaa.fi\/index.php?rest_route=%2Fwp%2Fv2%2Fmedia&parent=4328"}],"wp:term":[{"taxonomy":"category","embeddable":true,"href":"https:\/\/www.sarisarkomaa.fi\/index.php?rest_route=%2Fwp%2Fv2%2Fcategories&post=4328"},{"taxonomy":"post_tag","embeddable":true,"href":"https:\/\/www.sarisarkomaa.fi\/index.php?rest_route=%2Fwp%2Fv2%2Ftags&post=4328"}],"curies":[{"name":"wp","href":"https:\/\/api.w.org\/{rel}","templated":true}]}}