{"id":4342,"date":"2015-02-17T10:14:24","date_gmt":"2015-02-17T08:14:24","guid":{"rendered":"http:\/\/www.sarisarkomaa.fi\/?p=4342"},"modified":"2015-02-17T10:14:24","modified_gmt":"2015-02-17T08:14:24","slug":"munkan-kahvilaparlamentti-kokoontuu-21-2","status":"publish","type":"post","link":"https:\/\/www.sarisarkomaa.fi\/?p=4342","title":{"rendered":"Munkan kahvilaparlamentti kokoontuu 21.2."},"content":{"rendered":"<p>Munkin seutu helmikuu 2015<\/p>\n<p>Munkka on mukava paikka asua ja el\u00e4\u00e4. Luonnon l\u00e4heisyys, hyv\u00e4t palvelut ja joukkoliikenneyhteydet ovat parasta Munkassa. Munkkiniemen kahvilat ovat meid\u00e4n munkkalaisten ja kaikkien helsinkil\u00e4isten olohuoneita ja kohtaamispaikkoja. Kansanedustajaty\u00f6ni kannalta on ollut t\u00e4rke\u00e4\u00e4, ett\u00e4 ihmiset tulevat kertomaan avoimesti mietteit\u00e4\u00e4n kadulla, kahvilassa ja nelosen ratikassa. Ajoittain olen j\u00e4rjest\u00e4nyt tilaisuuksia, joissa olen munkkalaisten tavattavissa. J\u00e4rjest\u00e4n lauantaina 21.2. klo 10-11.30 Max Cafessa kahvilaparlamentin. Tervetuloa tapaamaan ja vaihtamaan ajatuksia politiikasta ja muustakin.<\/p>\n<p>Yritt\u00e4jyyden edist\u00e4minen on ollut monella tapaa agendalla kuluneen talven aikana. Tapasin yritt\u00e4ji\u00e4 eduskunnassa j\u00e4rjest\u00e4mill\u00e4ni Helmikahveilla muutama viikko sitten. Asialistalla oli mm. yksinyritt\u00e4j\u00e4n aseman parantaminen, yritt\u00e4j\u00e4n puolison sosiaaliturva ja ensimm\u00e4isen ty\u00f6ntekij\u00e4n palkkaamisen helpottaminen. Ja tietenkin ylikire\u00e4 verotus. Pienyritt\u00e4jyyden edist\u00e4misess\u00e4 on viel\u00e4 paljon teht\u00e4v\u00e4\u00e4.<\/p>\n<p>Helmikahveilla nousi vahvasti esille yritt\u00e4jien huoli ty\u00f6ntekij\u00e4n vanhempainvapaasta ty\u00f6nantajille aiheutuvasta kustannustaakasta. On ep\u00e4reilua, ett\u00e4 \u00e4itien ty\u00f6nantajat kantavat t\u00e4st\u00e4 suurimman taakan. Tilanne on jarruttanut yritt\u00e4jyytt\u00e4 ja aiheuttaa naisten syrjimist\u00e4 ty\u00f6markkinoilla. Olen sitke\u00e4sti tehnyt ty\u00f6t\u00e4 asian korjaamiseksi.<\/p>\n<p>Ei ole t\u00e4t\u00e4 vuosisataa eik\u00e4 viisasta voimavarojen k\u00e4ytt\u00f6\u00e4, ett\u00e4 yll\u00e4pid\u00e4mme j\u00e4rjestelmi\u00e4, jotka suosivat miesten palkkaamista. Nykyisess\u00e4 j\u00e4rjestelm\u00e4st\u00e4 \u00e4itiydest\u00e4 aiheutuu ty\u00f6nantajalle sit\u00e4 enemm\u00e4n kustannuksia, mit\u00e4 parempi naisen palkka on. Niin kauan kuin naisista aiheutuu enemm\u00e4n kustannuksia ty\u00f6nantajalle kuin miehist\u00e4, jatkuu naisten syrjint\u00e4 ty\u00f6markkinoilla. T\u00e4m\u00e4 n\u00e4kyy kovalla tavalla naisten p\u00e4tk\u00e4t\u00f6in\u00e4, urakehityksess\u00e4 ja siten my\u00f6s palkassa.<\/p>\n<p>Suuri pettymys on ollut, ett\u00e4 hallitus ei ole ohjelmansa lupauksesta huolimatta edist\u00e4nyt tasa-arvon suurimman h\u00e4pe\u00e4tahran poistamista. Ei, vaikka vanhemmuuden kustannusten tasaaminen on tehokkain yksitt\u00e4inen t\u00e4sm\u00e4toimi edist\u00e4\u00e4 ty\u00f6el\u00e4m\u00e4n tasa-arvoa ja my\u00f6s palkkatasa-arvoa.<\/p>\n<p>On ilahduttavaa, ett\u00e4 tasa-arvo asiat ovat nousseet vahvasti poliittisiin puheisiin. Pelkk\u00e4 retoriikka ja tasa-arvotorailu ei kuitenkaan riit\u00e4. Puheiden rinnalle tarvitaan todellisia tekoja.<\/p>\n<p>Olen useaan otteeseen ehdottanut pohdittavaksi itsen\u00e4ist\u00e4 vanhempainvakuutusta, joka toisi selke\u00e4sti esiin sen, millaisia kustannuksia vanhempainetuuksista ty\u00f6nantajalle ja palkansaajalle tulee. Vakuutus mahdollistaisi vanhemmuuden kustannusten jakamisen, mutta my\u00f6s rahoitusosuuksien muutoksen kuten valtiovallan osuuden vahvistamisen. Mallia voi k\u00e4yd\u00e4 katsomassa Ruotsista, jossa asia on jo aikaa sitten hoidettu. Olennaista on, ett\u00e4 asia saadaan ratkaistua. Ty\u00f6el\u00e4m\u00e4ss\u00e4 tarvitaan naiset ja miehet. Vanhemmuudessa is\u00e4t ja \u00e4idit. Perheet ovat erilaisia ja siksi perheille tarvitaan vaihtoehtoja ja valinnanvapautta, miten arjen asiat j\u00e4rjestet\u00e4\u00e4n.<\/p>\n<p>Yritt\u00e4jyys, l\u00e4hipalvelut sek\u00e4 muut ajankohtaisista asioista annettu palaute ja ajatukset ovat tervetulleita.<\/p>\n<p>N\u00e4hd\u00e4\u00e4n Max Cafessa lauantaina 21.2.!<\/p>\n<p>&nbsp;<\/p>\n<p>Sari Sarkomaa<\/p>\n<p>kansanedustaja<\/p>\n<p>valtiovarainvaliokunnan j\u00e4sen<\/p>\n<p>www.sarisarkomaa.fi<\/p>\n","protected":false},"excerpt":{"rendered":"<p>Munkin seutu helmikuu 2015 Munkka on mukava paikka asua ja el\u00e4\u00e4. Luonnon l\u00e4heisyys, hyv\u00e4t palvelut ja joukkoliikenneyhteydet ovat parasta Munkassa. Munkkiniemen kahvilat ovat meid\u00e4n munkkalaisten ja kaikkien helsinkil\u00e4isten olohuoneita ja kohtaamispaikkoja. Kansanedustajaty\u00f6ni kannalta on ollut t\u00e4rke\u00e4\u00e4, ett\u00e4 ihmiset tulevat kertomaan avoimesti mietteit\u00e4\u00e4n kadulla, kahvilassa ja nelosen ratikassa. Ajoittain olen j\u00e4rjest\u00e4nyt tilaisuuksia, joissa olen munkkalaisten tavattavissa. <a href=\"https:\/\/www.sarisarkomaa.fi\/?p=4342\" class=\"more-link\">...jatka lukemista<span class=\"screen-reader-text\"> \"Munkan kahvilaparlamentti kokoontuu 21.2.\"<\/span><\/a><\/p>\n","protected":false},"author":1,"featured_media":0,"comment_status":"open","ping_status":"open","sticky":false,"template":"","format":"standard","meta":[],"categories":[5],"tags":[],"_links":{"self":[{"href":"https:\/\/www.sarisarkomaa.fi\/index.php?rest_route=\/wp\/v2\/posts\/4342"}],"collection":[{"href":"https:\/\/www.sarisarkomaa.fi\/index.php?rest_route=\/wp\/v2\/posts"}],"about":[{"href":"https:\/\/www.sarisarkomaa.fi\/index.php?rest_route=\/wp\/v2\/types\/post"}],"author":[{"embeddable":true,"href":"https:\/\/www.sarisarkomaa.fi\/index.php?rest_route=\/wp\/v2\/users\/1"}],"replies":[{"embeddable":true,"href":"https:\/\/www.sarisarkomaa.fi\/index.php?rest_route=%2Fwp%2Fv2%2Fcomments&post=4342"}],"version-history":[{"count":3,"href":"https:\/\/www.sarisarkomaa.fi\/index.php?rest_route=\/wp\/v2\/posts\/4342\/revisions"}],"predecessor-version":[{"id":4345,"href":"https:\/\/www.sarisarkomaa.fi\/index.php?rest_route=\/wp\/v2\/posts\/4342\/revisions\/4345"}],"wp:attachment":[{"href":"https:\/\/www.sarisarkomaa.fi\/index.php?rest_route=%2Fwp%2Fv2%2Fmedia&parent=4342"}],"wp:term":[{"taxonomy":"category","embeddable":true,"href":"https:\/\/www.sarisarkomaa.fi\/index.php?rest_route=%2Fwp%2Fv2%2Fcategories&post=4342"},{"taxonomy":"post_tag","embeddable":true,"href":"https:\/\/www.sarisarkomaa.fi\/index.php?rest_route=%2Fwp%2Fv2%2Ftags&post=4342"}],"curies":[{"name":"wp","href":"https:\/\/api.w.org\/{rel}","templated":true}]}}