{"id":449,"date":"2011-03-11T19:51:50","date_gmt":"2011-03-11T17:51:50","guid":{"rendered":"http:\/\/www.kaikupuro.fi\/SariSarkomaa\/?p=449"},"modified":"2011-04-06T18:05:33","modified_gmt":"2011-04-06T16:05:33","slug":"449","status":"publish","type":"post","link":"https:\/\/www.sarisarkomaa.fi\/?p=449","title":{"rendered":"Sarkomaa on pettynyt siihen, ett\u00e4 vanhemmuuden kustannusten jakamisessa ei ole edetty"},"content":{"rendered":"<div><span style=\"font-family: Arial, sans-serif;\">Lehdist\u00f6tiedote 10.03.2011<\/span><\/div>\n<div><span style=\"font-family: Arial, sans-serif;\">\u00a0<\/span><\/div>\n<div><span style=\"font-family: Arial, sans-serif;\">Kokoomuksen kansanedustaja Sari Sarkomaa on pettynyt siihen, ett\u00e4 vanhemmuuden kustannusten jakamisessa ei ole edetty.<\/span><\/div>\n<div><span style=\"font-family: Arial, sans-serif;\">\u00a0<\/span><\/div>\n<div><span style=\"font-family: Arial, sans-serif;\">T\u00e4n\u00e4\u00e4n raporttinsa luovuttaneen Aulan vanhempainvapaaty\u00f6ryhm\u00e4n lopputulos j\u00e4i osin torsoksi, koska ty\u00f6ryhm\u00e4 ei jatkoajasta huolimatta kyennyt esitt\u00e4m\u00e4\u00e4n yksimielist\u00e4 mallia vanhemmuuden kustannusasian ratkaisemiseksi. T\u00e4m\u00e4 on iso pettymys, sill\u00e4 niin Vanhasen II, kuin Kiviniemen hallitusohjelmissa on selke\u00e4sanaisesti luvattu edet\u00e4 asiassa. Iso vaikutus asian \u201dhoitamatta j\u00e4tt\u00e4miseen\u201d on sill\u00e4, ett\u00e4 ministeri Hyss\u00e4l\u00e4 vitkutteli ty\u00f6ryhm\u00e4n perustamista ja lis\u00e4ksi ty\u00f6ryhm\u00e4lle annettiin jatkoaikaa ja lupa ty\u00f6n venytt\u00e4miseen. <strong>On ik\u00e4v\u00e4\u00e4, ett\u00e4 yksi naisten tasa-arvon, mutta my\u00f6s yritt\u00e4jyyden edist\u00e4misen kannalta keskeisin asia priorisoitiin hallitusohjelmakirjauksista n\u00e4in viimeiseksi ja siten estettiin asian edistyminen t\u00e4m\u00e4n hallituksen toimesta.<\/strong><\/span><\/div>\n<div><span style=\"font-family: Arial, sans-serif;\">\u00a0<\/span><\/div>\n<div><span style=\"font-family: Arial, sans-serif;\">Vanhemmuuden kustannusasian pallottelu ty\u00f6ryhm\u00e4st\u00e4 toiseen on lopetettava. <strong>Heti seuraavissa hallitusneuvotteluissa on sovittava miten vanhemmuuden kustannusten jakamisessa ja korvaamisessa edet\u00e4\u00e4n. <\/strong>Asiaa ei ratkaista pelk\u00e4st\u00e4\u00e4n isi\u00e4 kannustamalla.<\/span><\/div>\n<div><span style=\"font-family: Arial, sans-serif;\">\u00a0<\/span><\/div>\n<div><span style=\"font-family: Arial, sans-serif;\"><strong>\"On v\u00e4ltt\u00e4m\u00e4t\u00f6nt\u00e4, ett\u00e4 seuraava hallitus istuu alas yhdess\u00e4 ty\u00f6markkinaj\u00e4rjest\u00f6jen kanssa ja valmistelee viipym\u00e4tt\u00e4 esitykset vanhemmuuden kustannusasian ratkaisemiseksi ja perhevapaaj\u00e4rjestelm\u00e4n kehitt\u00e4miseksi,\" vaatii Sarkomaa.<\/strong><\/span><\/div>\n<div><span style=\"font-family: Arial, sans-serif;\">\u00a0<\/span><\/div>\n<div><span style=\"font-family: Arial, sans-serif;\">Seuraavan hallituksen on otettava asia oikeasti agendalle ja rohkeasti sanottava \u00e4\u00e4neen, ett\u00e4 naisten syrjimist\u00e4 ty\u00f6markkinoilla edist\u00e4v\u00e4t ep\u00e4kohdat on korjattava.<\/span><\/div>\n<div><span style=\"font-family: Arial, sans-serif;\">\u00a0<\/span><\/div>\n<div><span style=\"font-family: Arial, sans-serif;\">Yhteisymm\u00e4rryksen puutetta on perusteltu julkisuudessa sanomalla, ett\u00e4 \"ty\u00f6nantajat eiv\u00e4t halua lis\u00e4maksuja ja valtiontalous on kire\u00e4ll\u00e4\".\u00a0 Perustelu on k\u00e4sitt\u00e4m\u00e4t\u00f6n. <strong>Joka tapauksessa kustannukset joku maksaa jo nyt ja se \u201djoku\u201d on perhevapaita k\u00e4ytt\u00e4vien naisten ty\u00f6nantajat.<\/strong> Maksumiehi\u00e4 ovat my\u00f6s naiset. <strong>Niin kauan kuin naisesta aiheutuu ty\u00f6nantajalle enemm\u00e4n kustannuksia kuin miehest\u00e4, jatkuu naisten syrjint\u00e4 ty\u00f6markkinoilla. <\/strong>T\u00e4m\u00e4 n\u00e4kyy ja tuntuu kovalla tavalla naisten palkassa sek\u00e4 ty\u00f6suhteissa p\u00e4tk\u00e4t\u00f6in\u00e4 sek\u00e4 estein\u00e4 edet\u00e4 uralla. <\/span><\/div>\n<div><span style=\"font-family: Arial, sans-serif;\">\u00a0<\/span><\/div>\n<div><span style=\"font-family: Arial, sans-serif;\">Raskaus ei ole ty\u00f6per\u00e4inen sairaus, eik\u00e4 mik\u00e4\u00e4n muukaan ty\u00f6st\u00e4 aiheutuva kustannus. Ei ole mit\u00e4\u00e4n j\u00e4rkev\u00e4\u00e4 syyt\u00e4 sille, miksi nimenomaan naisten ty\u00f6nantajien pit\u00e4isi korvata vanhemmuuden kustannukset. Tilanne on t\u00e4ysin ep\u00e4oikeudenmukainen ja kohtuuton.<\/span><\/div>\n<div><span style=\"font-family: Arial, sans-serif;\">\u00a0<\/span><\/div>\n<div><span style=\"font-family: Arial, sans-serif;\"><strong>Vanhemmuuden kustannuksista aiheutuva \"\u00e4itiriski\" n\u00e4kyy naisvaltaisten yritysten kannattavuudessa.<\/strong> Vanhemmuuden kustannukset sy\u00f6v\u00e4t kovalla tavalla naisvaltaisten yritysten kasvu- ja ty\u00f6llist\u00e4mismahdollisuuksia. T\u00e4h\u00e4n ei Suomella olisi varaa. Tarvitsisimme kipe\u00e4sti jokaisen ty\u00f6paikan ja yrityksen.<\/span><\/div>\n<div><span style=\"font-family: Arial, sans-serif;\">\u00a0<\/span><\/div>\n<div><span style=\"font-family: Arial, sans-serif;\"><strong>Vanhemmuuden kustannusten jakaminen on tehokas t\u00e4sm\u00e4toimi harmaantuvassa ja taloustaantuman kourissa kamppailevassa Suomessa<\/strong>. Suomessa yritt\u00e4jist\u00e4 naisia on vain 30 prosenttia. Me tarvitsemme naisvaltaisille aloille enemm\u00e4n yritt\u00e4ji\u00e4 ja yritt\u00e4ji\u00e4 ty\u00f6nantajiksi sek\u00e4 my\u00f6s lis\u00e4\u00e4 lapsia. <strong>Kyse on tasa-arvon suurimman h\u00e4pe\u00e4tahran ja yritt\u00e4jyyden jarrun poistamisesta, mutta my\u00f6s ty\u00f6llisyydest\u00e4 ja yritysten tasapuolisista toimintamahdollisuuksista. <\/strong><\/span><\/div>\n<div><span style=\"font-family: Arial, sans-serif;\">\u00a0<\/span><\/div>\n<div><span style=\"font-family: Arial, sans-serif;\">Lis\u00e4tietoja:<\/span><\/div>\n<div><span style=\"font-family: Arial, sans-serif;\">Sari Sarkomaa<\/span><\/div>\n<div><span style=\"font-family: Arial, sans-serif;\">050 511 3033<\/span><\/div>\n","protected":false},"excerpt":{"rendered":"<p>Lehdist\u00f6tiedote 10.03.2011 \u00a0 Kokoomuksen kansanedustaja Sari Sarkomaa on pettynyt siihen, ett\u00e4 vanhemmuuden kustannusten jakamisessa ei ole edetty. \u00a0 T\u00e4n\u00e4\u00e4n raporttinsa luovuttaneen Aulan vanhempainvapaaty\u00f6ryhm\u00e4n lopputulos j\u00e4i osin torsoksi, koska ty\u00f6ryhm\u00e4 ei jatkoajasta huolimatta kyennyt esitt\u00e4m\u00e4\u00e4n yksimielist\u00e4 mallia vanhemmuuden kustannusasian ratkaisemiseksi. T\u00e4m\u00e4 on iso pettymys, sill\u00e4 niin Vanhasen II, kuin Kiviniemen hallitusohjelmissa on selke\u00e4sanaisesti luvattu edet\u00e4 asiassa. <a href=\"https:\/\/www.sarisarkomaa.fi\/?p=449\" class=\"more-link\">...jatka lukemista<span class=\"screen-reader-text\"> \"Sarkomaa on pettynyt siihen, ett\u00e4 vanhemmuuden kustannusten jakamisessa ei ole edetty\"<\/span><\/a><\/p>\n","protected":false},"author":1,"featured_media":0,"comment_status":"closed","ping_status":"closed","sticky":false,"template":"","format":"standard","meta":[],"categories":[4],"tags":[],"_links":{"self":[{"href":"https:\/\/www.sarisarkomaa.fi\/index.php?rest_route=\/wp\/v2\/posts\/449"}],"collection":[{"href":"https:\/\/www.sarisarkomaa.fi\/index.php?rest_route=\/wp\/v2\/posts"}],"about":[{"href":"https:\/\/www.sarisarkomaa.fi\/index.php?rest_route=\/wp\/v2\/types\/post"}],"author":[{"embeddable":true,"href":"https:\/\/www.sarisarkomaa.fi\/index.php?rest_route=\/wp\/v2\/users\/1"}],"replies":[{"embeddable":true,"href":"https:\/\/www.sarisarkomaa.fi\/index.php?rest_route=%2Fwp%2Fv2%2Fcomments&post=449"}],"version-history":[{"count":5,"href":"https:\/\/www.sarisarkomaa.fi\/index.php?rest_route=\/wp\/v2\/posts\/449\/revisions"}],"predecessor-version":[{"id":762,"href":"https:\/\/www.sarisarkomaa.fi\/index.php?rest_route=\/wp\/v2\/posts\/449\/revisions\/762"}],"wp:attachment":[{"href":"https:\/\/www.sarisarkomaa.fi\/index.php?rest_route=%2Fwp%2Fv2%2Fmedia&parent=449"}],"wp:term":[{"taxonomy":"category","embeddable":true,"href":"https:\/\/www.sarisarkomaa.fi\/index.php?rest_route=%2Fwp%2Fv2%2Fcategories&post=449"},{"taxonomy":"post_tag","embeddable":true,"href":"https:\/\/www.sarisarkomaa.fi\/index.php?rest_route=%2Fwp%2Fv2%2Ftags&post=449"}],"curies":[{"name":"wp","href":"https:\/\/api.w.org\/{rel}","templated":true}]}}