{"id":4506,"date":"2015-04-02T14:11:49","date_gmt":"2015-04-02T12:11:49","guid":{"rendered":"http:\/\/www.sarisarkomaa.fi\/?p=4506"},"modified":"2015-04-02T14:11:49","modified_gmt":"2015-04-02T12:11:49","slug":"miksi-sipilan-kadet-ovat-tyoelakelaisten-taskussa","status":"publish","type":"post","link":"https:\/\/www.sarisarkomaa.fi\/?p=4506","title":{"rendered":"Miksi Sipil\u00e4n k\u00e4det ovat ty\u00f6el\u00e4kel\u00e4isten taskussa?"},"content":{"rendered":"<p>Vaalien alla puolueiden linjatessa tulevan eduskuntakauden tavoitteita nousee vahvasti esille el\u00e4kel\u00e4isten asia ja v\u00e4ltt\u00e4m\u00e4tt\u00f6myys turvata el\u00e4kkeiden ostovoima. Eik\u00e4 ihme. Ylikire\u00e4 verotuksemme yhdistettyn\u00e4 p\u00e4\u00e4kaupunkiseudun korkeisiin asumis- ja el\u00e4miskustannuksiin laittaa tavallisen ihmisen tiukoille. Tavallisella helsinkil\u00e4isell\u00e4 pit\u00e4\u00e4 olla varaa asua kotikaupungissaan. Siksi onkin ydinkysymys, millaisia verolinjoja puolueet aikovat tulevalla vaalikaudella ajaa.<\/p>\n<p>Me kokoomuslaiset olemme sitoutuneet linjaan, jossa ansiotuloveron kevennys tehd\u00e4\u00e4n niin, ett\u00e4 se kohdistuu yht\u00e4 lailla sek\u00e4 palkansaajiin ett\u00e4 el\u00e4kel\u00e4isiin. Aikoinaan tehdyn ty\u00f6n on kannatettava my\u00f6s el\u00e4kkeell\u00e4.<\/p>\n<p>Kannatuslukujen k\u00e4rjess\u00e4 keikkuvan Keskustan veropoliittisessa linjaukset sen sijaan rankaisevat kovalla k\u00e4dell\u00e4 ty\u00f6el\u00e4kett\u00e4 saavia suomalaisia. Keskustan veropoliittisissa (10.3.2015) ja talouspoliittisissa (13.3.2015) linjauksissa puolue ehdottaa ty\u00f6tulov\u00e4hennyksen korottamista 450 miljoonalla eurolla. T\u00e4m\u00e4n v\u00e4hennyksen saa tehd\u00e4 palkkatulosta, mutta sit\u00e4 ei voi tehd\u00e4 el\u00e4ketulosta.<\/p>\n<p>Ratkaisusta hy\u00f6tyisiv\u00e4t ty\u00f6ss\u00e4 olevat mutta ty\u00f6t\u00e4 tehneet ty\u00f6el\u00e4kkeen saajat j\u00e4isiv\u00e4t kevennyksen ulkopuolelle. Keskustan verolinja kurittaa ja kohtelee ep\u00e4oikeudenmukaisesti ty\u00f6el\u00e4kett\u00e4 saavia suhteessa palkansaajiin. Mik\u00e4 huolestuttavinta, linja johtaisi siihen, ett\u00e4 palkansaajien ja el\u00e4kel\u00e4isten eriarvoinen kohtelu verotuksessa k\u00e4rjistyisi.<\/p>\n<p>Keskustan veroehdotuksessa ei esitet\u00e4 mink\u00e4\u00e4nlaista korjausta valtion tuloveroasteikkoon. Ei my\u00f6sk\u00e4\u00e4n ns. inflaatiokorjausta. N\u00e4in ollen Keskusta kaiken lis\u00e4ksi kirist\u00e4\u00e4 kaikkien valtion tuloveroa maksavien ty\u00f6el\u00e4kel\u00e4isten verotusta, kun el\u00e4kkeet nousevat TEL-indeksin mukaisesti.<\/p>\n<p>On pakko ihmetell\u00e4, miksi Keskusta haluaa olla erityisesti ty\u00f6el\u00e4kel\u00e4isten kimpussa. El\u00e4kkeensaajia oli 2013 lopussa yhteens\u00e4 noin 1,5 miljoonaa, eli reilu nelj\u00e4nnes kaikista suomalaisista. Heist\u00e4 valtaosa, noin 1,4 miljoonaa, oli ty\u00f6el\u00e4kkeen saajia. Kyse on mittavasta joukosta Suomea ty\u00f6ll\u00e4\u00e4n rakentaneita ihmisi\u00e4. Kun asetamme oikeasti ty\u00f6n ja sen kannattavuuden etusijalle, silloin ei voi hyv\u00e4ksy\u00e4 el\u00e4kel\u00e4isten syrjint\u00e4\u00e4, eik\u00e4 heid\u00e4n verotuksensa kirist\u00e4mist\u00e4.<\/p>\n<p>On hyv\u00e4 my\u00f6s muistaa, ett\u00e4 ty\u00f6el\u00e4kkeen saajien ostovoimalla on vahva vaikutus talouden elpymist\u00e4 vauhdittavaan kotimaiseen kysynt\u00e4\u00e4n. Tavoite pit\u00e4\u00e4 olla, ett\u00e4 omalla el\u00e4kkeell\u00e4 voi tulla toimeen.<\/p>\n<p>Kokoomuksen verolinja l\u00e4htee palkansaajien ja el\u00e4kel\u00e4isten yhdenvertaisesta kohtelusta. Me tekisimme ensi vaalikaudella valtion tuloveroasteikkoon 2 mrd:n euron ansiotuloveron kevennyksen. T\u00e4llainen tuloveroasteikkoon teht\u00e4v\u00e4 veronkevennys kohdistuu t\u00e4ysin yhdenvertaisesti niin palkka- kuin el\u00e4ketuloonkin. Kokoomuksen mallista, jossa ty\u00f6 ja sen kannattavuus asetetaan etusijalle, hy\u00f6tyisiv\u00e4t kaikki pitk\u00e4n p\u00e4iv\u00e4ty\u00f6n tehneet el\u00e4kel\u00e4iset, jotka maksavat valtion tuloveroa.<\/p>\n<p>Ty\u00f6n linjaan sis\u00e4ltyv\u00e4n tuntuvan palkansaajiin ja el\u00e4kel\u00e4isiin yht\u00e4l\u00e4isesti kohdentuvan veronkevennyksen ehtona on se, ett\u00e4 ty\u00f6markkinoilla p\u00e4\u00e4st\u00e4\u00e4n sopuun eritt\u00e4in maltillisista palkankorotuksista. Yhteist\u00e4 is\u00e4nmaatamme rakentaneita el\u00e4kel\u00e4isi\u00e4 on kohdeltava yhdenvertaisesti ja syrjim\u00e4tt\u00f6m\u00e4sti palkansaajien kanssa. Siksi veronkevennysten on, vastoin keskustan ehdotusta, kohdistuttava my\u00f6s el\u00e4kkeensaajille.<\/p>\n<p>Kokoomus ehdottaa ja pit\u00e4\u00e4 t\u00e4rke\u00e4n\u00e4, ett\u00e4 ty\u00f6el\u00e4kkeisiin ei ensi vaalikaudella kohdisteta indeksileikkauksia, vaikka talouden vaikeissa s\u00e4\u00e4st\u00f6talkoissa on indeksileikkauksia oltava valmis tekem\u00e4\u00e4n my\u00f6s sosiaalisiin tulonsiirtoihin. Kipeit\u00e4 ratkaisuja tehd\u00e4\u00e4n, jotta uutta ty\u00f6t\u00e4 syntyisi. Ty\u00f6 on parasta sosiaaliturvaa.<\/p>\n<p>&nbsp;<\/p>\n<p>Sari Sarkomaa<br \/>\nkansanedustaja<br \/>\nwww.sarisarkomaa.fi<\/p>\n","protected":false},"excerpt":{"rendered":"<p>Vaalien alla puolueiden linjatessa tulevan eduskuntakauden tavoitteita nousee vahvasti esille el\u00e4kel\u00e4isten asia ja v\u00e4ltt\u00e4m\u00e4tt\u00f6myys turvata el\u00e4kkeiden ostovoima. Eik\u00e4 ihme. Ylikire\u00e4 verotuksemme yhdistettyn\u00e4 p\u00e4\u00e4kaupunkiseudun korkeisiin asumis- ja el\u00e4miskustannuksiin laittaa tavallisen ihmisen tiukoille. Tavallisella helsinkil\u00e4isell\u00e4 pit\u00e4\u00e4 olla varaa asua kotikaupungissaan. Siksi onkin ydinkysymys, millaisia verolinjoja puolueet aikovat tulevalla vaalikaudella ajaa. Me kokoomuslaiset olemme sitoutuneet linjaan, jossa ansiotuloveron <a href=\"https:\/\/www.sarisarkomaa.fi\/?p=4506\" class=\"more-link\">...jatka lukemista<span class=\"screen-reader-text\"> \"Miksi Sipil\u00e4n k\u00e4det ovat ty\u00f6el\u00e4kel\u00e4isten taskussa?\"<\/span><\/a><\/p>\n","protected":false},"author":1,"featured_media":0,"comment_status":"open","ping_status":"open","sticky":false,"template":"","format":"standard","meta":[],"categories":[8],"tags":[],"_links":{"self":[{"href":"https:\/\/www.sarisarkomaa.fi\/index.php?rest_route=\/wp\/v2\/posts\/4506"}],"collection":[{"href":"https:\/\/www.sarisarkomaa.fi\/index.php?rest_route=\/wp\/v2\/posts"}],"about":[{"href":"https:\/\/www.sarisarkomaa.fi\/index.php?rest_route=\/wp\/v2\/types\/post"}],"author":[{"embeddable":true,"href":"https:\/\/www.sarisarkomaa.fi\/index.php?rest_route=\/wp\/v2\/users\/1"}],"replies":[{"embeddable":true,"href":"https:\/\/www.sarisarkomaa.fi\/index.php?rest_route=%2Fwp%2Fv2%2Fcomments&post=4506"}],"version-history":[{"count":1,"href":"https:\/\/www.sarisarkomaa.fi\/index.php?rest_route=\/wp\/v2\/posts\/4506\/revisions"}],"predecessor-version":[{"id":4507,"href":"https:\/\/www.sarisarkomaa.fi\/index.php?rest_route=\/wp\/v2\/posts\/4506\/revisions\/4507"}],"wp:attachment":[{"href":"https:\/\/www.sarisarkomaa.fi\/index.php?rest_route=%2Fwp%2Fv2%2Fmedia&parent=4506"}],"wp:term":[{"taxonomy":"category","embeddable":true,"href":"https:\/\/www.sarisarkomaa.fi\/index.php?rest_route=%2Fwp%2Fv2%2Fcategories&post=4506"},{"taxonomy":"post_tag","embeddable":true,"href":"https:\/\/www.sarisarkomaa.fi\/index.php?rest_route=%2Fwp%2Fv2%2Ftags&post=4506"}],"curies":[{"name":"wp","href":"https:\/\/api.w.org\/{rel}","templated":true}]}}