{"id":4509,"date":"2015-04-02T15:25:59","date_gmt":"2015-04-02T13:25:59","guid":{"rendered":"http:\/\/www.sarisarkomaa.fi\/?p=4509"},"modified":"2015-04-02T15:25:59","modified_gmt":"2015-04-02T13:25:59","slug":"kokoomuksen-sarkomaa-miksi-sipilan-kadet-ovat-tyoelakelaisten-taskussa","status":"publish","type":"post","link":"https:\/\/www.sarisarkomaa.fi\/?p=4509","title":{"rendered":"Kokoomuksen Sarkomaa: Miksi Sipil\u00e4n k\u00e4det ovat ty\u00f6el\u00e4kel\u00e4isten taskussa?"},"content":{"rendered":"<p>tiedote 2.4.<br \/>\njulkaisuvapaa heti<\/p>\n<p>Kokoomuksen kansanedustaja Sari Sarkomaa toivoo keskustan Juha Sipil\u00e4n viel\u00e4 harkitsemaan kantaansa ty\u00f6el\u00e4kkeisiin liittyen.<\/p>\n<p>Keskustan veropoliittiset kovat linjaukset rankaisevat kovalla k\u00e4dell\u00e4 ty\u00f6el\u00e4kett\u00e4 saavia suomalaisia. Puolue ehdottaa ty\u00f6tulov\u00e4hennyksen korottamista 450 miljoonalla eurolla. T\u00e4m\u00e4n v\u00e4hennyksen saa tehd\u00e4 palkkatulosta, mutta sit\u00e4 ei voi tehd\u00e4 el\u00e4ketulosta. \u201dTy\u00f6t\u00e4 tehneet ty\u00f6el\u00e4kkeen saajat j\u00e4isiv\u00e4t kevennyksen ulkopuolelle. T\u00e4m\u00e4 k\u00e4rjist\u00e4isi eriarvoista kohtelua palkansaajien ja el\u00e4kel\u00e4isten verotuksessa\u201d, kansanedustaja toteaa.<\/p>\n<p>\u201dYlikire\u00e4 verotuksemme yhdistettyn\u00e4 p\u00e4\u00e4kaupunkiseudun korkeisiin asumis- ja el\u00e4miskustannuksiin laittaa tavallisen ihmisen tiukoille. Tavallisella helsinkil\u00e4isell\u00e4 pit\u00e4\u00e4 olla varaa asua kotikaupungissaan. Siksi onkin ydinkysymys, millaisia verolinjoja puolueet aikovat tulevalla vaalikaudella ajaa. Kokoomus sitoutuu ansiotuloveron kevennykseen siten, ett\u00e4 se kohdistuu yht\u00e4 lailla sek\u00e4 palkansaajiin ett\u00e4 el\u00e4kel\u00e4isiin. Aikoinaan tehdyn ty\u00f6n on kannatettava my\u00f6s el\u00e4kkeell\u00e4\u201d, Sarkomaa sanoo.<\/p>\n<p>Sarkomaa muistuttaa, ett\u00e4 keskustan veroehdotuksessa ei esitet\u00e4 mink\u00e4\u00e4nlaista korjausta, edes ns. inflaatiokorjausta, valtion tuloveroasteikkoon. N\u00e4in ollen keskusta kirist\u00e4isi kaikkien valtion tuloveroa maksavien ty\u00f6el\u00e4kel\u00e4isten verotusta, kun el\u00e4kkeet nousevat TEL-indeksin mukaisesti.<\/p>\n<p>El\u00e4kkeensaajia oli 2013 lopussa yhteens\u00e4 noin 1,5 miljoonaa, eli reilu nelj\u00e4nnes kaikista suomalaisista. Heist\u00e4 valtaosa, noin 1,4 miljoonaa, oli ty\u00f6el\u00e4kkeen saajia.<\/p>\n<p>\u201dOn pakko ihmetell\u00e4, miksi keskusta Juha Sipil\u00e4n johdolla haluaa olla erityisesti ty\u00f6el\u00e4kel\u00e4isten kimpussa. Kyse on mittavasta joukosta Suomea ty\u00f6ll\u00e4\u00e4n rakentaneita ihmisi\u00e4. Kun asetamme oikeasti ty\u00f6n ja sen kannattavuuden etusijalle, silloin ei voi hyv\u00e4ksy\u00e4 el\u00e4kel\u00e4isten syrjint\u00e4\u00e4, eik\u00e4 heid\u00e4n verotuksensa kirist\u00e4mist\u00e4\u201d, kansanedustaja linjaa.<\/p>\n<p>Sarkomaan mukaan kokoomus ehdottaa my\u00f6s, ett\u00e4 ty\u00f6el\u00e4kkeisiin ei ensi vaalikaudella kohdisteta indeksileikkauksia, vaikka puolue on valmis tekem\u00e4\u00e4n niit\u00e4 tulonsiirtoihin.<\/p>\n<p>\u201dOn hyv\u00e4 my\u00f6s muistaa, ett\u00e4 ty\u00f6el\u00e4kkeen saajien ostovoimalla on vahva vaikutus talouden elpymist\u00e4 vauhdittavaan kotimaiseen kysynt\u00e4\u00e4n\u201d, Sarkomaa p\u00e4\u00e4tt\u00e4\u00e4.<\/p>\n<p>&nbsp;<\/p>\n<p>lis\u00e4tietoja:<br \/>\nSari Sarkomaa<br \/>\n050 5113033<\/p>\n<p>&nbsp;<\/p>\n","protected":false},"excerpt":{"rendered":"<p>tiedote 2.4. julkaisuvapaa heti Kokoomuksen kansanedustaja Sari Sarkomaa toivoo keskustan Juha Sipil\u00e4n viel\u00e4 harkitsemaan kantaansa ty\u00f6el\u00e4kkeisiin liittyen. Keskustan veropoliittiset kovat linjaukset rankaisevat kovalla k\u00e4dell\u00e4 ty\u00f6el\u00e4kett\u00e4 saavia suomalaisia. Puolue ehdottaa ty\u00f6tulov\u00e4hennyksen korottamista 450 miljoonalla eurolla. T\u00e4m\u00e4n v\u00e4hennyksen saa tehd\u00e4 palkkatulosta, mutta sit\u00e4 ei voi tehd\u00e4 el\u00e4ketulosta. \u201dTy\u00f6t\u00e4 tehneet ty\u00f6el\u00e4kkeen saajat j\u00e4isiv\u00e4t kevennyksen ulkopuolelle. T\u00e4m\u00e4 k\u00e4rjist\u00e4isi eriarvoista <a href=\"https:\/\/www.sarisarkomaa.fi\/?p=4509\" class=\"more-link\">...jatka lukemista<span class=\"screen-reader-text\"> \"Kokoomuksen Sarkomaa: Miksi Sipil\u00e4n k\u00e4det ovat ty\u00f6el\u00e4kel\u00e4isten taskussa?\"<\/span><\/a><\/p>\n","protected":false},"author":1,"featured_media":0,"comment_status":"open","ping_status":"open","sticky":false,"template":"","format":"standard","meta":[],"categories":[4],"tags":[],"_links":{"self":[{"href":"https:\/\/www.sarisarkomaa.fi\/index.php?rest_route=\/wp\/v2\/posts\/4509"}],"collection":[{"href":"https:\/\/www.sarisarkomaa.fi\/index.php?rest_route=\/wp\/v2\/posts"}],"about":[{"href":"https:\/\/www.sarisarkomaa.fi\/index.php?rest_route=\/wp\/v2\/types\/post"}],"author":[{"embeddable":true,"href":"https:\/\/www.sarisarkomaa.fi\/index.php?rest_route=\/wp\/v2\/users\/1"}],"replies":[{"embeddable":true,"href":"https:\/\/www.sarisarkomaa.fi\/index.php?rest_route=%2Fwp%2Fv2%2Fcomments&post=4509"}],"version-history":[{"count":2,"href":"https:\/\/www.sarisarkomaa.fi\/index.php?rest_route=\/wp\/v2\/posts\/4509\/revisions"}],"predecessor-version":[{"id":4511,"href":"https:\/\/www.sarisarkomaa.fi\/index.php?rest_route=\/wp\/v2\/posts\/4509\/revisions\/4511"}],"wp:attachment":[{"href":"https:\/\/www.sarisarkomaa.fi\/index.php?rest_route=%2Fwp%2Fv2%2Fmedia&parent=4509"}],"wp:term":[{"taxonomy":"category","embeddable":true,"href":"https:\/\/www.sarisarkomaa.fi\/index.php?rest_route=%2Fwp%2Fv2%2Fcategories&post=4509"},{"taxonomy":"post_tag","embeddable":true,"href":"https:\/\/www.sarisarkomaa.fi\/index.php?rest_route=%2Fwp%2Fv2%2Ftags&post=4509"}],"curies":[{"name":"wp","href":"https:\/\/api.w.org\/{rel}","templated":true}]}}