{"id":461,"date":"2011-03-11T20:31:36","date_gmt":"2011-03-11T18:31:36","guid":{"rendered":"http:\/\/www.kaikupuro.fi\/SariSarkomaa\/?p=461"},"modified":"2011-03-11T20:31:36","modified_gmt":"2011-03-11T18:31:36","slug":"tehdyn-tyon-kannatettava-elakkeellakin","status":"publish","type":"post","link":"https:\/\/www.sarisarkomaa.fi\/?p=461","title":{"rendered":"Tehdyn ty\u00f6n kannatettava el\u00e4kkeell\u00e4kin"},"content":{"rendered":"<p>20.1.2011 Kaupunkisanomat<\/p>\n<p>Alivaltiosihteeri Hetem\u00e4en johtama verotuksen kehitt\u00e4misty\u00f6ryhm\u00e4 on hiljattain j\u00e4tt\u00e4nyt loppuporttinsa. Ty\u00f6ryhm\u00e4 on tehnyt ty\u00f6t\u00e4 ahkerasti mutta kaikesta ei ty\u00f6ryhm\u00e4n kanssa voi olla samaa mielt\u00e4. Yksi n\u00e4ist\u00e4 suurista erimielisyyksist\u00e4 on el\u00e4kel\u00e4isten verokohtelu. Raportissa ehdotetaan vain palkansaajien veron alentamista, mik\u00e4 merkitsisi el\u00e4kel\u00e4isten verotuksen kiristymist\u00e4 suhteessa palkansaajiin. N\u00e4in ep\u00e4reilua ehdotusta ei tule hyv\u00e4ksy\u00e4.<\/p>\n<p>Toteutuessaan Hetem\u00e4en ty\u00f6ryhm\u00e4n esitys olisi t\u00e4ysi suunnanmuutos nykyisen hallituksen politiikalle, joka on nimenomaan urakoinut ep\u00e4reilun veroeron poistamiseksi. 90-luvun lamassahan palkansaajien ja el\u00e4kel\u00e4isten veroeron annettiin kasvaa ja sit\u00e4 virhett\u00e4 on t\u00e4ll\u00e4 vaalikaudella korjattu.<\/p>\n<p>Kokoomus nosti ensimm\u00e4isen\u00e4 keskusteluun el\u00e4kkeiden verotuksen oikeudenmukaisuuskysymyksen ja lupasi poistaa perusteettoman el\u00e4kel\u00e4isten ja palkansaajien veroeron.\u00a0 Viime vaalien alla per\u00e4\u00e4nkuuluttamamme uudistus toteutettiin heti nykyisen hallituksen ensimm\u00e4isen budjetin yhteydess\u00e4. Vuonna 2008 pieni- ja keskituloisten el\u00e4kel\u00e4isten verotus laskettiin palkansaajien verotuksen tasolle tai sen alle uudistamalla el\u00e4ketulov\u00e4hennyst\u00e4. Vastaavat el\u00e4ketulov\u00e4hennyksen tarkistukset on tehty niin 2009, 2010 kuin 2011 verotuksessa. Vuonna 2009 korjattiin my\u00f6s el\u00e4kel\u00e4ispuolisoita koskenut ep\u00e4kohta veroasteessa. Jatkossakin on huolehdittava siit\u00e4, etteiv\u00e4t el\u00e4kel\u00e4iset maksa miss\u00e4\u00e4n tuloluokissa enemm\u00e4n veroa kuin palkansaajat.<\/p>\n<p>Se, millaisia veromuutoksia, veronalennuksia tai verotuksen painopisteen siirtoja tehd\u00e4\u00e4n tulevaisuudessa, ratkaistaan ainakin p\u00e4\u00e4linjoiltaan eduskuntavaaleissa ja hallitusneuvotteluissa. Kokoomus julkaisee verokantansa tammi-helmikuussa niin, ett\u00e4 verolinjauksista ehdit\u00e4\u00e4n k\u00e4yd\u00e4 kunnollinen keskustelu hyviss\u00e4 ajoin ennen vaaleja.<\/p>\n<p>Edess\u00e4 on vastuunkantoa ja vaikeita p\u00e4\u00e4t\u00f6ksi\u00e4. Talouden vakauttaminen on vaikeaa mutta v\u00e4ltt\u00e4m\u00e4t\u00f6nt\u00e4. Emme saa ahnehtia tulevien sukupolvien mahdollisuuksia. Vastuullinen kansa ei maksata velkojaan lapsenlapsillaan. Valtion talouden tasapainottaminen on teht\u00e4v\u00e4 niin, ett\u00e4 toimet ovat oikeudenmukaisia eri sukupolville. Tarvitsemme ennen kaikkea toimia, jotka edist\u00e4v\u00e4t kest\u00e4v\u00e4\u00e4 kasvua ja uusien ty\u00f6paikkojen sek\u00e4 yritysten syntymist\u00e4, sek\u00e4 uudistuksia, jotka tekev\u00e4t kaikesta ty\u00f6st\u00e4 ja yritt\u00e4misest\u00e4 kannattavaa. T\u00e4ss\u00e4 ty\u00f6ss\u00e4 verotuksella on t\u00e4rke\u00e4 rooli. Tehdyn ty\u00f6n arvon on s\u00e4ilytt\u00e4v\u00e4 kohtuudella my\u00f6s el\u00e4kkeelle siirtymisen j\u00e4lkeen.<\/p>\n<p>Sari Sarkomaa<br \/>\nkansanedustaja<\/p>\n","protected":false},"excerpt":{"rendered":"<p>20.1.2011 Kaupunkisanomat Alivaltiosihteeri Hetem\u00e4en johtama verotuksen kehitt\u00e4misty\u00f6ryhm\u00e4 on hiljattain j\u00e4tt\u00e4nyt loppuporttinsa. Ty\u00f6ryhm\u00e4 on tehnyt ty\u00f6t\u00e4 ahkerasti mutta kaikesta ei ty\u00f6ryhm\u00e4n kanssa voi olla samaa mielt\u00e4. Yksi n\u00e4ist\u00e4 suurista erimielisyyksist\u00e4 on el\u00e4kel\u00e4isten verokohtelu. Raportissa ehdotetaan vain palkansaajien veron alentamista, mik\u00e4 merkitsisi el\u00e4kel\u00e4isten verotuksen kiristymist\u00e4 suhteessa palkansaajiin. N\u00e4in ep\u00e4reilua ehdotusta ei tule hyv\u00e4ksy\u00e4. Toteutuessaan Hetem\u00e4en ty\u00f6ryhm\u00e4n esitys <a href=\"https:\/\/www.sarisarkomaa.fi\/?p=461\" class=\"more-link\">...jatka lukemista<span class=\"screen-reader-text\"> \"Tehdyn ty\u00f6n kannatettava el\u00e4kkeell\u00e4kin\"<\/span><\/a><\/p>\n","protected":false},"author":1,"featured_media":0,"comment_status":"closed","ping_status":"closed","sticky":false,"template":"","format":"standard","meta":[],"categories":[5],"tags":[],"_links":{"self":[{"href":"https:\/\/www.sarisarkomaa.fi\/index.php?rest_route=\/wp\/v2\/posts\/461"}],"collection":[{"href":"https:\/\/www.sarisarkomaa.fi\/index.php?rest_route=\/wp\/v2\/posts"}],"about":[{"href":"https:\/\/www.sarisarkomaa.fi\/index.php?rest_route=\/wp\/v2\/types\/post"}],"author":[{"embeddable":true,"href":"https:\/\/www.sarisarkomaa.fi\/index.php?rest_route=\/wp\/v2\/users\/1"}],"replies":[{"embeddable":true,"href":"https:\/\/www.sarisarkomaa.fi\/index.php?rest_route=%2Fwp%2Fv2%2Fcomments&post=461"}],"version-history":[{"count":1,"href":"https:\/\/www.sarisarkomaa.fi\/index.php?rest_route=\/wp\/v2\/posts\/461\/revisions"}],"predecessor-version":[{"id":462,"href":"https:\/\/www.sarisarkomaa.fi\/index.php?rest_route=\/wp\/v2\/posts\/461\/revisions\/462"}],"wp:attachment":[{"href":"https:\/\/www.sarisarkomaa.fi\/index.php?rest_route=%2Fwp%2Fv2%2Fmedia&parent=461"}],"wp:term":[{"taxonomy":"category","embeddable":true,"href":"https:\/\/www.sarisarkomaa.fi\/index.php?rest_route=%2Fwp%2Fv2%2Fcategories&post=461"},{"taxonomy":"post_tag","embeddable":true,"href":"https:\/\/www.sarisarkomaa.fi\/index.php?rest_route=%2Fwp%2Fv2%2Ftags&post=461"}],"curies":[{"name":"wp","href":"https:\/\/api.w.org\/{rel}","templated":true}]}}