{"id":4677,"date":"2015-06-30T16:52:19","date_gmt":"2015-06-30T14:52:19","guid":{"rendered":"http:\/\/www.sarisarkomaa.fi\/?p=4677"},"modified":"2015-06-30T16:52:19","modified_gmt":"2015-06-30T14:52:19","slug":"kesakuun-kuukausikirje-2","status":"publish","type":"post","link":"https:\/\/www.sarisarkomaa.fi\/?p=4677","title":{"rendered":"Kes\u00e4kuun kuukausikirje"},"content":{"rendered":"<p>Tervehdys eduskunnasta!<\/p>\n<p>T\u00e4n\u00e4\u00e4n tiistaina oli eduskuntaryhm\u00e4mme viimeinen kokous ennen istuntotaukoa. K\u00e4vimme valtiovarainministeri Stubbin johdolla l\u00e4pi ajankohtaista Kreikan tilannetta mutta my\u00f6s Suomen haastavaa taloustilannetta. Parhaillaan valmistelemme hallitusohjelman toimintasuunnitelmaa, josta oli eilen ensimm\u00e4iset neuvottelut. Valmista pit\u00e4\u00e4 olla elokuun lopussa.<br \/>\nEduskuntaryhm\u00e4mme on j\u00e4rjest\u00e4ytynyt uudistetulla tavalla ja joka hallinnonalalle on valittu vastuuhenkil\u00f6, joko ministeri tai kansanedustaja. Minun vastuullani on sosiaali- ja terveysministeri\u00f6n asiat. Elokuun aikana valmistellaan my\u00f6s t\u00e4m\u00e4n hallituksen ensimm\u00e4inen talousarvioesitys ja t\u00e4ss\u00e4 ty\u00f6ss\u00e4 me valtiovarainvaliokunnan j\u00e4senet olemme vahvasti mukana valtiovarainministerimme taustaryhm\u00e4n\u00e4.<\/p>\n<p>Elokuussa olen mukana sosiaali- ja terveysvaliokunnan matkalla Pohjois-Karjalassa. K\u00e4yn siell\u00e4 tutustumassa my\u00f6s alueellistettuun Fimean toimipisteeseen.<a href=\"http:\/\/www.sarisarkomaa.fi\/?p=4666\"> Olen tehnyt ty\u00f6t\u00e4 sen eteen, ett\u00e4 kompuroinut alueellistamisprosessi saataisiin viisaasti p\u00e4\u00e4tepisteeseen. <\/a><\/p>\n<p>Kela toimii eduskunnan valvonnassa. <a href=\"http:\/\/www.sarisarkomaa.fi\/?p=4672\">Aloitin Kelan valtuutettujen puheenjohtajana. <\/a><\/p>\n<p>Vierailen hein\u00e4kuussa Suomi Areenassa Porissa 15.-16.7. Elokuun lopussa olen tietenkin mukana my\u00f6s Venetsialaisissa Helsingiss\u00e4. Ja syyskuun alussa eduskuntaryhm\u00e4mme vierailee H\u00e4meess\u00e4, jossa pid\u00e4mme kes\u00e4kokouksemme.<\/p>\n<p>P\u00e4\u00e4osin hein\u00e4kuussa lomailen It\u00e4meren ja Saimaan aalloilla ja elokuussa olen taas t\u00e4ysipainoisesti ty\u00f6n \u00e4\u00e4ress\u00e4.<\/p>\n<p>&nbsp;<\/p>\n<p>Aurinkoista kes\u00e4\u00e4!<\/p>\n<p>Sari Sarkomaa<\/p>\n","protected":false},"excerpt":{"rendered":"<p>Tervehdys eduskunnasta! T\u00e4n\u00e4\u00e4n tiistaina oli eduskuntaryhm\u00e4mme viimeinen kokous ennen istuntotaukoa. K\u00e4vimme valtiovarainministeri Stubbin johdolla l\u00e4pi ajankohtaista Kreikan tilannetta mutta my\u00f6s Suomen haastavaa taloustilannetta. Parhaillaan valmistelemme hallitusohjelman toimintasuunnitelmaa, josta oli eilen ensimm\u00e4iset neuvottelut. Valmista pit\u00e4\u00e4 olla elokuun lopussa. Eduskuntaryhm\u00e4mme on j\u00e4rjest\u00e4ytynyt uudistetulla tavalla ja joka hallinnonalalle on valittu vastuuhenkil\u00f6, joko ministeri tai kansanedustaja. Minun vastuullani on <a href=\"https:\/\/www.sarisarkomaa.fi\/?p=4677\" class=\"more-link\">...jatka lukemista<span class=\"screen-reader-text\"> \"Kes\u00e4kuun kuukausikirje\"<\/span><\/a><\/p>\n","protected":false},"author":1,"featured_media":0,"comment_status":"closed","ping_status":"open","sticky":false,"template":"","format":"standard","meta":[],"categories":[6],"tags":[],"_links":{"self":[{"href":"https:\/\/www.sarisarkomaa.fi\/index.php?rest_route=\/wp\/v2\/posts\/4677"}],"collection":[{"href":"https:\/\/www.sarisarkomaa.fi\/index.php?rest_route=\/wp\/v2\/posts"}],"about":[{"href":"https:\/\/www.sarisarkomaa.fi\/index.php?rest_route=\/wp\/v2\/types\/post"}],"author":[{"embeddable":true,"href":"https:\/\/www.sarisarkomaa.fi\/index.php?rest_route=\/wp\/v2\/users\/1"}],"replies":[{"embeddable":true,"href":"https:\/\/www.sarisarkomaa.fi\/index.php?rest_route=%2Fwp%2Fv2%2Fcomments&post=4677"}],"version-history":[{"count":1,"href":"https:\/\/www.sarisarkomaa.fi\/index.php?rest_route=\/wp\/v2\/posts\/4677\/revisions"}],"predecessor-version":[{"id":4678,"href":"https:\/\/www.sarisarkomaa.fi\/index.php?rest_route=\/wp\/v2\/posts\/4677\/revisions\/4678"}],"wp:attachment":[{"href":"https:\/\/www.sarisarkomaa.fi\/index.php?rest_route=%2Fwp%2Fv2%2Fmedia&parent=4677"}],"wp:term":[{"taxonomy":"category","embeddable":true,"href":"https:\/\/www.sarisarkomaa.fi\/index.php?rest_route=%2Fwp%2Fv2%2Fcategories&post=4677"},{"taxonomy":"post_tag","embeddable":true,"href":"https:\/\/www.sarisarkomaa.fi\/index.php?rest_route=%2Fwp%2Fv2%2Ftags&post=4677"}],"curies":[{"name":"wp","href":"https:\/\/api.w.org\/{rel}","templated":true}]}}