{"id":490,"date":"2011-03-11T21:00:12","date_gmt":"2011-03-11T19:00:12","guid":{"rendered":"http:\/\/www.kaikupuro.fi\/SariSarkomaa\/?p=490"},"modified":"2011-03-11T21:00:12","modified_gmt":"2011-03-11T19:00:12","slug":"firman-piikkiin-mutta-ei-isien-vaan-aitien","status":"publish","type":"post","link":"https:\/\/www.sarisarkomaa.fi\/?p=490","title":{"rendered":"Firman piikkiin, mutta ei isien vaan \u00e4itien"},"content":{"rendered":"<p>11.03.2011 <a href=\"http:\/\/kokoomus.blogit.kauppalehti.fi\/blog\/22694\/firman-piikkiin-mutta-ei-isien-vaan-aitien\">http:\/\/kokoomus.blogit.kauppalehti.fi\/blog\/22694\/firman-piikkiin-mutta-ei-isien-vaan-aitien<\/a><\/p>\n<p>Raskaus ei ole ty\u00f6per\u00e4inen sairaus, eik\u00e4 mik\u00e4\u00e4n muukaan ty\u00f6st\u00e4 aiheutuva kustannus. Ei ole mit\u00e4\u00e4n j\u00e4rkev\u00e4\u00e4 syyt\u00e4 sille, miksi nimenomaan naisten ty\u00f6nantajien pit\u00e4isi korvata vanhemmuuden kustannukset. Tilanne on t\u00e4ysin ep\u00e4oikeudenmukainen ja kohtuuton.<\/p>\n<p>Eilen raporttinsa luovuttaneen vanhempainvapaaty\u00f6ryhm\u00e4n lopputulos j\u00e4i torsoksi. Ty\u00f6ryhm\u00e4 ei jatkoajasta huolimatta kyennyt esitt\u00e4m\u00e4\u00e4n yksimielist\u00e4 mallia vanhemmuuden kustannusasian ratkaisemiseksi, vaikka se oli nimenomaan yksi ty\u00f6ryhm\u00e4n toimeksianto. T\u00e4m\u00e4 oli iso pettymys, sill\u00e4 niin Vanhasen II, kuin nykyisen Kiviniemen hallitusohjelmissa on selke\u00e4sanaisesti luvattu edet\u00e4 asiassa.<\/p>\n<p>Merkitt\u00e4v\u00e4 syy keskeisen hallitusohjelmalupauksen lunastamatta j\u00e4tt\u00e4miseen on siin\u00e4, ett\u00e4 asiasta aikoinaan vastannut ministeri Hyss\u00e4l\u00e4 vitkutteli ty\u00f6ryhm\u00e4n perustamista. Lis\u00e4ksi ty\u00f6ryhm\u00e4lle annettiin jatkoaikaa ja lupa ty\u00f6n venytt\u00e4miseen. N\u00e4in ty\u00f6ryhm\u00e4n ty\u00f6 valmistui muutamaa p\u00e4iv\u00e4\u00e4 ennen eduskunnan vaalitaukoa. T\u00e4m\u00e4 merkitsee sit\u00e4, ett\u00e4 asia ei k\u00e4yt\u00e4nn\u00f6ss\u00e4 t\u00e4m\u00e4n hallituksen toimesta etene mihink\u00e4\u00e4n.<\/p>\n<p>Yhteisymm\u00e4rryksen puutetta vanhemmuuden kustannusasiassa on ty\u00f6ryhm\u00e4n puolelta julkisuudessa perusteltu sill\u00e4, ett\u00e4 \"ty\u00f6nantajat eiv\u00e4t halua lis\u00e4maksuja ja valtiontalous on kire\u00e4ll\u00e4\". Perustelu on k\u00e4sitt\u00e4m\u00e4t\u00f6n. Joka tapauksessa kustannukset joku maksaa jo nyt ja se \u201djoku\u201d on perhevapaita k\u00e4ytt\u00e4vien naisten ty\u00f6nantajat. Maksumiehi\u00e4 ovat my\u00f6s naiset. Niin kauan kuin naisesta aiheutuu ty\u00f6nantajalle enemm\u00e4n kustannuksia kuin miehest\u00e4, jatkuu naisten syrjint\u00e4 ty\u00f6markkinoilla. T\u00e4m\u00e4 n\u00e4kyy ja tuntuu kovalla tavalla naisten palkassa sek\u00e4 ty\u00f6suhteissa p\u00e4tk\u00e4t\u00f6in\u00e4 sek\u00e4 estein\u00e4 edet\u00e4 uralla.<\/p>\n<p>On v\u00e4ltt\u00e4m\u00e4t\u00f6nt\u00e4, ett\u00e4 seuraava hallitus istuu alas yhdess\u00e4 ty\u00f6markkinaj\u00e4rjest\u00f6jen kanssa ja valmistelee viipym\u00e4tt\u00e4 esitykset vanhemmuuden kustannusasian ratkaisemiseksi. Vanhemmuuden kustannusasian pallottelu ty\u00f6ryhm\u00e4st\u00e4 toiseen on lopetettava. Ty\u00f6ryhmi\u00e4 asian tiimoilta on ollut jo yli tarpeen.<\/p>\n<p>Kyse ei ole vain tasa-arvon h\u00e4pe\u00e4tahrasta vaan my\u00f6s merkitt\u00e4v\u00e4st\u00e4 yritt\u00e4jyyden jarrusta. Vanhemmuuden kustannuksista aiheutuva \"\u00e4itiriski\" n\u00e4kyy naisvaltaisten yritysten kannattavuudessa ja ty\u00f6llist\u00e4mismahdollisuuksissa. T\u00e4h\u00e4n ei Suomella olisi varaa. Tarvitsisimme kipe\u00e4sti jokaisen ty\u00f6paikan ja yrityksen.<\/p>\n<p>Vanhemmuuden kustannusten jakaminen on tehokas t\u00e4sm\u00e4toimi harmaantuvassa ja taloushaasteiden kourissa kamppailevassa Suomessa. Suomessa yritt\u00e4jist\u00e4 naisia on vain 30 prosenttia. Me tarvitsemme naisvaltaisille aloille enemm\u00e4n yritt\u00e4ji\u00e4 ja yritt\u00e4ji\u00e4 ty\u00f6nantajiksi sek\u00e4 my\u00f6s lis\u00e4\u00e4 lapsia.<\/p>\n","protected":false},"excerpt":{"rendered":"<p>11.03.2011 http:\/\/kokoomus.blogit.kauppalehti.fi\/blog\/22694\/firman-piikkiin-mutta-ei-isien-vaan-aitien Raskaus ei ole ty\u00f6per\u00e4inen sairaus, eik\u00e4 mik\u00e4\u00e4n muukaan ty\u00f6st\u00e4 aiheutuva kustannus. Ei ole mit\u00e4\u00e4n j\u00e4rkev\u00e4\u00e4 syyt\u00e4 sille, miksi nimenomaan naisten ty\u00f6nantajien pit\u00e4isi korvata vanhemmuuden kustannukset. Tilanne on t\u00e4ysin ep\u00e4oikeudenmukainen ja kohtuuton. Eilen raporttinsa luovuttaneen vanhempainvapaaty\u00f6ryhm\u00e4n lopputulos j\u00e4i torsoksi. Ty\u00f6ryhm\u00e4 ei jatkoajasta huolimatta kyennyt esitt\u00e4m\u00e4\u00e4n yksimielist\u00e4 mallia vanhemmuuden kustannusasian ratkaisemiseksi, vaikka se oli nimenomaan <a href=\"https:\/\/www.sarisarkomaa.fi\/?p=490\" class=\"more-link\">...jatka lukemista<span class=\"screen-reader-text\"> \"Firman piikkiin, mutta ei isien vaan \u00e4itien\"<\/span><\/a><\/p>\n","protected":false},"author":1,"featured_media":0,"comment_status":"closed","ping_status":"closed","sticky":false,"template":"","format":"standard","meta":[],"categories":[8],"tags":[],"_links":{"self":[{"href":"https:\/\/www.sarisarkomaa.fi\/index.php?rest_route=\/wp\/v2\/posts\/490"}],"collection":[{"href":"https:\/\/www.sarisarkomaa.fi\/index.php?rest_route=\/wp\/v2\/posts"}],"about":[{"href":"https:\/\/www.sarisarkomaa.fi\/index.php?rest_route=\/wp\/v2\/types\/post"}],"author":[{"embeddable":true,"href":"https:\/\/www.sarisarkomaa.fi\/index.php?rest_route=\/wp\/v2\/users\/1"}],"replies":[{"embeddable":true,"href":"https:\/\/www.sarisarkomaa.fi\/index.php?rest_route=%2Fwp%2Fv2%2Fcomments&post=490"}],"version-history":[{"count":2,"href":"https:\/\/www.sarisarkomaa.fi\/index.php?rest_route=\/wp\/v2\/posts\/490\/revisions"}],"predecessor-version":[{"id":492,"href":"https:\/\/www.sarisarkomaa.fi\/index.php?rest_route=\/wp\/v2\/posts\/490\/revisions\/492"}],"wp:attachment":[{"href":"https:\/\/www.sarisarkomaa.fi\/index.php?rest_route=%2Fwp%2Fv2%2Fmedia&parent=490"}],"wp:term":[{"taxonomy":"category","embeddable":true,"href":"https:\/\/www.sarisarkomaa.fi\/index.php?rest_route=%2Fwp%2Fv2%2Fcategories&post=490"},{"taxonomy":"post_tag","embeddable":true,"href":"https:\/\/www.sarisarkomaa.fi\/index.php?rest_route=%2Fwp%2Fv2%2Ftags&post=490"}],"curies":[{"name":"wp","href":"https:\/\/api.w.org\/{rel}","templated":true}]}}