{"id":5025,"date":"2016-02-15T17:13:34","date_gmt":"2016-02-15T15:13:34","guid":{"rendered":"http:\/\/www.sarisarkomaa.fi\/?p=5025"},"modified":"2016-02-15T17:13:34","modified_gmt":"2016-02-15T15:13:34","slug":"kiitos-opetusministerille-ylioppilastutkintolautakunnan-taydentamisesta","status":"publish","type":"post","link":"https:\/\/www.sarisarkomaa.fi\/?p=5025","title":{"rendered":"Kiitos opetusministerille Ylioppilastutkintolautakunnan t\u00e4ydent\u00e4misest\u00e4"},"content":{"rendered":"<p>Tiedote 15.2.2016<br \/>\njulkaisuvapaa heti<\/p>\n<p>Kokoomuksen kansanedustaja Sari Sarkomaa iloitsee tuoreesta opetusministeri\u00f6n p\u00e4\u00e4t\u00f6ksest\u00e4 vahvistaa Ylioppilastutkintolautakuntaa (YTL) kuluvaksi toimikaudeksi 2016 \u2013 2018. P\u00e4\u00e4t\u00f6ksell\u00e4 laajennetaan eri oppiaineiden edustusta sek\u00e4 palautetaan Opetushallituksen edustus Ylioppilastutkintolautakuntaan. P\u00e4\u00e4t\u00f6s korjaa edellisen opetusministeri Kiurun laajasti kritisoidun p\u00e4\u00e4t\u00f6ksen leikata YTL:n kokoonpanoa.<\/p>\n<p>-T\u00e4ydennysp\u00e4\u00e4t\u00f6s oli viisas ja l\u00e4mpim\u00e4sti tervetullut, kiitt\u00e4\u00e4 Sarkomaa opetus- ja kulttuuriministeri Sanni Grahn-Laasosta.<\/p>\n<p>Opetus- ja kulttuuriministeri\u00f6 on t\u00e4n\u00e4\u00e4n vahvistanut ylioppilastutkintolautakuntaa nime\u00e4m\u00e4ll\u00e4 siihen uusia j\u00e4seni\u00e4. YTL valmistelee vuosina 2016 - 2018 ylioppilastutkinnon s\u00e4hk\u00f6ist\u00e4mist\u00e4 ja muita merkitt\u00e4vi\u00e4 uudistuksia. Ministeri Kiurun nimetess\u00e4 uutta ylioppilastutkintolautakuntaa lautakunnan j\u00e4senm\u00e4\u00e4r\u00e4\u00e4 v\u00e4hennettiin 39 j\u00e4senest\u00e4 18 j\u00e4seneen vuonna 2014, jolloin useat tutkintoaineet j\u00e4iv\u00e4t vaille edustajaa lautakunnassa.<\/p>\n<p>Opetusministeri Kiurun p\u00e4\u00e4t\u00f6st\u00e4 kritisoitiin laajasti ja silloiseen ministeriin vedottiin, ett\u00e4 t\u00e4m\u00e4 harkitsisi viel\u00e4 kerran ylioppilastutkintolautakunnan t\u00e4ydent\u00e4mist\u00e4 k\u00e4yt\u00e4nn\u00f6n lukioel\u00e4m\u00e4n asiantuntemuksen vahvistamiseksi. Erityisesti lakis\u00e4\u00e4teisesti lukiokoulutuksen kehitt\u00e4misest\u00e4 vastaavan opetushallituksen sulkeminen ylioppilastutkintolautakunnan ulkopuolelle her\u00e4tti ihmetyst\u00e4.<\/p>\n<p>Sarkomaa kritisoi silloisen opetusministerin YTL-leikkausta. Sarkomaa totesi tuolloin tiedotteessaan, ett\u00e4 ministerin p\u00e4\u00e4t\u00f6s nimitt\u00e4\u00e4 nykyist\u00e4 pienempi ja kapeamman osaamisen sis\u00e4lt\u00e4v\u00e4 lautakunta on huolestuttava. Silloin nimetyst\u00e4 lautakunnasta puuttui opetushallituksen ja kotimaisten kielten keskuksen edustus kokonaisuudessaan. Lis\u00e4ksi kielten opetuksen asiantuntijoiden m\u00e4\u00e4r\u00e4\u00e4 oli v\u00e4hennetty rajusti.<\/p>\n<p>-Ylioppilastutkinnon tulee olla laadukas lukion oppim\u00e4\u00e4r\u00e4n hallintaa ja soveltamista mittaava tutkinto. Tutkinto tulee toteuttaa niin yliopistojen, korkeakoulujen kuin opetushallituksen asiantuntemusta k\u00e4ytt\u00e4en, Sarkomaa sanoo.<\/p>\n<p>Sarkomaa pit\u00e4\u00e4 t\u00e4rke\u00e4n\u00e4 tuoretta opetusministeri\u00f6n p\u00e4\u00e4t\u00f6st\u00e4 todeten, ett\u00e4 ylioppilastutkintoa on kehitett\u00e4v\u00e4 jatkossakin samaan suuntaan muun lukiokoulutuksen kanssa. Ylioppilastutkinnon kehitt\u00e4misess\u00e4 on eritt\u00e4in t\u00e4rke\u00e4t\u00e4 pysty\u00e4 huomioimaan lukioiden k\u00e4yt\u00e4nn\u00f6n opetusty\u00f6st\u00e4 tulevat n\u00e4k\u00f6kulmat.<\/p>\n<p>-Nyt teht\u00e4v\u00e4ll\u00e4 j\u00e4senm\u00e4\u00e4r\u00e4n lis\u00e4yksell\u00e4 varmistetaan lautakunnan monipuolinen asiantuntemus ja riitt\u00e4v\u00e4 ty\u00f6voima merkitt\u00e4vien uudistusten toteuttamiseksi. P\u00e4\u00e4t\u00f6ksell\u00e4 vahvistetaan ja laajennetaan tutkintolautakunnan osaamista. Nimett\u00e4vist\u00e4 j\u00e4senist\u00e4 l\u00e4hes kaikilla on jo aikaisempaa kokemusta tutkintolautakunnan j\u00e4senyydest\u00e4, Sarkomaa p\u00e4\u00e4tt\u00e4\u00e4.<\/p>\n<p>Lis\u00e4tietoja:<br \/>\nSari Sarkomaa<br \/>\n050 511 3033<\/p>\n","protected":false},"excerpt":{"rendered":"<p>Tiedote 15.2.2016 julkaisuvapaa heti Kokoomuksen kansanedustaja Sari Sarkomaa iloitsee tuoreesta opetusministeri\u00f6n p\u00e4\u00e4t\u00f6ksest\u00e4 vahvistaa Ylioppilastutkintolautakuntaa (YTL) kuluvaksi toimikaudeksi 2016 \u2013 2018. P\u00e4\u00e4t\u00f6ksell\u00e4 laajennetaan eri oppiaineiden edustusta sek\u00e4 palautetaan Opetushallituksen edustus Ylioppilastutkintolautakuntaan. P\u00e4\u00e4t\u00f6s korjaa edellisen opetusministeri Kiurun laajasti kritisoidun p\u00e4\u00e4t\u00f6ksen leikata YTL:n kokoonpanoa. -T\u00e4ydennysp\u00e4\u00e4t\u00f6s oli viisas ja l\u00e4mpim\u00e4sti tervetullut, kiitt\u00e4\u00e4 Sarkomaa opetus- ja kulttuuriministeri Sanni Grahn-Laasosta. Opetus- <a href=\"https:\/\/www.sarisarkomaa.fi\/?p=5025\" class=\"more-link\">...jatka lukemista<span class=\"screen-reader-text\"> \"Kiitos opetusministerille Ylioppilastutkintolautakunnan t\u00e4ydent\u00e4misest\u00e4\"<\/span><\/a><\/p>\n","protected":false},"author":1,"featured_media":0,"comment_status":"closed","ping_status":"open","sticky":false,"template":"","format":"standard","meta":[],"categories":[4],"tags":[],"_links":{"self":[{"href":"https:\/\/www.sarisarkomaa.fi\/index.php?rest_route=\/wp\/v2\/posts\/5025"}],"collection":[{"href":"https:\/\/www.sarisarkomaa.fi\/index.php?rest_route=\/wp\/v2\/posts"}],"about":[{"href":"https:\/\/www.sarisarkomaa.fi\/index.php?rest_route=\/wp\/v2\/types\/post"}],"author":[{"embeddable":true,"href":"https:\/\/www.sarisarkomaa.fi\/index.php?rest_route=\/wp\/v2\/users\/1"}],"replies":[{"embeddable":true,"href":"https:\/\/www.sarisarkomaa.fi\/index.php?rest_route=%2Fwp%2Fv2%2Fcomments&post=5025"}],"version-history":[{"count":1,"href":"https:\/\/www.sarisarkomaa.fi\/index.php?rest_route=\/wp\/v2\/posts\/5025\/revisions"}],"predecessor-version":[{"id":5026,"href":"https:\/\/www.sarisarkomaa.fi\/index.php?rest_route=\/wp\/v2\/posts\/5025\/revisions\/5026"}],"wp:attachment":[{"href":"https:\/\/www.sarisarkomaa.fi\/index.php?rest_route=%2Fwp%2Fv2%2Fmedia&parent=5025"}],"wp:term":[{"taxonomy":"category","embeddable":true,"href":"https:\/\/www.sarisarkomaa.fi\/index.php?rest_route=%2Fwp%2Fv2%2Fcategories&post=5025"},{"taxonomy":"post_tag","embeddable":true,"href":"https:\/\/www.sarisarkomaa.fi\/index.php?rest_route=%2Fwp%2Fv2%2Ftags&post=5025"}],"curies":[{"name":"wp","href":"https:\/\/api.w.org\/{rel}","templated":true}]}}