{"id":5529,"date":"2016-08-04T12:59:49","date_gmt":"2016-08-04T10:59:49","guid":{"rendered":"http:\/\/www.sarisarkomaa.fi\/?p=5529"},"modified":"2016-09-05T17:12:14","modified_gmt":"2016-09-05T15:12:14","slug":"venetsialaiset-la-27-8-klo-17-00","status":"publish","type":"post","link":"https:\/\/www.sarisarkomaa.fi\/?p=5529","title":{"rendered":"Venetsialaiset la 27.8. klo 17.00"},"content":{"rendered":"<p><!--StartFragment--><\/p>\n<p><span style=\"font-size: small;\">Tervetuloa mukaan nauttimaan elokuisesta illasta mukavassa seurassa. Kes\u00e4n perinteist\u00e4 juhlaa Venetsialaisia vietet\u00e4\u00e4n <strong>Aurinkolahdessa la 27. elokuuta klo 17\u00a0<\/strong><\/span><span style=\"font-size: small;\"><strong>alkaen<\/strong>.\u00a0<\/span><span style=\"font-size: small;\">Toimin tilaisuuden\u00a0<\/span><span style=\"font-size: small;\">virallisena avaajana.<\/span><\/p>\n<div style=\"color: #000000; font-family: 'Segoe UI', Helvetica, Arial, sans-serif; font-size: medium; font-style: normal; font-variant: normal; font-weight: normal; letter-spacing: normal; line-height: normal; orphans: auto; text-align: start; text-indent: 0px; text-transform: none; white-space: normal; widows: 1; word-spacing: 0px; -webkit-text-stroke-width: 0px;\"><span style=\"font-size: small;\">Venetsialaiset tehd\u00e4\u00e4n laajassa yhteisty\u00f6ss\u00e4 yritysten, j\u00e4rjest\u00f6jen ja paikallisten toimijoiden kanssa.\u00a0<\/span><span style=\"font-size: small;\">Helsingin Venetsialaiset on maksuton kaiken ik\u00e4isten kes\u00e4tapahtuma, jonka tavoitteena on yhteis\u00f6llisyyden ja el\u00e4v\u00e4n kaupunkikulttuurin edist\u00e4minen.\u00a0<\/span><span style=\"font-size: small;\">Lis\u00e4tietoja tapahtumasta\u00a0<\/span><a href=\"https:\/\/www.facebook.com\/helsinginvenetsialaiset\/\"><span style=\"font-size: small;\">www.facebook.com\/helsinginvenetsialaiset\/<\/span><\/a><span style=\"font-size: small;\">.<\/span><\/div>\n<p><!--EndFragment--><\/p>\n","protected":false},"excerpt":{"rendered":"<p>Tervetuloa mukaan nauttimaan elokuisesta illasta mukavassa seurassa. Kes\u00e4n perinteist\u00e4 juhlaa Venetsialaisia vietet\u00e4\u00e4n Aurinkolahdessa la 27. elokuuta klo 17\u00a0alkaen.\u00a0Toimin tilaisuuden\u00a0virallisena avaajana. Venetsialaiset tehd\u00e4\u00e4n laajassa yhteisty\u00f6ss\u00e4 yritysten, j\u00e4rjest\u00f6jen ja paikallisten toimijoiden kanssa.\u00a0Helsingin Venetsialaiset on maksuton kaiken ik\u00e4isten kes\u00e4tapahtuma, jonka tavoitteena on yhteis\u00f6llisyyden ja el\u00e4v\u00e4n kaupunkikulttuurin edist\u00e4minen.\u00a0Lis\u00e4tietoja tapahtumasta\u00a0www.facebook.com\/helsinginvenetsialaiset\/.<\/p>\n","protected":false},"author":1,"featured_media":0,"comment_status":"closed","ping_status":"open","sticky":false,"template":"","format":"standard","meta":[],"categories":[5,19],"tags":[],"_links":{"self":[{"href":"https:\/\/www.sarisarkomaa.fi\/index.php?rest_route=\/wp\/v2\/posts\/5529"}],"collection":[{"href":"https:\/\/www.sarisarkomaa.fi\/index.php?rest_route=\/wp\/v2\/posts"}],"about":[{"href":"https:\/\/www.sarisarkomaa.fi\/index.php?rest_route=\/wp\/v2\/types\/post"}],"author":[{"embeddable":true,"href":"https:\/\/www.sarisarkomaa.fi\/index.php?rest_route=\/wp\/v2\/users\/1"}],"replies":[{"embeddable":true,"href":"https:\/\/www.sarisarkomaa.fi\/index.php?rest_route=%2Fwp%2Fv2%2Fcomments&post=5529"}],"version-history":[{"count":2,"href":"https:\/\/www.sarisarkomaa.fi\/index.php?rest_route=\/wp\/v2\/posts\/5529\/revisions"}],"predecessor-version":[{"id":5531,"href":"https:\/\/www.sarisarkomaa.fi\/index.php?rest_route=\/wp\/v2\/posts\/5529\/revisions\/5531"}],"wp:attachment":[{"href":"https:\/\/www.sarisarkomaa.fi\/index.php?rest_route=%2Fwp%2Fv2%2Fmedia&parent=5529"}],"wp:term":[{"taxonomy":"category","embeddable":true,"href":"https:\/\/www.sarisarkomaa.fi\/index.php?rest_route=%2Fwp%2Fv2%2Fcategories&post=5529"},{"taxonomy":"post_tag","embeddable":true,"href":"https:\/\/www.sarisarkomaa.fi\/index.php?rest_route=%2Fwp%2Fv2%2Ftags&post=5529"}],"curies":[{"name":"wp","href":"https:\/\/api.w.org\/{rel}","templated":true}]}}