{"id":5638,"date":"2016-09-12T09:05:11","date_gmt":"2016-09-12T07:05:11","guid":{"rendered":"http:\/\/www.sarisarkomaa.fi\/?p=5638"},"modified":"2016-09-12T09:05:11","modified_gmt":"2016-09-12T07:05:11","slug":"kelpo-polku-kavelytapahtuma-la-24-9","status":"publish","type":"post","link":"https:\/\/www.sarisarkomaa.fi\/?p=5638","title":{"rendered":"Kelpo polku -k\u00e4velytapahtuma la 24.9."},"content":{"rendered":"<h3>Tervetuloa k\u00e4velem\u00e4\u00e4n yhteisen asian puolesta!<\/h3>\n<p>Lauantaina 24. syyskuuta klo 12.00-15.00 j\u00e4rjestet\u00e4\u00e4n <a href=\"https:\/\/www.parkinson.fi\/valtakunnallinen-parkinson-kelpo-polku-kavely\">valtakunnallinen Parkinson - kelpo polku k\u00e4vely<\/a> Narinkkatorilla Helsingiss\u00e4.<\/p>\n<p>K\u00e4velytapahtumalla vahvistetaan Parkinsonin tautia sairastavien hoitopolkua lis\u00e4\u00e4m\u00e4ll\u00e4 tietoutta Parkinsonin taudista ja sen vaikutuksista sairastavien ja heid\u00e4n perheidens\u00e4 el\u00e4m\u00e4\u00e4n. Kelpohoitopolku -malli m\u00e4\u00e4rittelee suuntaviivat Parkinsonin taudin hyv\u00e4\u00e4n hoitoon.<\/p>\n<p>Tilaisuudessa puhujana muun muassa kansanedustaja Sari Sarkomaa aiheesta, miss\u00e4 sote-uudistuksessa luodaan hyv\u00e4n hoidon polkuja.<\/p>\n","protected":false},"excerpt":{"rendered":"<p>Tervetuloa k\u00e4velem\u00e4\u00e4n yhteisen asian puolesta! Lauantaina 24. syyskuuta klo 12.00-15.00 j\u00e4rjestet\u00e4\u00e4n valtakunnallinen Parkinson - kelpo polku k\u00e4vely Narinkkatorilla Helsingiss\u00e4. K\u00e4velytapahtumalla vahvistetaan Parkinsonin tautia sairastavien hoitopolkua lis\u00e4\u00e4m\u00e4ll\u00e4 tietoutta Parkinsonin taudista ja sen vaikutuksista sairastavien ja heid\u00e4n perheidens\u00e4 el\u00e4m\u00e4\u00e4n. Kelpohoitopolku -malli m\u00e4\u00e4rittelee suuntaviivat Parkinsonin taudin hyv\u00e4\u00e4n hoitoon. Tilaisuudessa puhujana muun muassa kansanedustaja Sari Sarkomaa aiheesta, miss\u00e4 sote-uudistuksessa <a href=\"https:\/\/www.sarisarkomaa.fi\/?p=5638\" class=\"more-link\">...jatka lukemista<span class=\"screen-reader-text\"> \"Kelpo polku -k\u00e4velytapahtuma la 24.9.\"<\/span><\/a><\/p>\n","protected":false},"author":1,"featured_media":0,"comment_status":"closed","ping_status":"open","sticky":false,"template":"","format":"standard","meta":[],"categories":[5],"tags":[],"_links":{"self":[{"href":"https:\/\/www.sarisarkomaa.fi\/index.php?rest_route=\/wp\/v2\/posts\/5638"}],"collection":[{"href":"https:\/\/www.sarisarkomaa.fi\/index.php?rest_route=\/wp\/v2\/posts"}],"about":[{"href":"https:\/\/www.sarisarkomaa.fi\/index.php?rest_route=\/wp\/v2\/types\/post"}],"author":[{"embeddable":true,"href":"https:\/\/www.sarisarkomaa.fi\/index.php?rest_route=\/wp\/v2\/users\/1"}],"replies":[{"embeddable":true,"href":"https:\/\/www.sarisarkomaa.fi\/index.php?rest_route=%2Fwp%2Fv2%2Fcomments&post=5638"}],"version-history":[{"count":2,"href":"https:\/\/www.sarisarkomaa.fi\/index.php?rest_route=\/wp\/v2\/posts\/5638\/revisions"}],"predecessor-version":[{"id":5640,"href":"https:\/\/www.sarisarkomaa.fi\/index.php?rest_route=\/wp\/v2\/posts\/5638\/revisions\/5640"}],"wp:attachment":[{"href":"https:\/\/www.sarisarkomaa.fi\/index.php?rest_route=%2Fwp%2Fv2%2Fmedia&parent=5638"}],"wp:term":[{"taxonomy":"category","embeddable":true,"href":"https:\/\/www.sarisarkomaa.fi\/index.php?rest_route=%2Fwp%2Fv2%2Fcategories&post=5638"},{"taxonomy":"post_tag","embeddable":true,"href":"https:\/\/www.sarisarkomaa.fi\/index.php?rest_route=%2Fwp%2Fv2%2Ftags&post=5638"}],"curies":[{"name":"wp","href":"https:\/\/api.w.org\/{rel}","templated":true}]}}