{"id":5697,"date":"2016-10-07T11:53:00","date_gmt":"2016-10-07T09:53:00","guid":{"rendered":"http:\/\/www.sarisarkomaa.fi\/?p=5697"},"modified":"2016-10-07T11:54:08","modified_gmt":"2016-10-07T09:54:08","slug":"muistisairaalla-oikeus-hyvaan-elamaan","status":"publish","type":"post","link":"https:\/\/www.sarisarkomaa.fi\/?p=5697","title":{"rendered":"Muistisairaalla oikeus hyv\u00e4\u00e4n el\u00e4m\u00e4\u00e4n"},"content":{"rendered":"<p>Muistiviikolla julkaistiin Muistiliiton johdolla uudistettu <a href=\"http:\/\/www.muistiliitto.fi\/fi\/alasivut\/ajankohtaista\/hyvan-hoidon-kriteeristo-julkaistu\/\">muistisairaan hyv\u00e4n hoidon kriteerist\u00f6<\/a>. Ty\u00f6 tehtiin yhteisty\u00f6ss\u00e4 Valviran ja Suomen muistiasiantuntijoiden sek\u00e4 useiden muiden yhteisty\u00f6tahojen kanssa. Hyv\u00e4n hoidon kriteerist\u00f6n teht\u00e4v\u00e4n\u00e4 on<em>\u00a0<\/em>varmistaa\u00a0muistisairaalle ihmiselle ja h\u00e4nen l\u00e4heisilleen laadukas kuntoutus, hoiva ja hoito yhten\u00e4isin ja yhdenvertaisin valtakunnallisin kriteerein. Muistiliiton varapuheenjohtajana teen ty\u00f6t\u00e4 sen eteen, ett\u00e4 hyv\u00e4 hoito toteutuisi jokaisen ihmisen kohdalla. Muistisairautta sairastavan ihmisen ja h\u00e4nen l\u00e4heistens\u00e4 hyvinvoinnin l\u00e4ht\u00f6kohtana tulee olla oikeus el\u00e4\u00e4 omann\u00e4k\u00f6ist\u00e4 el\u00e4m\u00e4\u00e4.<\/p>\n<p>Etenev\u00e4t\u00a0muistisairaudet\u00a0rappeuttavat aivoja ja heikent\u00e4v\u00e4t laaja-alaisesti toimintakyky\u00e4. Ne ovat kansantauteja siin\u00e4 miss\u00e4 syd\u00e4n- ja verisuonisairaudetkin. Vuosittain arviolta\u00a0noin 14 500 ihmist\u00e4 sairastuu johonkin dementoivaan sairauteen, joista jopa 7000\u201310\u00a0000 koostuu ty\u00f6ik\u00e4isist\u00e4 muistisairaista.\u00a0Huolestuttavaa on, ett\u00e4 merkitt\u00e4v\u00e4 osa muistisairauksista j\u00e4\u00e4 edelleen diagnosoimatta.<\/p>\n<p>Uudistettu hyv\u00e4n hoidon kriteerist\u00f6 painottuu muistisairaiden ja heid\u00e4n l\u00e4heistens\u00e4 toiveesta aikaisempaa vahvemmin kuntoutukseen. Kuntoutuksen merkitys on ymm\u00e4rretty toimintakyky\u00e4 yll\u00e4pit\u00e4v\u00e4n\u00e4 ja sairauksien ehk\u00e4isev\u00e4n\u00e4. Kuntoutuksella tuetaan muistisairaan ihmisen mahdollisuuksia el\u00e4\u00e4 mahdollisimman mielek\u00e4st\u00e4 ja aktiivista el\u00e4m\u00e4\u00e4 sairaudesta huolimatta. Olen j\u00e4senen\u00e4 juuri ty\u00f6ns\u00e4 aloittaneessa sosiaali- ja terveysministeri\u00f6n nime\u00e4m\u00e4ss\u00e4 kuntoutuksen uudistamiskomiteassa. Pid\u00e4n muistisairaan toimintakyvyn edist\u00e4misen kannalta merkityksellisen\u00e4, ett\u00e4 kaikissa sote-palveluissa on k\u00e4yt\u00f6ss\u00e4 ihmisten toimintakyky\u00e4 edist\u00e4v\u00e4 ty\u00f6ote ja oikea-aikainen kuntoutus. Terveyden ja toimintakyvyn edist\u00e4minen pit\u00e4\u00e4 olla my\u00f6s muistisairaan ihmisen oikeus.<\/p>\n<p>Muistiliiton tekem\u00e4\u00e4n selvitykseen vastanneista muistisairaista valtaosalle (86%) koti on t\u00e4rkein paikka, jossa halutaan asua mahdollisimman pitk\u00e4\u00e4n. Ty\u00f6skentelin viime tammikuussa Oulunkyl\u00e4ss\u00e4 viikon ajan\u00a0vanhusten kotihoidossa hoitajan ty\u00f6parina. Minulle on t\u00e4rke\u00e4\u00e4 tiet\u00e4\u00e4, mik\u00e4 kotihoidon tilanne k\u00e4yt\u00e4nn\u00f6ss\u00e4 Helsingiss\u00e4 on. Yh\u00e4 huonomassa kunnossa ja usein muistisairaiden ik\u00e4ihmisten kotihoito on vaativaa ty\u00f6t\u00e4 ja edellytt\u00e4\u00e4 hoitajilta laajaa osaamista. Kotihoito ty\u00f6skentelee laadukkaasti olemassa olevilla voimavaroilla, mutta on osin \u00e4\u00e4rirajoilla. Ty\u00f6h\u00f6n tarvitaan lis\u00e4\u00e4 tukea ja uudistamista. Tapaan s\u00e4\u00e4nn\u00f6llisesti Helsingin vanhustenhuollon toimijoita, jotta saamme ajantasaiset n\u00e4kemykset valtakunnalliseen kotihoidon kehitt\u00e4miseen. Se on keskeinen eduskuntakauden ja hallituksen k\u00e4rkihanke minun ja sis\u00e4ministeri Paula Risikon hallitusneuvottelijoina tekem\u00e4n aloitteen johdosta.<\/p>\n<p>Kotihoidossa n\u00e4kyy my\u00f6s omaishoitajien arvokas ty\u00f6. Hoitajan ja hoidettavan ik\u00e4\u00e4ntyess\u00e4 tarvitaan my\u00f6s lis\u00e4\u00e4 tukea. T\u00e4m\u00e4 ei aina suju, kuten pit\u00e4isi. Kotona asumisesta ja hoitamisesta ei saa my\u00f6sk\u00e4\u00e4n tulla pakkoa. Kotihoidon rinnalle on rakennettava lis\u00e4\u00e4 asumismuotoja, joiden piiriin p\u00e4\u00e4see nopeastikin, kun omassa yksityisess\u00e4 kodissa ei en\u00e4\u00e4 ole mahdollista el\u00e4\u00e4 turvallisesti.<\/p>\n<p>Hallituksen ajatus etsi\u00e4 s\u00e4\u00e4st\u00f6j\u00e4 ymp\u00e4rivuorokautisesta hoidosta hoitajamitoitusta pienent\u00e4m\u00e4ll\u00e4 ei ole kest\u00e4v\u00e4\u00e4. Olemme hallituspuolueiden sosiaali- ja terveyspolitiikasta vastaavien kanssa edellytt\u00e4neet hoitajamitoituksen alentamisesta luopumista. Edellytimme, ett\u00e4\u00a0sovituille s\u00e4\u00e4st\u00f6ille etsit\u00e4\u00e4n vaihtoehtoisia toteutustapoja, jotka varmistavat hallituksen sovitussa talouslinjassa pysymisen. T\u00e4m\u00e4 ty\u00f6n on nyt t\u00e4ydess\u00e4 vauhdissa sosiaali- ja terveysministeri\u00f6ss\u00e4.<\/p>\n<p>Ehdotin my\u00f6s, ett\u00e4 ottaisimme hoitoty\u00f6n johtamisen v\u00e4lineeksi valtakunnallisen hoitoisuusmittarin, jolla henkil\u00f6st\u00f6n m\u00e4\u00e4r\u00e4 ja osaaminen voidaan kohdentaa joustavasti ja yksil\u00f6llisesti ihmisen hoidon tarpeen mukaan.\u00a0Jokaisen vanhuksen hoidon tarve on erilainen.\u00a0Ihmisen hoidon ja hoitajien tarvetta ei voi m\u00e4\u00e4ritt\u00e4\u00e4 yhdell\u00e4 annetulla luvulla.<\/p>\n<p>Sari Sarkomaa<\/p>\n<p>kansanedustaja<\/p>\n<p>Muistiliiton varapuheenjohtaja<\/p>\n","protected":false},"excerpt":{"rendered":"<p>Muistiviikolla julkaistiin Muistiliiton johdolla uudistettu muistisairaan hyv\u00e4n hoidon kriteerist\u00f6. Ty\u00f6 tehtiin yhteisty\u00f6ss\u00e4 Valviran ja Suomen muistiasiantuntijoiden sek\u00e4 useiden muiden yhteisty\u00f6tahojen kanssa. Hyv\u00e4n hoidon kriteerist\u00f6n teht\u00e4v\u00e4n\u00e4 on\u00a0varmistaa\u00a0muistisairaalle ihmiselle ja h\u00e4nen l\u00e4heisilleen laadukas kuntoutus, hoiva ja hoito yhten\u00e4isin ja yhdenvertaisin valtakunnallisin kriteerein. Muistiliiton varapuheenjohtajana teen ty\u00f6t\u00e4 sen eteen, ett\u00e4 hyv\u00e4 hoito toteutuisi jokaisen ihmisen kohdalla. Muistisairautta sairastavan <a href=\"https:\/\/www.sarisarkomaa.fi\/?p=5697\" class=\"more-link\">...jatka lukemista<span class=\"screen-reader-text\"> \"Muistisairaalla oikeus hyv\u00e4\u00e4n el\u00e4m\u00e4\u00e4n\"<\/span><\/a><\/p>\n","protected":false},"author":1,"featured_media":0,"comment_status":"closed","ping_status":"open","sticky":false,"template":"","format":"standard","meta":[],"categories":[8],"tags":[],"_links":{"self":[{"href":"https:\/\/www.sarisarkomaa.fi\/index.php?rest_route=\/wp\/v2\/posts\/5697"}],"collection":[{"href":"https:\/\/www.sarisarkomaa.fi\/index.php?rest_route=\/wp\/v2\/posts"}],"about":[{"href":"https:\/\/www.sarisarkomaa.fi\/index.php?rest_route=\/wp\/v2\/types\/post"}],"author":[{"embeddable":true,"href":"https:\/\/www.sarisarkomaa.fi\/index.php?rest_route=\/wp\/v2\/users\/1"}],"replies":[{"embeddable":true,"href":"https:\/\/www.sarisarkomaa.fi\/index.php?rest_route=%2Fwp%2Fv2%2Fcomments&post=5697"}],"version-history":[{"count":3,"href":"https:\/\/www.sarisarkomaa.fi\/index.php?rest_route=\/wp\/v2\/posts\/5697\/revisions"}],"predecessor-version":[{"id":5700,"href":"https:\/\/www.sarisarkomaa.fi\/index.php?rest_route=\/wp\/v2\/posts\/5697\/revisions\/5700"}],"wp:attachment":[{"href":"https:\/\/www.sarisarkomaa.fi\/index.php?rest_route=%2Fwp%2Fv2%2Fmedia&parent=5697"}],"wp:term":[{"taxonomy":"category","embeddable":true,"href":"https:\/\/www.sarisarkomaa.fi\/index.php?rest_route=%2Fwp%2Fv2%2Fcategories&post=5697"},{"taxonomy":"post_tag","embeddable":true,"href":"https:\/\/www.sarisarkomaa.fi\/index.php?rest_route=%2Fwp%2Fv2%2Ftags&post=5697"}],"curies":[{"name":"wp","href":"https:\/\/api.w.org\/{rel}","templated":true}]}}