{"id":5725,"date":"2016-10-20T13:12:51","date_gmt":"2016-10-20T11:12:51","guid":{"rendered":"http:\/\/www.sarisarkomaa.fi\/?p=5725"},"modified":"2016-10-20T13:12:51","modified_gmt":"2016-10-20T11:12:51","slug":"hienoa-etta-myos-keskusta-voisi-tarkastella-kotihoidontukea","status":"publish","type":"post","link":"https:\/\/www.sarisarkomaa.fi\/?p=5725","title":{"rendered":"Hienoa, ett\u00e4 my\u00f6s Keskusta voisi tarkastella kotihoidontukea"},"content":{"rendered":"<p><!--StartFragment--><\/p>\n<div style=\"color: #000000; font-family: 'Segoe UI', Helvetica, Arial, sans-serif; font-size: medium; font-style: normal; font-variant: normal; font-weight: normal; letter-spacing: normal; line-height: normal; orphans: auto; text-align: start; text-indent: 0px; text-transform: none; white-space: normal; widows: 1; word-spacing: 0px; -webkit-text-stroke-width: 0px; margin: 0px;\"><span style=\"font-family: Calibri,sans-serif; font-size: small;\"><span style=\"font-size: 11pt;\">Tiedote 20.10. 2016<\/span><\/span><\/div>\n<div style=\"color: #000000; font-family: 'Segoe UI', Helvetica, Arial, sans-serif; font-size: medium; font-style: normal; font-variant: normal; font-weight: normal; letter-spacing: normal; line-height: normal; orphans: auto; text-align: start; text-indent: 0px; text-transform: none; white-space: normal; widows: 1; word-spacing: 0px; -webkit-text-stroke-width: 0px; margin: 0px;\"><span style=\"font-family: Calibri,sans-serif; font-size: small;\"><span style=\"font-size: 11pt;\">Julkaisuvapaa heti<\/span><\/span><\/div>\n<div style=\"color: #000000; font-family: 'Segoe UI', Helvetica, Arial, sans-serif; font-size: medium; font-style: normal; font-variant: normal; font-weight: normal; letter-spacing: normal; line-height: normal; orphans: auto; text-align: start; text-indent: 0px; text-transform: none; white-space: normal; widows: 1; word-spacing: 0px; -webkit-text-stroke-width: 0px; margin: 0px;\"><span style=\"font-family: Calibri,sans-serif; font-size: small;\"><span style=\"font-size: 11pt;\">\u00a0<\/span><\/span><\/div>\n<div style=\"color: #000000; font-family: 'Segoe UI', Helvetica, Arial, sans-serif; font-size: medium; font-style: normal; font-variant: normal; font-weight: normal; letter-spacing: normal; line-height: normal; orphans: auto; text-align: start; text-indent: 0px; text-transform: none; white-space: normal; widows: 1; word-spacing: 0px; -webkit-text-stroke-width: 0px; margin: 0px;\"><span style=\"font-family: Calibri,sans-serif; font-size: small;\"><span style=\"font-size: 11pt;\"><b>Kokoomuksen Sarkomaa Annika Saarikolle: <!--StartFragment--><span style=\"font-family: Calibri,sans-serif; font-size: small;\"><span style=\"font-size: 11pt;\"><b>Hienoa, ett\u00e4 my\u00f6s Keskusta voisi tarkastella kotihoidontukea<\/b><\/span><\/span><!--EndFragment--><br \/>\n<\/b><\/span><\/span><\/div>\n<div style=\"color: #000000; font-family: 'Segoe UI', Helvetica, Arial, sans-serif; font-size: medium; font-style: normal; font-variant: normal; font-weight: normal; letter-spacing: normal; line-height: normal; orphans: auto; text-align: start; text-indent: 0px; text-transform: none; white-space: normal; widows: 1; word-spacing: 0px; -webkit-text-stroke-width: 0px; margin: 0px;\"><span style=\"font-family: Calibri,sans-serif; font-size: small;\"><span style=\"font-size: 11pt;\">\u00a0<\/span><\/span><\/div>\n<div style=\"color: #000000; font-family: 'Segoe UI', Helvetica, Arial, sans-serif; font-size: medium; font-style: normal; font-variant: normal; font-weight: normal; letter-spacing: normal; line-height: normal; orphans: auto; text-align: start; text-indent: 0px; text-transform: none; white-space: normal; widows: 1; word-spacing: 0px; -webkit-text-stroke-width: 0px; margin: 0px;\"><span style=\"font-family: Calibri,sans-serif; font-size: small;\"><span style=\"font-size: 11pt;\">Kokoomuksen kansanedustaja, eduskuntaryhm\u00e4ss\u00e4\u00e4n sosiaali- ja terveyspolitiikasta vastaava Sari Sarkomaa iloitsee keskustan kansanedustaja Annika Saarikon ulostulosta. Saarikko kertoo, ett\u00e4 h\u00e4n on valmis tarkastelemaan kotihoidon tukea osana perhevapaauudistusta.<\/span><\/span><\/div>\n<div style=\"color: #000000; font-family: 'Segoe UI', Helvetica, Arial, sans-serif; font-size: medium; font-style: normal; font-variant: normal; font-weight: normal; letter-spacing: normal; line-height: normal; orphans: auto; text-align: start; text-indent: 0px; text-transform: none; white-space: normal; widows: 1; word-spacing: 0px; -webkit-text-stroke-width: 0px; margin: 0px;\"><span style=\"font-family: Calibri,sans-serif; font-size: small;\"><span style=\"font-size: 11pt;\">\u00a0<\/span><\/span><\/div>\n<div style=\"color: #000000; font-family: 'Segoe UI', Helvetica, Arial, sans-serif; font-size: medium; font-style: normal; font-variant: normal; font-weight: normal; letter-spacing: normal; line-height: normal; orphans: auto; text-align: start; text-indent: 0px; text-transform: none; white-space: normal; widows: 1; word-spacing: 0px; -webkit-text-stroke-width: 0px; margin: 0px;\"><span style=\"font-family: Calibri,sans-serif; font-size: small;\"><span style=\"font-size: 11pt;\">\u201dKokoomusministerit Toivakka ja Grahn-Laasonen esittiv\u00e4t jo viime kev\u00e4\u00e4n\u00e4, ett\u00e4 kotihoidontukea voitaisiin lyhent\u00e4\u00e4, mik\u00e4li ansiosidonnaista vanhempainrahaa pidennet\u00e4\u00e4n. Hienoa, ett\u00e4 my\u00f6s Keskusta on tulossa Kokoomuksen kannoille\u201d, sanoo Sarkomaa.<\/span><\/span><\/div>\n<div style=\"color: #000000; font-family: 'Segoe UI', Helvetica, Arial, sans-serif; font-size: medium; font-style: normal; font-variant: normal; font-weight: normal; letter-spacing: normal; line-height: normal; orphans: auto; text-align: start; text-indent: 0px; text-transform: none; white-space: normal; widows: 1; word-spacing: 0px; -webkit-text-stroke-width: 0px; margin: 0px;\"><span style=\"font-family: Calibri,sans-serif; font-size: small;\"><span style=\"font-size: 11pt;\">\u00a0<\/span><\/span><\/div>\n<div style=\"color: #000000; font-family: 'Segoe UI', Helvetica, Arial, sans-serif; font-size: medium; font-style: normal; font-variant: normal; font-weight: normal; letter-spacing: normal; line-height: normal; orphans: auto; text-align: start; text-indent: 0px; text-transform: none; white-space: normal; widows: 1; word-spacing: 0px; -webkit-text-stroke-width: 0px; margin: 0px;\"><span style=\"font-family: Calibri,sans-serif; font-size: small;\"><span style=\"font-size: 11pt;\">Sarkomaa toivoo, ett\u00e4 t\u00e4m\u00e4 keskustan ulostulo on lupaus siit\u00e4, ett\u00e4 pian ty\u00f6ns\u00e4 aloittava perheministeri ottaa ajaakseen Kokoomuksen ehdotuksen perhevapaaj\u00e4rjestelm\u00e4n uudistamisen aloittamisesta.\u00a0 Joustamaton ja naisia pitkiin perhevapaisiin ajava sek\u00e4 erilaisia perheit\u00e4 syrjiv\u00e4 j\u00e4rjestelm\u00e4 ei yksinkertaisesti ole nykyp\u00e4iv\u00e4\u00e4.<\/span><\/span><\/div>\n<div style=\"color: #000000; font-family: 'Segoe UI', Helvetica, Arial, sans-serif; font-size: medium; font-style: normal; font-variant: normal; font-weight: normal; letter-spacing: normal; line-height: normal; orphans: auto; text-align: start; text-indent: 0px; text-transform: none; white-space: normal; widows: 1; word-spacing: 0px; -webkit-text-stroke-width: 0px; margin: 0px;\"><span style=\"font-family: Calibri,sans-serif; font-size: small;\"><span style=\"font-size: 11pt;\">\u00a0<\/span><\/span><\/div>\n<div style=\"color: #000000; font-family: 'Segoe UI', Helvetica, Arial, sans-serif; font-size: medium; font-style: normal; font-variant: normal; font-weight: normal; letter-spacing: normal; line-height: normal; orphans: auto; text-align: start; text-indent: 0px; text-transform: none; white-space: normal; widows: 1; word-spacing: 0px; -webkit-text-stroke-width: 0px; margin: 0px;\"><span style=\"font-family: Calibri,sans-serif; font-size: small;\"><span style=\"font-size: 11pt;\">Sarkomaa kertoo, kokoomuksessa on ty\u00f6ryhm\u00e4 vauhdilla valmistelemassa ehdotusta uudeksi perhevapaamalliksi.<\/span><\/span><\/div>\n<div style=\"color: #000000; font-family: 'Segoe UI', Helvetica, Arial, sans-serif; font-size: medium; font-style: normal; font-variant: normal; font-weight: normal; letter-spacing: normal; line-height: normal; orphans: auto; text-align: start; text-indent: 0px; text-transform: none; white-space: normal; widows: 1; word-spacing: 0px; -webkit-text-stroke-width: 0px; margin: 0px;\"><span style=\"font-family: Calibri,sans-serif; font-size: small;\"><span style=\"font-size: 11pt;\">\u00a0<\/span><\/span><\/div>\n<div style=\"color: #000000; font-family: 'Segoe UI', Helvetica, Arial, sans-serif; font-size: medium; font-style: normal; font-variant: normal; font-weight: normal; letter-spacing: normal; line-height: normal; orphans: auto; text-align: start; text-indent: 0px; text-transform: none; white-space: normal; widows: 1; word-spacing: 0px; -webkit-text-stroke-width: 0px; margin: 0px;\"><span style=\"font-family: Calibri,sans-serif; font-size: small;\"><span style=\"font-size: 11pt;\">\u201dUudistus on mahdollista tehd\u00e4 kustannusneutraalisti kuten mm. SAK tekem\u00e4 perhevapaamalli osoittaa. Aikansa el\u00e4nyt j\u00e4rjestelm\u00e4 on modernisoitava niin, ett\u00e4 se edist\u00e4\u00e4 naisten korkeampaa ty\u00f6llisyysastetta, ty\u00f6el\u00e4m\u00e4n tasa-arvoa sek\u00e4 vanhemmuuden jakamista\u201d, Sarkomaa sanoo.<\/span><\/span><\/div>\n<div style=\"color: #000000; font-family: 'Segoe UI', Helvetica, Arial, sans-serif; font-size: medium; font-style: normal; font-variant: normal; font-weight: normal; letter-spacing: normal; line-height: normal; orphans: auto; text-align: start; text-indent: 0px; text-transform: none; white-space: normal; widows: 1; word-spacing: 0px; -webkit-text-stroke-width: 0px; margin: 0px;\"><span style=\"font-family: Calibri,sans-serif; font-size: small;\"><span style=\"font-size: 11pt;\">\u00a0<\/span><\/span><\/div>\n<div style=\"color: #000000; font-family: 'Segoe UI', Helvetica, Arial, sans-serif; font-size: medium; font-style: normal; font-variant: normal; font-weight: normal; letter-spacing: normal; line-height: normal; orphans: auto; text-align: start; text-indent: 0px; text-transform: none; white-space: normal; widows: 1; word-spacing: 0px; -webkit-text-stroke-width: 0px; margin: 0px;\"><span style=\"font-family: Calibri,sans-serif; font-size: small;\"><span style=\"font-size: 11pt;\">\u201dVanhempainvapaiden uudistamisessa kannattaa katsoa Ruotsin mallia, joka on perheiden kannalta hyvin joustava\u201d, sanoo Sarkomaa.<\/span><\/span><\/div>\n<div style=\"color: #000000; font-family: 'Segoe UI', Helvetica, Arial, sans-serif; font-size: medium; font-style: normal; font-variant: normal; font-weight: normal; letter-spacing: normal; line-height: normal; orphans: auto; text-align: start; text-indent: 0px; text-transform: none; white-space: normal; widows: 1; word-spacing: 0px; -webkit-text-stroke-width: 0px; margin: 0px;\"><span style=\"font-family: Calibri,sans-serif; font-size: small;\"><span style=\"font-size: 11pt;\">\u00a0<\/span><\/span><\/div>\n<div style=\"color: #000000; font-family: 'Segoe UI', Helvetica, Arial, sans-serif; font-size: medium; font-style: normal; font-variant: normal; font-weight: normal; letter-spacing: normal; line-height: normal; orphans: auto; text-align: start; text-indent: 0px; text-transform: none; white-space: normal; widows: 1; word-spacing: 0px; -webkit-text-stroke-width: 0px; margin: 0px;\"><span style=\"font-family: Calibri,sans-serif; font-size: small;\"><span style=\"font-size: 11pt;\">Osana uudistusta on katsottava my\u00f6s koko p\u00e4iv\u00e4hoidon- ja varhaiskasvatuksen kokonaisuus, mukaan lukien kotihoidontuki. Pidemm\u00e4n\u00a0t\u00e4ht\u00e4imen tavoitteeksi\u00a0on otettava 3-5 -vuotiaille maksuton osap\u00e4iv\u00e4inen\u00a0pedagoginen varhaiskasvatus. T\u00e4m\u00e4n lis\u00e4ksi olisi maksullinen p\u00e4iv\u00e4hoito sit\u00e4 tarvitseville. Vastaava malli on jo Ruotsissa.\u00a0<\/span><\/span><\/div>\n<div style=\"color: #000000; font-family: 'Segoe UI', Helvetica, Arial, sans-serif; font-size: medium; font-style: normal; font-variant: normal; font-weight: normal; letter-spacing: normal; line-height: normal; orphans: auto; text-align: start; text-indent: 0px; text-transform: none; white-space: normal; widows: 1; word-spacing: 0px; -webkit-text-stroke-width: 0px; margin: 0px;\"><span style=\"font-family: Calibri,sans-serif; font-size: small;\"><span style=\"font-size: 11pt;\">\u00a0<\/span><\/span><\/div>\n<div style=\"color: #000000; font-family: 'Segoe UI', Helvetica, Arial, sans-serif; font-size: medium; font-style: normal; font-variant: normal; font-weight: normal; letter-spacing: normal; line-height: normal; orphans: auto; text-align: start; text-indent: 0px; text-transform: none; white-space: normal; widows: 1; word-spacing: 0px; -webkit-text-stroke-width: 0px; margin: 0px;\"><span style=\"font-family: Calibri,sans-serif; font-size: small;\"><span style=\"font-size: 11pt;\">Lis\u00e4tietoja:<br \/>\nSari Sarkomaa<br \/>\npuh.\u00a0<a href=\"tel:050%205113033\" target=\"_blank\">050 5113033<\/a><\/span><\/span><\/div>\n<p>&nbsp;<\/p>\n<p>&nbsp;<\/p>\n","protected":false},"excerpt":{"rendered":"<p>Tiedote 20.10. 2016 Julkaisuvapaa heti \u00a0 Kokoomuksen Sarkomaa Annika Saarikolle: Hienoa, ett\u00e4 my\u00f6s Keskusta voisi tarkastella kotihoidontukea \u00a0 Kokoomuksen kansanedustaja, eduskuntaryhm\u00e4ss\u00e4\u00e4n sosiaali- ja terveyspolitiikasta vastaava Sari Sarkomaa iloitsee keskustan kansanedustaja Annika Saarikon ulostulosta. Saarikko kertoo, ett\u00e4 h\u00e4n on valmis tarkastelemaan kotihoidon tukea osana perhevapaauudistusta. \u00a0 \u201dKokoomusministerit Toivakka ja Grahn-Laasonen esittiv\u00e4t jo viime kev\u00e4\u00e4n\u00e4, ett\u00e4 kotihoidontukea <a href=\"https:\/\/www.sarisarkomaa.fi\/?p=5725\" class=\"more-link\">...jatka lukemista<span class=\"screen-reader-text\"> \"Hienoa, ett\u00e4 my\u00f6s Keskusta voisi tarkastella kotihoidontukea\"<\/span><\/a><\/p>\n","protected":false},"author":1,"featured_media":0,"comment_status":"closed","ping_status":"open","sticky":false,"template":"","format":"standard","meta":[],"categories":[4],"tags":[],"_links":{"self":[{"href":"https:\/\/www.sarisarkomaa.fi\/index.php?rest_route=\/wp\/v2\/posts\/5725"}],"collection":[{"href":"https:\/\/www.sarisarkomaa.fi\/index.php?rest_route=\/wp\/v2\/posts"}],"about":[{"href":"https:\/\/www.sarisarkomaa.fi\/index.php?rest_route=\/wp\/v2\/types\/post"}],"author":[{"embeddable":true,"href":"https:\/\/www.sarisarkomaa.fi\/index.php?rest_route=\/wp\/v2\/users\/1"}],"replies":[{"embeddable":true,"href":"https:\/\/www.sarisarkomaa.fi\/index.php?rest_route=%2Fwp%2Fv2%2Fcomments&post=5725"}],"version-history":[{"count":1,"href":"https:\/\/www.sarisarkomaa.fi\/index.php?rest_route=\/wp\/v2\/posts\/5725\/revisions"}],"predecessor-version":[{"id":5726,"href":"https:\/\/www.sarisarkomaa.fi\/index.php?rest_route=\/wp\/v2\/posts\/5725\/revisions\/5726"}],"wp:attachment":[{"href":"https:\/\/www.sarisarkomaa.fi\/index.php?rest_route=%2Fwp%2Fv2%2Fmedia&parent=5725"}],"wp:term":[{"taxonomy":"category","embeddable":true,"href":"https:\/\/www.sarisarkomaa.fi\/index.php?rest_route=%2Fwp%2Fv2%2Fcategories&post=5725"},{"taxonomy":"post_tag","embeddable":true,"href":"https:\/\/www.sarisarkomaa.fi\/index.php?rest_route=%2Fwp%2Fv2%2Ftags&post=5725"}],"curies":[{"name":"wp","href":"https:\/\/api.w.org\/{rel}","templated":true}]}}