{"id":5794,"date":"2016-12-01T09:54:29","date_gmt":"2016-12-01T07:54:29","guid":{"rendered":"http:\/\/www.sarisarkomaa.fi\/?p=5794"},"modified":"2016-12-01T09:54:29","modified_gmt":"2016-12-01T07:54:29","slug":"muistiliiton-liittovaltuusto-vahvisti-vuoden-2017-hallituksen","status":"publish","type":"post","link":"https:\/\/www.sarisarkomaa.fi\/?p=5794","title":{"rendered":"Muistiliiton liittovaltuusto vahvisti vuoden 2017 hallituksen"},"content":{"rendered":"<h1>Muistiliiton liittovaltuusto vahvisti vuoden 2017 hallituksen<\/h1>\n<p>Muistiliiton syysliittovaltuuston kokous pidettiin lauantaina 26.11.2016 Helsingiss\u00e4.<\/p>\n<p>\u2013\u00a0<em>Edess\u00e4 olivat vuoden 2017 haasteet, toiminta ja talous. Liittohallituksen ja toimiston valmistelu oli erinomaista ja liittovaltuuston keskustelu innostavaa.\u00a0Kokous oli aktiivinen. Kiitos j\u00e4senist\u00f6lle,<\/em>kertaa liittovaltuuston puheenjohtaja\u00a0<strong>Pirkko Lahti<\/strong>.<\/p>\n<p><em>\u2013 Toimintasuunnitelmasta 2017 syntyi innostunut keskustelu. Koko muistij\u00e4rjest\u00f6 on innokkaana tekem\u00e4ss\u00e4 yhteist\u00e4 ty\u00f6t\u00e4 ja puhaltamassa yhteiseen hiileen. Muistij\u00e4rjest\u00f6 on nyt kehittym\u00e4ss\u00e4 kiinte\u00e4ksi osaksi palveluketjuja ja mukana esimerkiksi Suomen hallituksen koti- ja omaishoidon k\u00e4rkihankkeissa<\/em>, kertoo toiminnanjohtaja\u00a0<strong>Eila Okkonen<\/strong>.<\/p>\n<p>Liittovaltuusto vahvisti liiton toimintasuunnitelman ja talousarvion vuodelle 2017. Liittovaltuuston puheenjohtajiksi vuodelle 2017 valittiin jatkamaan Pirkko Lahti ja varapuheenjohtajaksi\u00a0<strong>Sirpa Pietik\u00e4inen<\/strong>.<\/p>\n<p>Liittovaltuuston valitsi yksimielisesti kansanedustaja\u00a0<strong>Merja M\u00e4kisalo-Ropposen<\/strong>\u00a0jatkamaan liiton hallituksen puheenjohtajana vuosille 2017-2019. Liiton toiseksi varapuheenjohtajaksi valtuusto valitsi niin ik\u00e4\u00e4n yksimielisesti kansanedustaja, terveystieteiden maisteri\u00a0<strong>Hannakaisa Heikkisen<\/strong>. Varapuheenjohtajana jatkaa kansanedustaja, terveydenhuollon maisteri\u00a0<strong>Sari Sarkomaa<\/strong>.<\/p>\n<p>Sek\u00e4 liittovaltuuston ett\u00e4 hallituksen puheenjohtajat Lahti ja M\u00e4kisalo-Ropponen totesivat, ett\u00e4 muistity\u00f6ss\u00e4 on tapahtunut paljon hyv\u00e4\u00e4 ja muistij\u00e4rjest\u00f6ss\u00e4kin on koettu suuria onnistumisia, mutta ty\u00f6t\u00e4 on paljon my\u00f6s edess\u00e4.<\/p>\n<p>\u2013\u00a0<em>Liittovaltuuston kokouksessa kartoitimme yhteisty\u00f6kumppaneita, paneudumme liiton monimuotoiseen toimintaan ja hahmottelimme muistiyst\u00e4v\u00e4llisen Suomen aikaansaamista. Hyv\u00e4n hoidon kriteerit ovat yksi monin tavoin vaikuttavista t\u00e4m\u00e4n vuoden aikaansaannoksista<\/em>, kertaa Lahti.<\/p>\n<p>\u2013\u00a0<em>Ennaltaehk\u00e4isyn, oikea-aikaisen hoidon ja kuntoutuksen merkitys ollaan ymm\u00e4rt\u00e4m\u00e4ss\u00e4. Olemassa olevaa tietoa hy\u00f6dynnet\u00e4\u00e4n eri kunnissa ja alueilla viel\u00e4 kovin vaihtelevasti. Tavoitteenamme on muistiyst\u00e4v\u00e4llinen Suomi, ja ensi kev\u00e4\u00e4n kuntavaaleissa Muistiliitto kampanjoi teemalla muistiyst\u00e4v\u00e4llisten kotikuntien puolesta. Terveyden ja hyvinvoinnin edist\u00e4minen on \u00a0kuntien perusteht\u00e4v\u00e4 sote-uudistuksen j\u00e4lkeenkin ja silloin aivoterveyden edist\u00e4misest\u00e4 tulee kuntien keskeisi\u00e4 teht\u00e4vi\u00e4<\/em>, kuvaa puheenjohtaja M\u00e4kisalo-Ropponen.<\/p>\n<h2>Muistiliiton hallitus v. 2017<\/h2>\n<p>Puheenjohtaja: kansanedustaja Merja M\u00e4kisalo-Ropponen<br \/>\nI varapuheenjohtaja: kansanedustaja Sari Sarkomaa<br \/>\nII varapuheenjohtaja: kansanedustaja Hanna-Kaisa Heikkinen<\/p>\n<ul>\n<li>varapuheenjohtaja\u00a0<strong>Ulla Korpela<\/strong>, Varsinais-Suomen Muistiyhdistys ry\n<ul>\n<li>varaj\u00e4sen: puheenjohtaja\u00a0<strong>Kirsti Santam\u00e4ki<\/strong>, Porin seudun Muistiyhdistys ry<\/li>\n<\/ul>\n<\/li>\n<li>puheenjohtaja\u00a0<strong>Nyky Vanhanen<\/strong>, Etel\u00e4-Karjalan Muisti ry\n<ul>\n<li>varaj\u00e4sen:\u00a0<strong>Aira Autio<\/strong>, Pirkanmaan Muistiyhdistys ry<\/li>\n<\/ul>\n<\/li>\n<li>puheenjohtaja\u00a0<strong>Jukka Tikanm\u00e4ki<\/strong>, Suomen Dementiayhdistys ry\n<ul>\n<li>varaj\u00e4sen: puheenjohtaja\u00a0<strong>Aila Tartia-Jalonen<\/strong>, Kainuun Muistiyhdistys ry<\/li>\n<\/ul>\n<\/li>\n<li>projektip\u00e4\u00e4llikk\u00f6\u00a0<strong>Merja Riikonen<\/strong>, Etel\u00e4-Pohjanmaan Muistiyhdistys ry\n<ul>\n<li>varaj\u00e4sen: varapuheenjohtaja\u00a0<strong>Arja J\u00e4ms\u00e9n<\/strong>, Pohjois-Karjalan Muistiyhdistys ry<\/li>\n<\/ul>\n<\/li>\n<li>varapuheenjohtaja\u00a0<strong>Pekka Matala<\/strong>, Oulun seuduin Muistiyhdistys ry\n<ul>\n<li>varaj\u00e4sen: puheenjohtaja\u00a0<strong>Sirkka Koskela<\/strong>, Lapin Muistiyhdistys ry<\/li>\n<\/ul>\n<\/li>\n<li><strong>Elina Jaakowlev-Markus<\/strong>, Espoon ja Kauniaisten Muistiyhdistys ry\n<ul>\n<li>varaj\u00e4sen:\u00a0<strong>Heimo Keskitalo<\/strong>, Kouvolan seudun Muisti ry<\/li>\n<\/ul>\n<\/li>\n<li><strong>Jorma Lukkarinen<\/strong>, Keski-Suomen Muistiyhdistys ry\n<ul>\n<li>varaj\u00e4sen: puheenjohtaja\u00a0<strong>Markku Wulff<\/strong>, Pohjois-Savon Muisti ry<\/li>\n<\/ul>\n<\/li>\n<\/ul>\n","protected":false},"excerpt":{"rendered":"<p>Muistiliiton liittovaltuusto vahvisti vuoden 2017 hallituksen Muistiliiton syysliittovaltuuston kokous pidettiin lauantaina 26.11.2016 Helsingiss\u00e4. \u2013\u00a0Edess\u00e4 olivat vuoden 2017 haasteet, toiminta ja talous. Liittohallituksen ja toimiston valmistelu oli erinomaista ja liittovaltuuston keskustelu innostavaa.\u00a0Kokous oli aktiivinen. Kiitos j\u00e4senist\u00f6lle,kertaa liittovaltuuston puheenjohtaja\u00a0Pirkko Lahti. \u2013 Toimintasuunnitelmasta 2017 syntyi innostunut keskustelu. Koko muistij\u00e4rjest\u00f6 on innokkaana tekem\u00e4ss\u00e4 yhteist\u00e4 ty\u00f6t\u00e4 ja puhaltamassa yhteiseen hiileen. <a href=\"https:\/\/www.sarisarkomaa.fi\/?p=5794\" class=\"more-link\">...jatka lukemista<span class=\"screen-reader-text\"> \"Muistiliiton liittovaltuusto vahvisti vuoden 2017 hallituksen\"<\/span><\/a><\/p>\n","protected":false},"author":1,"featured_media":0,"comment_status":"closed","ping_status":"open","sticky":false,"template":"","format":"standard","meta":[],"categories":[4],"tags":[],"_links":{"self":[{"href":"https:\/\/www.sarisarkomaa.fi\/index.php?rest_route=\/wp\/v2\/posts\/5794"}],"collection":[{"href":"https:\/\/www.sarisarkomaa.fi\/index.php?rest_route=\/wp\/v2\/posts"}],"about":[{"href":"https:\/\/www.sarisarkomaa.fi\/index.php?rest_route=\/wp\/v2\/types\/post"}],"author":[{"embeddable":true,"href":"https:\/\/www.sarisarkomaa.fi\/index.php?rest_route=\/wp\/v2\/users\/1"}],"replies":[{"embeddable":true,"href":"https:\/\/www.sarisarkomaa.fi\/index.php?rest_route=%2Fwp%2Fv2%2Fcomments&post=5794"}],"version-history":[{"count":1,"href":"https:\/\/www.sarisarkomaa.fi\/index.php?rest_route=\/wp\/v2\/posts\/5794\/revisions"}],"predecessor-version":[{"id":5795,"href":"https:\/\/www.sarisarkomaa.fi\/index.php?rest_route=\/wp\/v2\/posts\/5794\/revisions\/5795"}],"wp:attachment":[{"href":"https:\/\/www.sarisarkomaa.fi\/index.php?rest_route=%2Fwp%2Fv2%2Fmedia&parent=5794"}],"wp:term":[{"taxonomy":"category","embeddable":true,"href":"https:\/\/www.sarisarkomaa.fi\/index.php?rest_route=%2Fwp%2Fv2%2Fcategories&post=5794"},{"taxonomy":"post_tag","embeddable":true,"href":"https:\/\/www.sarisarkomaa.fi\/index.php?rest_route=%2Fwp%2Fv2%2Ftags&post=5794"}],"curies":[{"name":"wp","href":"https:\/\/api.w.org\/{rel}","templated":true}]}}