{"id":5813,"date":"2016-12-08T08:53:39","date_gmt":"2016-12-08T06:53:39","guid":{"rendered":"http:\/\/www.sarisarkomaa.fi\/?p=5813"},"modified":"2016-12-08T08:54:02","modified_gmt":"2016-12-08T06:54:02","slug":"ikaihmisten-palvelut-turvataan","status":"publish","type":"post","link":"https:\/\/www.sarisarkomaa.fi\/?p=5813","title":{"rendered":"Ik\u00e4ihmisten palvelut turvataan"},"content":{"rendered":"<p>On ilouutinen, ett\u00e4 sosiaali- ja terveysministeri\u00f6ss\u00e4 (STM) kaavailulle s\u00e4\u00e4st\u00f6toimenpiteelle pienent\u00e4\u00e4 hoitajamitoitusta on nyt hallituksessa l\u00f6ydetty parempi vaihtoehto. T\u00e4m\u00e4 oli viisas p\u00e4\u00e4t\u00f6s, jonka eteen tein paljon t\u00f6it\u00e4 yhdess\u00e4 muiden hallituspuolueiden sosiaali- ja terveysvaliokuntavastaavien kanssa. P\u00e4\u00e4t\u00f6s tarkoittaa, ett\u00e4 tilanne s\u00e4ilyy nykyisell\u00e4\u00e4n hoitajam\u00e4\u00e4r\u00e4n osalta.<\/p>\n<p>P\u00e4\u00e4t\u00f6s oli v\u00e4ltt\u00e4m\u00e4t\u00f6n ik\u00e4ihmisten hyv\u00e4n hoidon turvaamiseksi ja my\u00f6s arvostuksen osoitus hoitoty\u00f6ntekij\u00f6iden tekem\u00e4\u00e4 t\u00e4rke\u00e4\u00e4 ty\u00f6t\u00e4 kohtaan. P\u00e4\u00e4t\u00f6ksell\u00e4 korostetaan ik\u00e4\u00e4ntyneiden hyv\u00e4n hoivan t\u00e4rkeytt\u00e4. Se on my\u00f6s positiivinen viesti hoitoty\u00f6n koulutukseen hakeutumista pohtiville.<\/p>\n<p>Henkil\u00f6st\u00f6n tarpeen arviointi on kiinte\u00e4 osa hoitoty\u00f6n kokonaissuunnittelua ja johtamista. Sopiva henkil\u00f6st\u00f6mitoituksen taso vaihtelee muun muassa hoidettavien toimintakyvyn ja hoitoisuuden, henkil\u00f6st\u00f6n koulutuksen ja osaamisen ja hoitoymp\u00e4rist\u00f6n fyysisten tilojen mukaan, joten yksi luku ei sovi suoraan kaikkiin hoitoa tarjoaviin yksik\u00f6ihin.<\/p>\n<p>Sosiaali- ja terveysministeri\u00f6 uudistaa laatusuositusta hyv\u00e4n ik\u00e4\u00e4ntymisen turvaamiseksi ja palvelujen parantamiseksi. T\u00e4t\u00e4 ty\u00f6t\u00e4 tehd\u00e4\u00e4n nyt uudistetulta pohjalta. Edess\u00e4 on viel\u00e4 iso ty\u00f6, joka on teht\u00e4v\u00e4 huolella.<\/p>\n<p>Sosiaali- ja terveydenhuoltohenkil\u00f6st\u00f6n\u00a0osaaminen ja samalla teknologian uudet mahdollisuudet sek\u00e4 parhaat k\u00e4yt\u00e4nn\u00f6t on saatava nykyist\u00e4 joustavammin varmistamaan ik\u00e4ihmisten hyv\u00e4\u00e4 hoitoa, hoivaa ja kuntoutusta. Erityisen t\u00e4rke\u00e4\u00e4 on hy\u00f6dynt\u00e4\u00e4 geriatrinen osaaminen.\u00a0Geriatrista osaamista on syyt\u00e4 hy\u00f6dynt\u00e4\u00e4 ik\u00e4ihmisten palvelujen kehitt\u00e4misen lis\u00e4ksi\u00a0laajasti my\u00f6s kotikaupunkimme kehitt\u00e4misess\u00e4.<\/p>\n<p>Vanhuspalvelulain mukaan henkil\u00f6st\u00f6n mitoituksen perusteena on aina oltava asiakkaiden hoidon ja palvelujen tarve. Nyt teht\u00e4v\u00e4n muutoksen tavoite joustavoittaa toimintaa niin, ett\u00e4 asiakkaiden hoitoisuus ja siin\u00e4 tapahtuvat muutokset otetaan paremmin huomioon.<\/p>\n<p>Hallitusohjelman mukaisille sovituille s\u00e4\u00e4st\u00f6ille etsit\u00e4\u00e4n vaihtoehtoisia toteutustapoja, jotka varmistavat hallituksen sovitun talouslinjan ja valtion talouden kehyksiss\u00e4 pysymisen. T\u00e4m\u00e4 on my\u00f6s t\u00e4rke\u00e4\u00e4. Johtamani Kokoomuksen sosiaali- ja terveysvaliokuntaty\u00f6ryhm\u00e4 vaikuttaa aktiivisesti vanhuspalveluiden laatusuosituksen valmisteluun. Kuulin asian tiimoilta my\u00f6s kaupunkimme geriatreja.<\/p>\n<p>Vastaanotan mielell\u00e4ni palautetta ja ajatuksia helsinkil\u00e4isten hyv\u00e4n arjen edist\u00e4miseksi. Kirjoitan my\u00f6s kerran kuussa politiikan kuulumisia eduskunnasta ja Helsingist\u00e4. Kirjeen saa tilattua kotisivuiltani tai ottamalla minuun muuten yhteytt\u00e4.<\/p>\n<p>Sari Sarkomaa<br \/>\nKansanedustaja<br \/>\n<a href=\"https:\/\/mail.eduskunta.fi\/owa\/redir.aspx?C=_ATXyuCAZ8fkD2euLb7BRVsFYmPbM8ISZVXmdWXquBZwumtyPBjUCA..&amp;URL=http%3a%2f%2fwww.sarisarkomaa.fi\">www.sarisarkomaa.fi<\/a><\/p>\n","protected":false},"excerpt":{"rendered":"<p>On ilouutinen, ett\u00e4 sosiaali- ja terveysministeri\u00f6ss\u00e4 (STM) kaavailulle s\u00e4\u00e4st\u00f6toimenpiteelle pienent\u00e4\u00e4 hoitajamitoitusta on nyt hallituksessa l\u00f6ydetty parempi vaihtoehto. T\u00e4m\u00e4 oli viisas p\u00e4\u00e4t\u00f6s, jonka eteen tein paljon t\u00f6it\u00e4 yhdess\u00e4 muiden hallituspuolueiden sosiaali- ja terveysvaliokuntavastaavien kanssa. P\u00e4\u00e4t\u00f6s tarkoittaa, ett\u00e4 tilanne s\u00e4ilyy nykyisell\u00e4\u00e4n hoitajam\u00e4\u00e4r\u00e4n osalta. P\u00e4\u00e4t\u00f6s oli v\u00e4ltt\u00e4m\u00e4t\u00f6n ik\u00e4ihmisten hyv\u00e4n hoidon turvaamiseksi ja my\u00f6s arvostuksen osoitus hoitoty\u00f6ntekij\u00f6iden tekem\u00e4\u00e4 t\u00e4rke\u00e4\u00e4 <a href=\"https:\/\/www.sarisarkomaa.fi\/?p=5813\" class=\"more-link\">...jatka lukemista<span class=\"screen-reader-text\"> \"Ik\u00e4ihmisten palvelut turvataan\"<\/span><\/a><\/p>\n","protected":false},"author":1,"featured_media":0,"comment_status":"closed","ping_status":"open","sticky":false,"template":"","format":"standard","meta":[],"categories":[8],"tags":[],"_links":{"self":[{"href":"https:\/\/www.sarisarkomaa.fi\/index.php?rest_route=\/wp\/v2\/posts\/5813"}],"collection":[{"href":"https:\/\/www.sarisarkomaa.fi\/index.php?rest_route=\/wp\/v2\/posts"}],"about":[{"href":"https:\/\/www.sarisarkomaa.fi\/index.php?rest_route=\/wp\/v2\/types\/post"}],"author":[{"embeddable":true,"href":"https:\/\/www.sarisarkomaa.fi\/index.php?rest_route=\/wp\/v2\/users\/1"}],"replies":[{"embeddable":true,"href":"https:\/\/www.sarisarkomaa.fi\/index.php?rest_route=%2Fwp%2Fv2%2Fcomments&post=5813"}],"version-history":[{"count":2,"href":"https:\/\/www.sarisarkomaa.fi\/index.php?rest_route=\/wp\/v2\/posts\/5813\/revisions"}],"predecessor-version":[{"id":5815,"href":"https:\/\/www.sarisarkomaa.fi\/index.php?rest_route=\/wp\/v2\/posts\/5813\/revisions\/5815"}],"wp:attachment":[{"href":"https:\/\/www.sarisarkomaa.fi\/index.php?rest_route=%2Fwp%2Fv2%2Fmedia&parent=5813"}],"wp:term":[{"taxonomy":"category","embeddable":true,"href":"https:\/\/www.sarisarkomaa.fi\/index.php?rest_route=%2Fwp%2Fv2%2Fcategories&post=5813"},{"taxonomy":"post_tag","embeddable":true,"href":"https:\/\/www.sarisarkomaa.fi\/index.php?rest_route=%2Fwp%2Fv2%2Ftags&post=5813"}],"curies":[{"name":"wp","href":"https:\/\/api.w.org\/{rel}","templated":true}]}}