{"id":6075,"date":"2017-03-03T15:14:38","date_gmt":"2017-03-03T13:14:38","guid":{"rendered":"http:\/\/www.sarisarkomaa.fi\/?p=6075"},"modified":"2017-03-03T15:14:38","modified_gmt":"2017-03-03T13:14:38","slug":"kelan-valtuutetuille-arvio-perustoimeentulotuen-lakisaateiseen-kasittelyaikaan-paastaan-huhtikuussa","status":"publish","type":"post","link":"https:\/\/www.sarisarkomaa.fi\/?p=6075","title":{"rendered":"Kelan valtuutetuille arvio: perustoimeentulotuen lakis\u00e4\u00e4teiseen k\u00e4sittelyaikaan p\u00e4\u00e4st\u00e4\u00e4n huhtikuussa"},"content":{"rendered":"<p><b><span style=\"font-family: Arial;\">Kelan valtuutetut edellytt\u00e4v\u00e4t, ett\u00e4 ripe\u00e4t toimenpiteet jatkuvat, jotta lainmukaiseen tilanteeseen p\u00e4\u00e4st\u00e4\u00e4n mahdollisimman nopeasti.<\/span><\/b><\/p>\n<p><span style=\"color: #000000; font-family: Arial;\">Kelan valtuutetut pitiv\u00e4t 3.3. ylim\u00e4\u00e4r\u00e4isen yleiskokouksen perustoimeentulotuen tilanteen vuoksi. Kelan p\u00e4\u00e4johtaja <\/span><b><span style=\"font-family: Arial;\">Elli Aaltonen<\/span><\/b><span style=\"color: #000000; font-family: Arial;\"> arvioi perjantaina, ett\u00e4 perustoimeentulotuen k\u00e4sittelyaika saadaan lainmukaiseksi huhtikuussa. <\/span><\/p>\n<p><span style=\"color: #000000; font-family: Arial;\">Perustoimeentulotuen siirtyminen Kelaan on n\u00e4kynyt ruuhkana puhelinpalvelussa sek\u00e4 Etel\u00e4-Suomen ja suurten kaupunkien toimistoissa. Perustoimeentulotuen hakemusten k\u00e4sittely kesti helmikuussa keskim\u00e4\u00e4rin 7,9 ty\u00f6p\u00e4iv\u00e4\u00e4.<\/span><\/p>\n<p><span style=\"color: #000000; font-family: Arial;\">Kelan valtuutetut ovat jo aiemmissa kokouksissa edellytt\u00e4neet, ett\u00e4 Kela ratkaisee perustoimeentulotuen hakemukset lakis\u00e4\u00e4teisess\u00e4 ajassa.<\/span><\/p>\n<p><span style=\"color: #000000; font-family: Arial;\">\u2013 Edellyt\u00e4mme, ett\u00e4 Kela jatkaa toimia, joilla laissa m\u00e4\u00e4riteltyyn tilanteeseen p\u00e4\u00e4st\u00e4\u00e4n ripe\u00e4sti. Lainmukaiseen tilanteeseen pit\u00e4\u00e4 p\u00e4\u00e4st\u00e4 viipym\u00e4tt\u00e4. Samalla on huolehdittava, ettei muiden etuuksien k\u00e4sittely ruuhkaudu. Kelan on my\u00f6s teht\u00e4v\u00e4 kaikkensa, jotta asiakaspalvelun ruuhkat saadaan loppumaan. Kelan valtuutetut seuraavat tilannetta tarkasti, sanoi Kelan valtuutettujen puheenjohtaja <\/span><b><span style=\"font-family: Arial;\">Sari Sarkomaa<\/span><\/b><span style=\"color: #000000; font-family: Arial;\">. <\/span><\/p>\n<p><span style=\"color: #000000; font-family: Arial;\">\u2013 Kelan valtuutetut toistivat kantansa, ett\u00e4 Kelalle on turvattava riitt\u00e4v\u00e4t resurssit, jotta lakis\u00e4\u00e4teiseen k\u00e4sittelyaikaan p\u00e4\u00e4st\u00e4\u00e4n, tarvittaessa lis\u00e4budjetilla.<\/span><\/p>\n<p><span style=\"color: #000000; font-family: Times New Roman;\"><br \/>\n<\/span> <b><span style=\"font-family: Arial;\">Ruuhkia ratkaistaan monin eri tavoin<\/span><\/b><\/p>\n<p><span style=\"color: #000000; font-family: Arial;\">Asiakaspalvelun ja hakemusten k\u00e4sittelyn ruuhkaa on purettu tekem\u00e4ll\u00e4 ylit\u00f6it\u00e4, m\u00e4\u00e4r\u00e4aikaisten ty\u00f6ntekij\u00f6iden ty\u00f6suhteita jatkamalla ja rekrytoimalla lis\u00e4\u00e4 henkil\u00f6st\u00f6\u00e4. Kelassa on my\u00f6s sovittu uusista toimintatavoista, joita voidaan hy\u00f6dynt\u00e4\u00e4 erityisen kiireellisiss\u00e4 perustoimeentulotukeen liittyviss\u00e4 tilanteissa. <\/span><strong><span style=\"font-family: 'Arial',sans-serif;\"><span style=\"color: #000000;\">Asiakkaiden l\u00e4\u00e4kkeiden ja ruoan saanti turvataan maksusitoumuksilla. <\/span><\/span><\/strong><\/p>\n<p><strong><span style=\"font-family: 'Arial',sans-serif; font-weight: normal;\"><span style=\"color: #000000;\">K<\/span><\/span><\/strong><span style=\"color: #000000; font-family: Arial;\">ela on my\u00f6s ollut yhteydess\u00e4 kuntiin, jotta ne my\u00f6nt\u00e4isiv\u00e4t ehk\u00e4isev\u00e4\u00e4 toimeentulotukea kiireellisen ja v\u00e4ltt\u00e4m\u00e4tt\u00f6m\u00e4n avun turvaamiseksi, vaikka Kela ei olisi viel\u00e4 tehnyt p\u00e4\u00e4t\u00f6st\u00e4 perustoimeentulotuesta. Yhteisty\u00f6t\u00e4 kuntien kanssa hiotaan my\u00f6s jatkossa. <\/span><\/p>\n<p><b><span style=\"font-family: Arial;\">Lis\u00e4tietoja: <\/span><\/b><span style=\"color: #000000; font-family: Arial;\">Kelan valtuutettujen puheenjohtaja Sari Sarkomaa, 050 511 3033<\/span><\/p>\n<p><i><span style=\"color: #000000; font-family: Arial;\">Kelan valtuutetut valvovat Kelan hallintoa ja toimintaa, vahvistavat Kelan hallituksen esityksest\u00e4 laitoksen tilinp\u00e4\u00e4t\u00f6ksen perusteet ja tilinp\u00e4\u00e4t\u00f6ksen sek\u00e4 my\u00f6nt\u00e4v\u00e4t vastuuvapauden hallitukselle. Valtuutetut antavat lis\u00e4ksi vuosittain eduskunnalle kertomuksen omasta toiminnastaan.<\/span><\/i><\/p>\n<p><b><span style=\"font-family: Arial;\">Kelan valtuutetut 2015\u20132019<\/span><\/b><\/p>\n<p><b><span style=\"font-family: Arial;\">Puheenjohtaja<\/span><\/b><\/p>\n<p><span style=\"color: #000000; font-family: Arial;\">Sari Sarkomaa, kok<\/span><\/p>\n<p><b><span style=\"font-family: Arial;\">Varapuheenjohtaja<\/span><\/b><\/p>\n<p><span style=\"color: #000000; font-family: Arial;\">Niilo Ker\u00e4nen, kesk.<\/span><\/p>\n<p><b><span style=\"font-family: Arial;\">Valtuutetut<\/span><\/b><\/p>\n<p><span style=\"color: #000000; font-family: Arial;\">Outi Alanko-Kahiluoto, vihr.<\/span><\/p>\n<p><span style=\"color: #000000; font-family: Arial;\">Ritva Elomaa, ps.<\/span><\/p>\n<p><span style=\"color: #000000; font-family: Arial;\">Hannakaisa Heikkinen, kesk.<\/span><\/p>\n<p><span style=\"color: #000000; font-family: Arial;\">Anneli Kiljunen, sd.<\/span><\/p>\n<p><span style=\"color: #000000; font-family: Arial;\">Jaana Laitinen-Pesola, kok.<\/span><\/p>\n<p><span style=\"color: #000000; font-family: Arial;\">Anne Louhelainen, ps.<\/span><\/p>\n<p><span style=\"color: #000000; font-family: Arial;\">Leena Meri, ps.<\/span><\/p>\n<p><span style=\"color: #000000; font-family: Arial;\">Kristiina Salonen, sd.<\/span><\/p>\n<p><span style=\"color: #000000; font-family: Arial;\">Eero Suutari, kok.<\/span><\/p>\n<p><span style=\"color: #000000; font-family: Arial;\">Martti Talja, kesk.<\/span><\/p>\n<p><span style=\"color: #000000; font-family: Arial;\">\u00a0***<\/span><\/p>\n<p><span style=\"color: #000000; font-family: Arial;\">Kelan viestinn\u00e4n puhelinpalvelu medialle p. <\/span><b><span style=\"font-family: Arial;\">040 733 5221<\/span><\/b><span style=\"color: #000000; font-family: Arial;\">, arkisin klo 9-16<br \/>\n<\/span> <a><span style=\"color: blue;\"><span style=\"font-family: Arial;\">viestinta@kela.fi<\/span><\/span><\/a><\/p>\n<p><span style=\"color: #000000; font-family: Times New Roman;\"><br \/>\n<\/span><span style=\"color: #000000; font-family: Arial;\"> Kelan tilasto- ja tietovarastoryhm\u00e4n puhelinp\u00e4ivystys medialle p. <\/span><b><span style=\"font-family: Arial;\">050 5517 960, <\/span><\/b><span style=\"color: #000000; font-family: Arial;\">arkisin klo 9-16<\/span><\/p>\n<p><a><span style=\"color: blue;\"><span style=\"font-family: Arial;\">tilastot@kela.fi<\/span><\/span><\/a><\/p>\n<p>&nbsp;<\/p>\n<p><b><span style=\"font-family: Arial;\">Mediainfo<\/span><\/b><span style=\"color: #000000; font-family: Arial;\"> on Kelan taustoittava uutiskirje medialle. <\/span><\/p>\n<p><span style=\"color: #000000; font-family: Arial;\">Tilaa kerran kuussa ilmestyv\u00e4 mediainfo osoitteessa <\/span><a href=\"http:\/\/www.kela.fi\/uutiskirje\"><span style=\"color: blue;\"><span style=\"font-family: Arial;\">www.kela.fi\/uutiskirje<\/span><\/span><\/a><\/p>\n<p><span style=\"color: #000000; font-family: Arial;\">Viestinn\u00e4n yhteystiedot verkossa<\/span><\/p>\n<p><a href=\"http:\/\/www.kela.fi\/viestinta\"><span style=\"color: blue;\"><span style=\"font-family: Arial;\">www.kela.fi\/viestinta<\/span><\/span><\/a><\/p>\n","protected":false},"excerpt":{"rendered":"<p>Kelan valtuutetut edellytt\u00e4v\u00e4t, ett\u00e4 ripe\u00e4t toimenpiteet jatkuvat, jotta lainmukaiseen tilanteeseen p\u00e4\u00e4st\u00e4\u00e4n mahdollisimman nopeasti. Kelan valtuutetut pitiv\u00e4t 3.3. ylim\u00e4\u00e4r\u00e4isen yleiskokouksen perustoimeentulotuen tilanteen vuoksi. Kelan p\u00e4\u00e4johtaja Elli Aaltonen arvioi perjantaina, ett\u00e4 perustoimeentulotuen k\u00e4sittelyaika saadaan lainmukaiseksi huhtikuussa. Perustoimeentulotuen siirtyminen Kelaan on n\u00e4kynyt ruuhkana puhelinpalvelussa sek\u00e4 Etel\u00e4-Suomen ja suurten kaupunkien toimistoissa. Perustoimeentulotuen hakemusten k\u00e4sittely kesti helmikuussa keskim\u00e4\u00e4rin 7,9 ty\u00f6p\u00e4iv\u00e4\u00e4. <a href=\"https:\/\/www.sarisarkomaa.fi\/?p=6075\" class=\"more-link\">...jatka lukemista<span class=\"screen-reader-text\"> \"Kelan valtuutetuille arvio: perustoimeentulotuen lakis\u00e4\u00e4teiseen k\u00e4sittelyaikaan p\u00e4\u00e4st\u00e4\u00e4n huhtikuussa\"<\/span><\/a><\/p>\n","protected":false},"author":1,"featured_media":0,"comment_status":"closed","ping_status":"open","sticky":false,"template":"","format":"standard","meta":[],"categories":[4],"tags":[],"_links":{"self":[{"href":"https:\/\/www.sarisarkomaa.fi\/index.php?rest_route=\/wp\/v2\/posts\/6075"}],"collection":[{"href":"https:\/\/www.sarisarkomaa.fi\/index.php?rest_route=\/wp\/v2\/posts"}],"about":[{"href":"https:\/\/www.sarisarkomaa.fi\/index.php?rest_route=\/wp\/v2\/types\/post"}],"author":[{"embeddable":true,"href":"https:\/\/www.sarisarkomaa.fi\/index.php?rest_route=\/wp\/v2\/users\/1"}],"replies":[{"embeddable":true,"href":"https:\/\/www.sarisarkomaa.fi\/index.php?rest_route=%2Fwp%2Fv2%2Fcomments&post=6075"}],"version-history":[{"count":1,"href":"https:\/\/www.sarisarkomaa.fi\/index.php?rest_route=\/wp\/v2\/posts\/6075\/revisions"}],"predecessor-version":[{"id":6076,"href":"https:\/\/www.sarisarkomaa.fi\/index.php?rest_route=\/wp\/v2\/posts\/6075\/revisions\/6076"}],"wp:attachment":[{"href":"https:\/\/www.sarisarkomaa.fi\/index.php?rest_route=%2Fwp%2Fv2%2Fmedia&parent=6075"}],"wp:term":[{"taxonomy":"category","embeddable":true,"href":"https:\/\/www.sarisarkomaa.fi\/index.php?rest_route=%2Fwp%2Fv2%2Fcategories&post=6075"},{"taxonomy":"post_tag","embeddable":true,"href":"https:\/\/www.sarisarkomaa.fi\/index.php?rest_route=%2Fwp%2Fv2%2Ftags&post=6075"}],"curies":[{"name":"wp","href":"https:\/\/api.w.org\/{rel}","templated":true}]}}