{"id":6225,"date":"2017-05-03T16:42:56","date_gmt":"2017-05-03T14:42:56","guid":{"rendered":"http:\/\/www.sarisarkomaa.fi\/?p=6225"},"modified":"2017-07-26T12:29:47","modified_gmt":"2017-07-26T10:29:47","slug":"sisailmaongelmista-otettava-niskaote","status":"publish","type":"post","link":"https:\/\/www.sarisarkomaa.fi\/?p=6225","title":{"rendered":"Sis\u00e4ilmaongelmista otettava niskaote"},"content":{"rendered":"<p>Uutiset K\u00e4til\u00f6opiston sairaalan tilanteesta pist\u00e4v\u00e4t vakavaksi.\u00a0K\u00e4til\u00f6opiston rakenteista on l\u00f6ytynyt s\u00e4desient\u00e4 sek\u00e4 laho- ja mikrobivaurioita. Helsingin ja Uudenmaan sairaanhoitopiiri Hus luopuu K\u00e4til\u00f6opiston tiloista puolen vuoden sis\u00e4ll\u00e4.<\/p>\n<p>Julkisuuteen tulleiden tietojen mukaan K\u00e4til\u00f6opiston sis\u00e4ilmaongelmat ovat sairastuttaneet kymmeni\u00e4 tiloissa ty\u00f6skentelevi\u00e4. Henkil\u00f6kunta on oireillut usean vuoden ajan. P\u00e4\u00e4tt\u00e4j\u00e4n\u00e4 on pakko pohtia ja kysy\u00e4, miten asiassa olisi voitu toimia paremmin? Oliko sis\u00e4ilmaongelmien puuttumiseen pelis\u00e4\u00e4nn\u00f6t sovittuna ja kaikkien tiedossa? Onko k\u00e4yt\u00f6ss\u00e4 tutkittuun tietoon perustuvat toimintatavat niin, ett\u00e4 sis\u00e4ilmaongelmiin osataan puuttua ajoissa ja ennaltaehk\u00e4isev\u00e4sti. Ja onko lains\u00e4\u00e4d\u00e4nt\u00f6mme kohdallaan? Onko sis\u00e4ilmaongelman ennaltaehk\u00e4isyss\u00e4 ja ilmaantuessa vastuut sek\u00e4 velvoitteet m\u00e4\u00e4ritelty riitt\u00e4v\u00e4n selv\u00e4sti? Onko sairastuneen oikeusturva ja tuki kunnossa?<\/p>\n<p>K\u00e4til\u00f6opiston kaltaiset sis\u00e4ilmaongelmat ovat h\u00e4lytt\u00e4v\u00e4n yleisi\u00e4. Turun yliopisto ja Tehy ovat julkaisseet tutkimuksen sosiaali- ja terveysalan toimipisteiden sis\u00e4ilmasta.\u00a0Selvityksen mukaan sote-alan ty\u00f6ntekij\u00e4t oireilevat selv\u00e4sti enemm\u00e4n kuin muu v\u00e4est\u00f6. Kosteusvaurioita, homeen hajua ja n\u00e4kyvi\u00e4 homekasvustoja on v\u00e4hint\u00e4\u00e4n joka viidennell\u00e4 terveydenhuollon ty\u00f6paikalla. Vastaajista 15 prosenttia on joutunut vaihtamaan ty\u00f6pistett\u00e4 tai ty\u00f6paikkaa sis\u00e4ilmaongelman vuoksi. Hengitystiesairauksia kuten astmaa ja infektiosairauksia on vastaajien joukossa selv\u00e4sti enemm\u00e4n kuin keskim\u00e4\u00e4rin v\u00e4est\u00f6ss\u00e4.\u00a0Sis\u00e4ilmaongelmat aiheuttavat paljon sairauspoissaoloja ja jopa ty\u00f6kyvytt\u00f6myytt\u00e4.\u00a0Sis\u00e4ilmaongelmat piinaavat yht\u00e4lailla kouluja ja p\u00e4iv\u00e4koteja.<\/p>\n<p>K\u00e4til\u00f6opisto on j\u00e4\u00e4vuoren huippu isosta ongelmasta, joka aiheuttaa my\u00f6s merkitt\u00e4vi\u00e4 kustannuksia niin ty\u00f6nantajille kuin koko yhteiskunnalle, inhimillisist\u00e4 k\u00e4rsimyksist\u00e4 puhumattakaan.<\/p>\n<p>Kuntap\u00e4\u00e4tt\u00e4jill\u00e4 on vahva vastuu kunnan tilojen turvallisuudesta ja terveydest\u00e4. Valmistelin yhdess\u00e4 kansanedustaja Sanna Lauslahden kanssa toimenpideohjelman, joka sis\u00e4lt\u00e4\u00e4 ty\u00f6kaluja kunnalliseen p\u00e4\u00e4t\u00f6ksentekoon sis\u00e4ilmaongelmien kitkemiseksi ja ennaltaehk\u00e4isyksi. Samalla haastoimme uudet valtuustot aktiivisesti kitkem\u00e4\u00e4n sis\u00e4ilmaongelmaa.<\/p>\n<p>Sote- ja maakuntauudistuksen my\u00f6t\u00e4 sairaala-investoinnit siirtyv\u00e4t kuntataloudesta maakuntien omistamalle toimitilapalveluista vastaavalle palvelukeskukselle. Uudistus on mahdollisuus ottaa koppi kosteusvaurioiden nykyist\u00e4 paremmasta hoidosta.<\/p>\n<p>Eduskunta pui perusteellisesti sis\u00e4ilmaongelmaa\u00a0tarkastusvaliokunnan vuonna 2012 tekem\u00e4n ansiokkaan raportin pohjalta. Raporttiin oli koottu asiantuntijakuulemisen pohjalta laajat toimenpide-ehdotukset eri toimijatahoille. Ik\u00e4v\u00e4 kyll\u00e4 selv\u00e4\u00e4 edistyst\u00e4 sis\u00e4ilmaongelmien ratkaisuksi ei ole n\u00e4kyviss\u00e4. Lis\u00e4toimia kaivataan kipe\u00e4sti.<\/p>\n<p>Eduskunnan tarkastuvaliokunnan mukaan home- ja kosteusvaurioiden aiheuttamat terveydelliset kustannukset ovat vuosittain arviolta 450 milj. euroa.<\/p>\n<p>Pid\u00e4n perusteltuna, ett\u00e4 hallitus\u00a0asettaisi viipym\u00e4tt\u00e4 selvitysryhm\u00e4n tai henkil\u00f6n pohtimaan sis\u00e4ilmaongelmiin liittyv\u00e4\u00e4 lains\u00e4\u00e4d\u00e4nt\u00f6\u00e4 ja tekem\u00e4\u00e4n lains\u00e4\u00e4d\u00e4nt\u00f6 sek\u00e4 toimenpide-ehdotukset siit\u00e4, miten saamme koko kansakuntaa piinaavasta kosteusvaurioasiasta niskaotteen.<\/p>\n<p>Lis\u00e4tietoja:<\/p>\n<p>Sari Sarkomaa<\/p>\n<p>050 511 3033<\/p>\n<p>&nbsp;<\/p>\n","protected":false},"excerpt":{"rendered":"<p>Uutiset K\u00e4til\u00f6opiston sairaalan tilanteesta pist\u00e4v\u00e4t vakavaksi.\u00a0K\u00e4til\u00f6opiston rakenteista on l\u00f6ytynyt s\u00e4desient\u00e4 sek\u00e4 laho- ja mikrobivaurioita. Helsingin ja Uudenmaan sairaanhoitopiiri Hus luopuu K\u00e4til\u00f6opiston tiloista puolen vuoden sis\u00e4ll\u00e4. Julkisuuteen tulleiden tietojen mukaan K\u00e4til\u00f6opiston sis\u00e4ilmaongelmat ovat sairastuttaneet kymmeni\u00e4 tiloissa ty\u00f6skentelevi\u00e4. Henkil\u00f6kunta on oireillut usean vuoden ajan. P\u00e4\u00e4tt\u00e4j\u00e4n\u00e4 on pakko pohtia ja kysy\u00e4, miten asiassa olisi voitu toimia paremmin? Oliko <a href=\"https:\/\/www.sarisarkomaa.fi\/?p=6225\" class=\"more-link\">...jatka lukemista<span class=\"screen-reader-text\"> \"Sis\u00e4ilmaongelmista otettava niskaote\"<\/span><\/a><\/p>\n","protected":false},"author":1,"featured_media":0,"comment_status":"closed","ping_status":"open","sticky":false,"template":"","format":"standard","meta":[],"categories":[8],"tags":[],"_links":{"self":[{"href":"https:\/\/www.sarisarkomaa.fi\/index.php?rest_route=\/wp\/v2\/posts\/6225"}],"collection":[{"href":"https:\/\/www.sarisarkomaa.fi\/index.php?rest_route=\/wp\/v2\/posts"}],"about":[{"href":"https:\/\/www.sarisarkomaa.fi\/index.php?rest_route=\/wp\/v2\/types\/post"}],"author":[{"embeddable":true,"href":"https:\/\/www.sarisarkomaa.fi\/index.php?rest_route=\/wp\/v2\/users\/1"}],"replies":[{"embeddable":true,"href":"https:\/\/www.sarisarkomaa.fi\/index.php?rest_route=%2Fwp%2Fv2%2Fcomments&post=6225"}],"version-history":[{"count":1,"href":"https:\/\/www.sarisarkomaa.fi\/index.php?rest_route=\/wp\/v2\/posts\/6225\/revisions"}],"predecessor-version":[{"id":6227,"href":"https:\/\/www.sarisarkomaa.fi\/index.php?rest_route=\/wp\/v2\/posts\/6225\/revisions\/6227"}],"wp:attachment":[{"href":"https:\/\/www.sarisarkomaa.fi\/index.php?rest_route=%2Fwp%2Fv2%2Fmedia&parent=6225"}],"wp:term":[{"taxonomy":"category","embeddable":true,"href":"https:\/\/www.sarisarkomaa.fi\/index.php?rest_route=%2Fwp%2Fv2%2Fcategories&post=6225"},{"taxonomy":"post_tag","embeddable":true,"href":"https:\/\/www.sarisarkomaa.fi\/index.php?rest_route=%2Fwp%2Fv2%2Ftags&post=6225"}],"curies":[{"name":"wp","href":"https:\/\/api.w.org\/{rel}","templated":true}]}}