{"id":6246,"date":"2017-05-17T09:58:58","date_gmt":"2017-05-17T07:58:58","guid":{"rendered":"http:\/\/www.sarisarkomaa.fi\/?p=6246"},"modified":"2017-05-17T09:58:58","modified_gmt":"2017-05-17T07:58:58","slug":"eduskuntaterveiset-52017","status":"publish","type":"post","link":"https:\/\/www.sarisarkomaa.fi\/?p=6246","title":{"rendered":"Eduskuntaterveiset 5\/2017"},"content":{"rendered":"<p><strong>Hyv\u00e4 vastaanottaja<\/strong><\/p>\n<p>Eduskuntakausi on edennyt puoliv\u00e4liin. Kev\u00e4\u00e4n edetess\u00e4 olemme saaneet hitusen valoisempia talouslukuja ja toivoa orastavasta kasvusta. Suomi n\u00e4ytt\u00e4isi olevan viimein kipuamassa kuopasta, johon finanssikriisi paiskasi meid\u00e4t vuosikymmeneksi. Hallituksen puoliv\u00e4liriihess\u00e4 tehtiin p\u00e4\u00e4t\u00f6ksi\u00e4 lis\u00e4toimista my\u00f6nteisen kehityksen vauhdittamiseksi. Eduskuntaryhm\u00e4ss\u00e4mme olimme valmistelleet kehysriiheen ehdotuksia erityisesti ty\u00f6llisyyden ja yritt\u00e4jyyden edist\u00e4miseksi, rakenneuudistuksien vauhdittamiseksi, koulutuksen sek\u00e4 tutkimuksen investoimiseksi.<\/p>\n<p>T\u00e4ss\u00e4 viestiss\u00e4:<\/p>\n<ul>\n<li>Kutsu eduskuntaan\u00a015.6 kello 17-18.30<\/li>\n<li>Puoliv\u00e4liriihess\u00e4 lis\u00e4panostuksia\u00a0koulutukseen ja tutkimukseen<\/li>\n<li>Sosiaaliturvan uudistaminen alkoi<\/li>\n<li>Kelan perustoimeentulon maksatusruuhkan syyt selvitet\u00e4\u00e4n<\/li>\n<li>Sis\u00e4ilmaongelmiin tarvitaan vaikuttavampia keinoja<\/li>\n<li>Henkil\u00f6st\u00f6 mukaan sote-valmisteluun<\/li>\n<\/ul>\n<p>&nbsp;<\/p>\n<p><strong>Tervetuloa vaihtamaan politiikan kuulumisia eduskuntaan\u00a0<\/strong><\/p>\n<p>Tervetuloa kuulemaan ja keskustelemaan Suomen ja Helsingin politiikan ajankohtaisista aiheista to\u00a015.6 kello 17-18.30. Tilaisuuteen voit ilmoittautua avustajalleni Sinalle s\u00e4hk\u00f6postitse osoitteeseen sina.nordman@eduskunta.fi 12.5 menness\u00e4. Sis\u00e4\u00e4ntulo eduskuntaan on Arkadiankadulta osoitteessa Arkadiankatu 3. Tulethan turvatarkastuksen takia ajoissa paikalle. Avustajani saattaa tilaisuuteen osallistujat turvatarkastuksen j\u00e4lkeisest\u00e4 aulasta kokoustilaan.<\/p>\n<p><strong>Puoliv\u00e4liriihess\u00e4\u00a0lis\u00e4panostuksia\u00a0koulutukseen ja tutkimukseen<\/strong><\/p>\n<p>Hallitus p\u00e4\u00e4tti yli 200 miljoonan euron budjettipanostuksista ja 200 miljoonan euron p\u00e4\u00e4omituksista koulutukseen ja tutkimukseen.<\/p>\n<p>Huippututkimukseen lis\u00e4t\u00e4\u00e4n rahoitusta, peruskoulujen kehitt\u00e4misraha kaksinkertaistetaan, ammatillisen koulutuksen uudistusta tuetaan ja varhaiskasvatuksen laatuun panostetaan. \u00a0Hallitus k\u00e4ynnist\u00e4\u00e4 lukiouudistuksen ja opintotukeen tulee huoltajakorotus.<\/p>\n<p><a href=\"http:\/\/www.sarisarkomaa.fi\/?p=6217\">Oli v\u00e4ltt\u00e4m\u00e4t\u00f6nt\u00e4 ja meid\u00e4n sivistyskansanedustajien ehdoton vaade, ett\u00e4 tutkimusrahoitus k\u00e4\u00e4nnettiin nousu-uralle.<\/a> <a href=\"http:\/\/valtioneuvosto.fi\/artikkeli\/-\/asset_publisher\/10616\/hallitus-sopi-uusista-panostuksista-kasvuun-ja-tyollisyyteen\">Kehysriihess\u00e4 p\u00e4\u00e4tettiin my\u00f6s pienituloisten p\u00e4iv\u00e4hoitomaksujen alentamisesta, asumistuen neli\u00f6vuokrakatosta ja ty\u00f6tt\u00f6mien ty\u00f6markkinatuen porrastuksesta. P\u00e4iv\u00e4hoitomaksujen alentamisen ty\u00f6llisyysvaikutus on\u00a04000\u20135000 ty\u00f6llist\u00e4 lis\u00e4\u00e4.<\/a> Eduskunnan valtiovarainvaliokunnassa k\u00e4sitelemme parhaillaan puoliv\u00e4liriihen p\u00e4\u00e4t\u00f6ksiin pohjautuvaa kehysselontekoa.<\/p>\n<p>Olennaista on, ett\u00e4 uudistusvauhti ei hiivu.\u00a0Viri\u00e4v\u00e4t kasvuluvut eiv\u00e4t saa tuudittaa vaaralliseen ylioptimismiin \u2013 hallituksella ja eduskunnalla on viel\u00e4 rutkasti teht\u00e4v\u00e4\u00e4 edess\u00e4\u00e4n.<\/p>\n<p><strong>Sosiaaliturvan uudistaminen alkoi<\/strong><\/p>\n<p>Hallitus p\u00e4\u00e4tti kehysriihess\u00e4 aloittaa sosiaaliturvan uudistamisen. Yhteiskunta ei ole terve, jos ty\u00f6 ei kannata ja jos sosiaaliturva est\u00e4\u00e4 aktiivisen osallistumisen. Olen eduskuntaryhm\u00e4mme ty\u00f6ryhm\u00e4ss\u00e4, jossa valmistelemme uudistukseen sis\u00e4lt\u00f6\u00e4. Ty\u00f6t\u00e4 vet\u00e4\u00e4 varapuhemies Arto Satonen.<a href=\"http:\/\/www.sarisarkomaa.fi\/?p=6213\"> Sosiaaliturvan uudistusta tarvitaan<\/a>.<\/p>\n<p><a href=\"http:\/\/www.sarisarkomaa.fi\/?p=6221\">Pettymys oli, ett\u00e4 hallitus ei saanut tehty\u00e4 viel\u00e4 p\u00e4\u00e4t\u00f6st\u00e4 perhevapaauudistuksen aloittamiseksi. Vaikuttamisty\u00f6 jatkuu. Viimeist\u00e4\u00e4n syksyn budjettiriihess\u00e4 on hallituksen asiasta saatava p\u00e4\u00e4t\u00f6s aikaiseksi ja suomalaisten perheiden kannalta v\u00e4ltt\u00e4m\u00e4t\u00f6n uudistusty\u00f6 vauhtiin.<\/a><\/p>\n<p>Puoliv\u00e4litarkastelussa p\u00e4\u00e4tettiin my\u00f6s \u00e4itien p\u00e4ihdekuntoutuksen rahoituksesta<a href=\"http:\/\/www.sarisarkomaa.fi\/?p=5586\">. Henkil\u00f6kohtaisena ty\u00f6voittona pid\u00e4n sit\u00e4, ett\u00e4 <\/a>saimme turvattua p\u00e4ihde\u00e4itien rahoituksen kahdeksi seuraavaksi vuodeksi, joiden aikana osana sote-uudistusta luomme rahoitukselle pysyv\u00e4n mallin. <a href=\"http:\/\/www.sarisarkomaa.fi\/?p=5838\">Olen ollut valtiovarainvaliokunnassa seitsem\u00e4n kertaa ryhm\u00e4mme p\u00e4\u00e4neuvottelijana pelastamassa p\u00e4ihde\u00e4itien rahoituksen.<\/a><\/p>\n<p><strong>Kelan perustoimeentulon maksatusruuhkan syyt selvitet\u00e4\u00e4n\u00a0<\/strong><\/p>\n<p>Kela on eduskunnan alainen ja sen toimintaa sek\u00e4 hallintoa valvovat eduskunnan nime\u00e4v\u00e4t valtuutetut. Toimin Kelan valtuutettujen puheenjohtajana. Helpottuneena voin todeta, ett\u00e4 <a href=\"http:\/\/www.sarisarkomaa.fi\/?p=6203\">Kela on saavuttanut lain mukaisen tilan perustoimeentulotuen maksatuksessa. Kelan toimintaa valvovat valtuutetut ovat edellytt\u00e4neet lain mukaisen tilan saavuttamista viipym\u00e4tt\u00e4.<\/a> <strong>\u00a0<\/strong>Olemme edellytt\u00e4neet kelalta selvityst\u00e4 perustoimeentulotuen kela siirtoon liittyvist\u00e4 toimista ja saamme selvityksen kes\u00e4kuun valtuutettujen kokoukseemme. Tapahtuneesta on kelan johdon ja muiden toimijoiden syyt\u00e4 ottaa\u00a0oppia.<\/p>\n<p><strong>Sis\u00e4ilmaongelmiin tarvitaan vaikuttavampia keinoja<\/strong><\/p>\n<p>Julkisuuteen tulleiden tietojen mukaan K\u00e4til\u00f6opiston sis\u00e4ilmaongelmat ovat sairastuttaneet kymmeni\u00e4 tiloissa ty\u00f6skentelevi\u00e4.<\/p>\n<p>Kuntap\u00e4\u00e4tt\u00e4jill\u00e4 on vahva vastuu kunnan tilojen turvallisuudesta ja terveydest\u00e4. <a href=\"http:\/\/www.sarisarkomaa.fi\/?p=6169\">Valmistelin yhdess\u00e4 kansanedustaja Sanna Lauslahden kanssa toimenpideohjelman, joka sis\u00e4lt\u00e4\u00e4 ty\u00f6kaluja kunnalliseen p\u00e4\u00e4t\u00f6ksentekoon sis\u00e4ilmaongelmien kitkemiseksi ja ennaltaehk\u00e4isyksi.<\/a> Samalla haastoimme uudet valtuustot aktiivisesti kitkem\u00e4\u00e4n sis\u00e4ilmaongelmaa.<\/p>\n<p>Eduskunta pui perusteellisesti sis\u00e4ilmaongelmaa\u00a0tarkastusvaliokunnan vuonna 2012 tekem\u00e4n raportin pohjalta. Raporttiin koottiin laajat toimenpide-ehdotukset eri toimijatahoille. Ik\u00e4v\u00e4 kyll\u00e4 selv\u00e4\u00e4 edistyst\u00e4 sis\u00e4ilmaongelmien ratkaisuksi ei ole n\u00e4kyviss\u00e4. \u00a0Pid\u00e4n perusteltuna, ett\u00e4 hallitus\u00a0asettaisi selvitysryhm\u00e4n tekem\u00e4\u00e4n lains\u00e4\u00e4d\u00e4nt\u00f6- sek\u00e4 toimenpide-ehdotukset, joilla voidaan nykyist\u00e4 vaikuttavammin ehk\u00e4ist\u00e4 ja korjata sis\u00e4ilmaongelmia sek\u00e4 niihin liittyvi\u00e4 kysymyksi\u00e4.\u00a0<a href=\"http:\/\/www.sarisarkomaa.fi\/?p=6231\">Selvityksess\u00e4 on hyv\u00e4 pohtia, onko sis\u00e4ilmaongelman ennaltaehk\u00e4isyss\u00e4 ja ilmaantuessa vastuut sek\u00e4 velvoitteet m\u00e4\u00e4ritelty riitt\u00e4v\u00e4n selv\u00e4sti ja onko sairastuneen oikeusturva ja tuki kunnossa<\/a>.<\/p>\n<p><strong>Henkil\u00f6st\u00f6 mukaan sote-valmisteluun<\/strong><\/p>\n<p>Sote-uudistusta koskeva lains\u00e4\u00e4d\u00e4nt\u00f6 on eduskunnan k\u00e4sittelyss\u00e4. Tavoite on, ett\u00e4 laki olisi valmis hein\u00e4kuun ensimm\u00e4isell\u00e4 viikolla.\u00a0<a href=\"http:\/\/www.sarisarkomaa.fi\/?p=6164\">Uusituksen toimeenpanossa henkil\u00f6st\u00f6n sitoutuminen on avainasemassa muutoksen onnistumisen kannalta<\/a>.\u00a0<a href=\"http:\/\/www.sarisarkomaa.fi\/?p=6241\">Me Uudenmaan kansanedustajat kokoonnumme s\u00e4\u00e4nn\u00f6llisesti pohtimaan uudistusta Uudenmaan n\u00e4k\u00f6kulmasta.<\/a><\/p>\n<p><a href=\"http:\/\/www.sarisarkomaa.fi\/?p=6236\">Viimeisemp\u00e4n\u00e4 eduskuntaan saapui valinnanvapauslaki<\/a>. Oli v\u00e4ltt\u00e4m\u00e4t\u00f6nt\u00e4, ett\u00e4 hallitus huomioi laajan lausuntokierroksen palautteen ja Suomen valinnanvapausmalli saapui parannettuna eduskuntaan.<\/p>\n<p><a href=\"http:\/\/www.sarisarkomaa.fi\/?p=6194\">Selvi\u00e4 muutostarpeita on jo l\u00f6ytynyt<\/a>. <a href=\"http:\/\/www.verkkouutiset.fi\/kotimaa\/sarkomaa_mll-65396\">Yksi merkitt\u00e4v\u00e4 on lis\u00e4t\u00e4 maakuntalakiin ja j\u00e4rjest\u00e4mislakiin puuttunut maakunnan velvoite tehd\u00e4 yhteisty\u00f6t\u00e4 j\u00e4rjest\u00f6jen kanssa.<\/a>\u00a0Hyvinvointi tehd\u00e4\u00e4n yhdess\u00e4.<\/p>\n<p>Aurinkoisin kev\u00e4tterveisin<\/p>\n<p>&nbsp;<\/p>\n<p>Sari Sarkomaa<\/p>\n<p>Kansanedustaja<\/p>\n<p>&nbsp;<\/p>\n<p>Kansallinen Kokoomus<\/p>\n<p>00102 Eduskunta<\/p>\n<p>Tel. +358 50 5113033<\/p>\n<p>sari.sarkomaa@eduskunta.fi<\/p>\n<p><a href=\"http:\/\/www.sarisarkomaa.fi\/\">http:\/\/www.sarisarkomaa.fi\/<\/a><\/p>\n<p><a href=\"https:\/\/www.facebook.com\/sarkomaasari\/\">https:\/\/www.facebook.com\/sarkomaasari\/<\/a><\/p>\n<p><a href=\"http:\/\/fi.linkedin.com\/in\/sari.sarkomaa\">http:\/\/fi.linkedin.com\/in\/sari.sarkomaa<\/a><\/p>\n<p><a href=\"https:\/\/twitter.com\/sari.sarkomaa\">https:\/\/twitter.com\/sari.sarkomaa<\/a><\/p>\n<p>&nbsp;<\/p>\n<p>&nbsp;<\/p>\n<p>&nbsp;<\/p>\n","protected":false},"excerpt":{"rendered":"<p>Hyv\u00e4 vastaanottaja Eduskuntakausi on edennyt puoliv\u00e4liin. Kev\u00e4\u00e4n edetess\u00e4 olemme saaneet hitusen valoisempia talouslukuja ja toivoa orastavasta kasvusta. Suomi n\u00e4ytt\u00e4isi olevan viimein kipuamassa kuopasta, johon finanssikriisi paiskasi meid\u00e4t vuosikymmeneksi. Hallituksen puoliv\u00e4liriihess\u00e4 tehtiin p\u00e4\u00e4t\u00f6ksi\u00e4 lis\u00e4toimista my\u00f6nteisen kehityksen vauhdittamiseksi. Eduskuntaryhm\u00e4ss\u00e4mme olimme valmistelleet kehysriiheen ehdotuksia erityisesti ty\u00f6llisyyden ja yritt\u00e4jyyden edist\u00e4miseksi, rakenneuudistuksien vauhdittamiseksi, koulutuksen sek\u00e4 tutkimuksen investoimiseksi. T\u00e4ss\u00e4 viestiss\u00e4: Kutsu <a href=\"https:\/\/www.sarisarkomaa.fi\/?p=6246\" class=\"more-link\">...jatka lukemista<span class=\"screen-reader-text\"> \"Eduskuntaterveiset 5\/2017\"<\/span><\/a><\/p>\n","protected":false},"author":1,"featured_media":0,"comment_status":"closed","ping_status":"open","sticky":false,"template":"","format":"standard","meta":[],"categories":[6],"tags":[],"_links":{"self":[{"href":"https:\/\/www.sarisarkomaa.fi\/index.php?rest_route=\/wp\/v2\/posts\/6246"}],"collection":[{"href":"https:\/\/www.sarisarkomaa.fi\/index.php?rest_route=\/wp\/v2\/posts"}],"about":[{"href":"https:\/\/www.sarisarkomaa.fi\/index.php?rest_route=\/wp\/v2\/types\/post"}],"author":[{"embeddable":true,"href":"https:\/\/www.sarisarkomaa.fi\/index.php?rest_route=\/wp\/v2\/users\/1"}],"replies":[{"embeddable":true,"href":"https:\/\/www.sarisarkomaa.fi\/index.php?rest_route=%2Fwp%2Fv2%2Fcomments&post=6246"}],"version-history":[{"count":1,"href":"https:\/\/www.sarisarkomaa.fi\/index.php?rest_route=\/wp\/v2\/posts\/6246\/revisions"}],"predecessor-version":[{"id":6248,"href":"https:\/\/www.sarisarkomaa.fi\/index.php?rest_route=\/wp\/v2\/posts\/6246\/revisions\/6248"}],"wp:attachment":[{"href":"https:\/\/www.sarisarkomaa.fi\/index.php?rest_route=%2Fwp%2Fv2%2Fmedia&parent=6246"}],"wp:term":[{"taxonomy":"category","embeddable":true,"href":"https:\/\/www.sarisarkomaa.fi\/index.php?rest_route=%2Fwp%2Fv2%2Fcategories&post=6246"},{"taxonomy":"post_tag","embeddable":true,"href":"https:\/\/www.sarisarkomaa.fi\/index.php?rest_route=%2Fwp%2Fv2%2Ftags&post=6246"}],"curies":[{"name":"wp","href":"https:\/\/api.w.org\/{rel}","templated":true}]}}