{"id":6276,"date":"2017-06-14T13:22:01","date_gmt":"2017-06-14T11:22:01","guid":{"rendered":"http:\/\/www.sarisarkomaa.fi\/?p=6276"},"modified":"2017-06-14T13:22:01","modified_gmt":"2017-06-14T11:22:01","slug":"kelan-valtuutetut-ulkoinen-arvio-perustoimeentulotuen-siirrosta-kelaan","status":"publish","type":"post","link":"https:\/\/www.sarisarkomaa.fi\/?p=6276","title":{"rendered":"Kelan valtuutetut: ulkoinen arvio perustoimeentulotuen siirrosta Kelaan"},"content":{"rendered":"<p><b><span style=\"font-family: Arial;\">Kelan valtuutetut k\u00e4sitteliv\u00e4t Kelan sis\u00e4ist\u00e4 arviointia kokouksessaan 13.6. ja p\u00e4\u00e4ttiv\u00e4t ulkoisen arvioinnin k\u00e4ynnist\u00e4misest\u00e4.<\/span><\/b><\/p>\n<p>Kelan valtuutettujen teht\u00e4viin kuuluu Kelan hallinnon ja toiminnan valvominen. Valtuutetut edellyttiv\u00e4t Kelalta sis\u00e4ist\u00e4 arviota perustoimeentulotuen siirrosta 3.3. kokouksessaan. Arvio julkaistiin viime perjantaina, ja Kelan valtuutetut k\u00e4sitteliv\u00e4t sit\u00e4 kokouksessaan 13. kes\u00e4kuuta. Kelan valtuutetut ovat seuranneet perustoimeentulotuen tilannetta tiiviisti.<\/p>\n<p>Valtuutetut totesivat, ett\u00e4 sis\u00e4inen arvio on kattava, mutta asian merkityksellisyyden vuoksi siit\u00e4 on kuitenkin hyv\u00e4 saada my\u00f6s ulkoinen arvio ja n\u00e4kemys.<\/p>\n<p>Ulkoisessa arvioinnissa teht\u00e4v\u00e4n\u00e4 on arvioida perustoimeentulotuen siirron suunnittelua ja toimeenpanoa ja Kelan prosesseja. Lis\u00e4ksi tavoitteena on saada kehitt\u00e4misehdotuksia, joita Kela voi hy\u00f6dynt\u00e4\u00e4 seuraavien uudistusten suunnittelussa ja uusia teht\u00e4vi\u00e4 vastaanottamisessa.<\/p>\n<p>Ulkoisen arvioinnin tekee Kelan valvontatilintarkastuksesta vastaava BDO Audiator Oy. Selvitys esitet\u00e4\u00e4n valtuutetuille 17. lokakuuta pidett\u00e4v\u00e4ss\u00e4 yleiskokouksessa.<\/p>\n<p><b><span style=\"font-family: Arial;\">Lis\u00e4tietoja: <\/span><\/b><span style=\"color: #000000; font-family: Arial;\">Kelan valtuutettujen puheenjohtaja Sari Sarkomaa, puh. 050 511 3033<\/span><\/p>\n<p><i><span style=\"color: #000000; font-family: Arial;\">Kelan valtuutetut valvovat Kelan hallintoa ja toimintaa, vahvistavat Kelan hallituksen esityksest\u00e4 laitoksen tilinp\u00e4\u00e4t\u00f6ksen perusteet ja tilinp\u00e4\u00e4t\u00f6ksen sek\u00e4 my\u00f6nt\u00e4v\u00e4t vastuuvapauden hallitukselle. Lis\u00e4ksi valtuutetut antavat vuosittain eduskunnalle kertomuksen omasta toiminnastaan.<\/span><\/i><\/p>\n<p><b><span style=\"font-family: Arial;\">Kelan valtuutetut 2015\u20132019<\/span><\/b><\/p>\n<p><b><span style=\"font-family: Arial;\">Puheenjohtaja<\/span><\/b><\/p>\n<p><span style=\"color: #000000; font-family: Arial;\">Sari Sarkomaa, kok<\/span><\/p>\n<p><b><span style=\"font-family: Arial;\">Varapuheenjohtaja<\/span><\/b><\/p>\n<p><span style=\"color: #000000; font-family: Arial;\">Niilo Ker\u00e4nen, kesk.<\/span><\/p>\n<p><b><span style=\"font-family: Arial;\">Valtuutetut<\/span><\/b><\/p>\n<p><span style=\"color: #000000; font-family: Arial;\">Outi Alanko-Kahiluoto, vihr.<\/span><\/p>\n<p><span style=\"color: #000000; font-family: Arial;\">Ritva Elomaa, ps.<\/span><\/p>\n<p><span style=\"color: #000000; font-family: Arial;\">Hannakaisa Heikkinen, kesk.<\/span><\/p>\n<p><span style=\"color: #000000; font-family: Arial;\">Anneli Kiljunen, sd.<\/span><\/p>\n<p><span style=\"color: #000000; font-family: Arial;\">Jaana Laitinen-Pesola, kok.<\/span><\/p>\n<p><span style=\"color: #000000; font-family: Arial;\">Anne Louhelainen, ps.<\/span><\/p>\n<p><span style=\"color: #000000; font-family: Arial;\">Leena Meri, ps.<\/span><\/p>\n<p><span style=\"color: #000000; font-family: Arial;\">Kristiina Salonen, sd.<\/span><\/p>\n<p><span style=\"color: #000000; font-family: Arial;\">Eero Suutari, kok.<\/span><\/p>\n<p><span style=\"color: #000000; font-family: Arial;\">Martti Talja, kesk.<\/span><\/p>\n<p><span style=\"color: #000000; font-family: Arial;\">\u00a0***<\/span><\/p>\n<p><span style=\"font-family: 'Calibri',sans-serif;\"><span style=\"color: #000000;\">\u00a0<\/span><\/span><\/p>\n<p><span style=\"color: #000000; font-family: Arial;\">Kelan viestinn\u00e4n puhelinpalvelu medialle p. <\/span><b><span style=\"font-family: Arial;\">040 733 5221<\/span><\/b><span style=\"color: #000000; font-family: Arial;\">, arkisin klo 9-16<br \/>\n<\/span> <a>viestinta@kela.fi<\/a><\/p>\n<p><span style=\"color: #000000; font-family: Times New Roman;\"><br \/>\n<\/span><span style=\"color: #000000; font-family: Arial;\"> Kelan tilasto- ja tietovarastoryhm\u00e4n puhelinp\u00e4ivystys medialle p. <\/span><b><span style=\"font-family: Arial;\">050 5517 960, <\/span><\/b><span style=\"color: #000000; font-family: Arial;\">arkisin klo 9-16<\/span><\/p>\n<p><a>tilastot@kela.fi<\/a><\/p>\n<p><span style=\"color: #000000; font-family: Arial;\">\u00a0<\/span><\/p>\n<p><b><span style=\"font-family: Arial;\">Mediainfo<\/span><\/b><span style=\"color: #000000; font-family: Arial;\"> on Kelan taustoittava uutiskirje medialle. <\/span><\/p>\n<p><span style=\"color: #000000; font-family: Arial;\">Tilaa 6 kertaa vuodessa ilmestyv\u00e4 mediainfo osoitteessa <\/span><a href=\"http:\/\/www.kela.fi\/uutiskirje\">www.kela.fi\/uutiskirje<\/a><\/p>\n<p><span style=\"color: #000000; font-family: Arial;\">Viestinn\u00e4n yhteystiedot verkossa<\/span><\/p>\n<p><a href=\"http:\/\/www.kela.fi\/viestinta\">www.kela.fi\/viestinta<\/a><\/p>\n","protected":false},"excerpt":{"rendered":"<p>Kelan valtuutetut k\u00e4sitteliv\u00e4t Kelan sis\u00e4ist\u00e4 arviointia kokouksessaan 13.6. ja p\u00e4\u00e4ttiv\u00e4t ulkoisen arvioinnin k\u00e4ynnist\u00e4misest\u00e4. Kelan valtuutettujen teht\u00e4viin kuuluu Kelan hallinnon ja toiminnan valvominen. Valtuutetut edellyttiv\u00e4t Kelalta sis\u00e4ist\u00e4 arviota perustoimeentulotuen siirrosta 3.3. kokouksessaan. Arvio julkaistiin viime perjantaina, ja Kelan valtuutetut k\u00e4sitteliv\u00e4t sit\u00e4 kokouksessaan 13. kes\u00e4kuuta. Kelan valtuutetut ovat seuranneet perustoimeentulotuen tilannetta tiiviisti. Valtuutetut totesivat, ett\u00e4 sis\u00e4inen arvio <a href=\"https:\/\/www.sarisarkomaa.fi\/?p=6276\" class=\"more-link\">...jatka lukemista<span class=\"screen-reader-text\"> \"Kelan valtuutetut: ulkoinen arvio perustoimeentulotuen siirrosta Kelaan\"<\/span><\/a><\/p>\n","protected":false},"author":1,"featured_media":0,"comment_status":"closed","ping_status":"open","sticky":false,"template":"","format":"standard","meta":[],"categories":[4],"tags":[],"_links":{"self":[{"href":"https:\/\/www.sarisarkomaa.fi\/index.php?rest_route=\/wp\/v2\/posts\/6276"}],"collection":[{"href":"https:\/\/www.sarisarkomaa.fi\/index.php?rest_route=\/wp\/v2\/posts"}],"about":[{"href":"https:\/\/www.sarisarkomaa.fi\/index.php?rest_route=\/wp\/v2\/types\/post"}],"author":[{"embeddable":true,"href":"https:\/\/www.sarisarkomaa.fi\/index.php?rest_route=\/wp\/v2\/users\/1"}],"replies":[{"embeddable":true,"href":"https:\/\/www.sarisarkomaa.fi\/index.php?rest_route=%2Fwp%2Fv2%2Fcomments&post=6276"}],"version-history":[{"count":1,"href":"https:\/\/www.sarisarkomaa.fi\/index.php?rest_route=\/wp\/v2\/posts\/6276\/revisions"}],"predecessor-version":[{"id":6278,"href":"https:\/\/www.sarisarkomaa.fi\/index.php?rest_route=\/wp\/v2\/posts\/6276\/revisions\/6278"}],"wp:attachment":[{"href":"https:\/\/www.sarisarkomaa.fi\/index.php?rest_route=%2Fwp%2Fv2%2Fmedia&parent=6276"}],"wp:term":[{"taxonomy":"category","embeddable":true,"href":"https:\/\/www.sarisarkomaa.fi\/index.php?rest_route=%2Fwp%2Fv2%2Fcategories&post=6276"},{"taxonomy":"post_tag","embeddable":true,"href":"https:\/\/www.sarisarkomaa.fi\/index.php?rest_route=%2Fwp%2Fv2%2Ftags&post=6276"}],"curies":[{"name":"wp","href":"https:\/\/api.w.org\/{rel}","templated":true}]}}