{"id":6299,"date":"2017-07-03T10:31:43","date_gmt":"2017-07-03T08:31:43","guid":{"rendered":"http:\/\/www.sarisarkomaa.fi\/?p=6299"},"modified":"2017-07-26T12:42:39","modified_gmt":"2017-07-26T10:42:39","slug":"sarkomaa-asiantuntijaryhma-arvioimaan-kela-lakia-ja-kelan-valvontaa-seka-asemaa","status":"publish","type":"post","link":"https:\/\/www.sarisarkomaa.fi\/?p=6299","title":{"rendered":"Sarkomaa: Asiantuntijaryhm\u00e4 arvioimaan Kela-lakia ja Kelan valvontaa sek\u00e4 asemaa"},"content":{"rendered":"<p>TIEDOTE 3.7.2017<\/p>\n<p>Julkaisuvapaa heti<\/p>\n<p>Kokoomuksen kansanedustaja, Kelan valtuutettujen puheenjohtaja Sari Sarkomaa pit\u00e4\u00e4 v\u00e4ltt\u00e4m\u00e4tt\u00f6m\u00e4n\u00e4, ett\u00e4 kuluvalla eduskuntakaudella arvioidaan Kansanel\u00e4kelaitosta koskeva lains\u00e4\u00e4d\u00e4nt\u00f6 ja samalla Kelan asema sek\u00e4 valvonta.<\/p>\n<p>Sarkomaan mielest\u00e4 on erityisen t\u00e4rke\u00e4 arvioida, onko Kelan valvonta nykyisell\u00e4\u00e4n riitt\u00e4v\u00e4\u00e4 ja tarkoituksenmukaista? Ja onko Kelan ja ministeri\u00f6iden toimivaltasuhteet Kelan nykyisi\u00e4 ja tulevia teht\u00e4vi\u00e4 ajatellen kohdallaan?<\/p>\n<p>Sarkomaa pit\u00e4\u00e4 viisaana asettaa arviointity\u00f6t\u00e4 tekem\u00e4\u00e4n asiantuntijaryhm\u00e4. Ryhm\u00e4n teht\u00e4v\u00e4 olisi laatia arvio ja sen pohjalta toimenpide-ehdotukset. Sarkomaa vie ehdotuksen ryhm\u00e4n asettamisesta Kelan valtuutettujen k\u00e4sitelt\u00e4v\u00e4ksi.<\/p>\n<p>Kela-valtuutetut ovat jo pyyt\u00e4neet esityksen Kelan johdon n\u00e4kemyksist\u00e4 Kela-lain muutostarpeista syksyn ensimm\u00e4iseen valtuutettujen yleiskokoukseen.<\/p>\n<p>Kela on eduskunnan valvonnassa oleva itsen\u00e4inen sosiaaliturvalaitos. Perustuslain 36 pyk\u00e4l\u00e4ss\u00e4 on s\u00e4\u00e4detty eduskunnalle m\u00e4\u00e4r\u00e4tty suora Kansanel\u00e4kelaitoksen valvonta. Valvontaa suorittavat eduskunnan nime\u00e4m\u00e4t valtuutetut.<\/p>\n<p>Sarkomaa kutsuu kaikkien eduskuntaryhmien puheenjohtajat keskustelemaan Kelaa koskevan lains\u00e4\u00e4d\u00e4nn\u00f6st\u00e4 ja Kelan asemasta sek\u00e4 valvonnasta syysistuntokauden alussa.<\/p>\n<p>Kela-lain uudistaminen on Sarkomaan mukaan v\u00e4ltt\u00e4m\u00e4t\u00f6nt\u00e4 monestakin syyst\u00e4. Yhten\u00e4 esimerkkin\u00e4 h\u00e4n mainitsee sen, ett\u00e4 Kelan johtajia ei ole mahdollista valita m\u00e4\u00e4r\u00e4aikaiseksi. T\u00e4m\u00e4 on t\u00e4ysin vastoin sit\u00e4, miten valtion hallinnon ylimpien virkamiesten valinnasta on s\u00e4\u00e4detty. Valtion ylimpiin virkoihin nimitet\u00e4\u00e4n virkamieslain mukaan pa\u0308a\u0308sa\u0308a\u0308nto\u0308isesti viiden vuoden ma\u0308a\u0308ra\u0308ajaksi. Sarkomaan mukaan on vaikea n\u00e4hd\u00e4 syit\u00e4, miksi nopeasti muuttuvassa maailmassa Kelan johtajat jatkossa valittaisiin toistaiseksi eli ns \"el\u00e4kevirkoihin\".<\/p>\n<p>Kela arviointia kokonaisuudessaan edellytt\u00e4\u00e4 se, ett\u00e4 Kelan rooli ja sen rahoitus on muuttunut sen 80 vuoden toiminnan aikana merkitt\u00e4v\u00e4sti. Nykyisin ty\u00f6nantajien ja ty\u00f6ntekij\u00f6iden sairausvakuutusmaksut ovat en\u00e4\u00e4 vain 26 prosenttia ja valtion rahoitus on jo 68 prosenttia Kelan rahoituksesta.<\/p>\n<p>Kela maksoi etuuksia vuonna 2016 14 miljardia ja sen toimintamenot olivat 431 miljoonaa euroa.<\/p>\n<p>Sote-ja maakuntauudistuksessa on viisasta hy\u00f6dynt\u00e4\u00e4 Kelan osaamista. Monessa valtakunnallinen toimija on viisaampi, osaavampi ja kustannusvaikuttavampi, kuin yksitt\u00e4inen maakunta.<\/p>\n<p>Kela on l\u00e4sn\u00e4 monin tavoin l\u00e4hes jokaisen suomalaisen arjessa. Kelan laadukkaiden toimintaedellytysten turvaaminen on keskeist\u00e4 koko ihmisten arjen ja suomalaisen hyvinvointiyhteiskunnan kannalta.<\/p>\n<p>&nbsp;<\/p>\n<p>Lis\u00e4tietoja:<\/p>\n<p>Sari Sarkomaa 050 511 3033<\/p>\n<p>&nbsp;<\/p>\n<p>&nbsp;<\/p>\n","protected":false},"excerpt":{"rendered":"<p>TIEDOTE 3.7.2017 Julkaisuvapaa heti Kokoomuksen kansanedustaja, Kelan valtuutettujen puheenjohtaja Sari Sarkomaa pit\u00e4\u00e4 v\u00e4ltt\u00e4m\u00e4tt\u00f6m\u00e4n\u00e4, ett\u00e4 kuluvalla eduskuntakaudella arvioidaan Kansanel\u00e4kelaitosta koskeva lains\u00e4\u00e4d\u00e4nt\u00f6 ja samalla Kelan asema sek\u00e4 valvonta. Sarkomaan mielest\u00e4 on erityisen t\u00e4rke\u00e4 arvioida, onko Kelan valvonta nykyisell\u00e4\u00e4n riitt\u00e4v\u00e4\u00e4 ja tarkoituksenmukaista? Ja onko Kelan ja ministeri\u00f6iden toimivaltasuhteet Kelan nykyisi\u00e4 ja tulevia teht\u00e4vi\u00e4 ajatellen kohdallaan? Sarkomaa pit\u00e4\u00e4 viisaana <a href=\"https:\/\/www.sarisarkomaa.fi\/?p=6299\" class=\"more-link\">...jatka lukemista<span class=\"screen-reader-text\"> \"Sarkomaa: Asiantuntijaryhm\u00e4 arvioimaan Kela-lakia ja Kelan valvontaa sek\u00e4 asemaa\"<\/span><\/a><\/p>\n","protected":false},"author":1,"featured_media":0,"comment_status":"closed","ping_status":"open","sticky":false,"template":"","format":"standard","meta":[],"categories":[4],"tags":[],"_links":{"self":[{"href":"https:\/\/www.sarisarkomaa.fi\/index.php?rest_route=\/wp\/v2\/posts\/6299"}],"collection":[{"href":"https:\/\/www.sarisarkomaa.fi\/index.php?rest_route=\/wp\/v2\/posts"}],"about":[{"href":"https:\/\/www.sarisarkomaa.fi\/index.php?rest_route=\/wp\/v2\/types\/post"}],"author":[{"embeddable":true,"href":"https:\/\/www.sarisarkomaa.fi\/index.php?rest_route=\/wp\/v2\/users\/1"}],"replies":[{"embeddable":true,"href":"https:\/\/www.sarisarkomaa.fi\/index.php?rest_route=%2Fwp%2Fv2%2Fcomments&post=6299"}],"version-history":[{"count":2,"href":"https:\/\/www.sarisarkomaa.fi\/index.php?rest_route=\/wp\/v2\/posts\/6299\/revisions"}],"predecessor-version":[{"id":6387,"href":"https:\/\/www.sarisarkomaa.fi\/index.php?rest_route=\/wp\/v2\/posts\/6299\/revisions\/6387"}],"wp:attachment":[{"href":"https:\/\/www.sarisarkomaa.fi\/index.php?rest_route=%2Fwp%2Fv2%2Fmedia&parent=6299"}],"wp:term":[{"taxonomy":"category","embeddable":true,"href":"https:\/\/www.sarisarkomaa.fi\/index.php?rest_route=%2Fwp%2Fv2%2Fcategories&post=6299"},{"taxonomy":"post_tag","embeddable":true,"href":"https:\/\/www.sarisarkomaa.fi\/index.php?rest_route=%2Fwp%2Fv2%2Ftags&post=6299"}],"curies":[{"name":"wp","href":"https:\/\/api.w.org\/{rel}","templated":true}]}}