{"id":6306,"date":"2017-07-04T12:54:04","date_gmt":"2017-07-04T10:54:04","guid":{"rendered":"http:\/\/www.sarisarkomaa.fi\/?p=6306"},"modified":"2017-07-26T12:43:41","modified_gmt":"2017-07-26T10:43:41","slug":"asiantuntijaryhma-arvioimaan-kela-lakia","status":"publish","type":"post","link":"https:\/\/www.sarisarkomaa.fi\/?p=6306","title":{"rendered":"Asiantuntijaryhm\u00e4 arvioimaan Kela-lakia"},"content":{"rendered":"<p>Perustuslaissa\u00a0eduskunnalle on s\u00e4\u00e4detty suora Kansanel\u00e4kelaitoksen valvontateht\u00e4v\u00e4.\u00a0Kela on eduskunnan alainen itsen\u00e4inen sosiaaliturvalaitos. Valvontaa suorittavat eduskunnan nime\u00e4m\u00e4t valtuutetut, joiden puheenjohtajana toimin.<\/p>\n<p>Kelan rooli ja rahoitus on muuttunut sen 80 vuoden toiminnan aikana merkitt\u00e4v\u00e4sti. Pid\u00e4n t\u00e4rke\u00e4n\u00e4 arvioida Kelaa koskeva lains\u00e4\u00e4d\u00e4nt\u00f6 sek\u00e4 Kelan asema ja valvonta kokonaisuutena. On arvioitava, onko maailman ja muun lains\u00e4\u00e4d\u00e4nn\u00f6n muuttuessa Kelaa koskeva lains\u00e4\u00e4d\u00e4nt\u00f6 ajan tasalla? Ja onko Kelan valvonta nykyisell\u00e4\u00e4n riitt\u00e4v\u00e4\u00e4 ja tarkoituksenmukaista? Ja onko Kelan ja ministeri\u00f6iden toimivaltasuhteet Kelan nykyisi\u00e4 ja tulevia teht\u00e4vi\u00e4 ajatellen kohdallaan?<\/p>\n<p>Arviointity\u00f6t\u00e4 on\u00a0viisasta asettaa tekem\u00e4\u00e4n asiantuntijaryhm\u00e4. Ryhm\u00e4n teht\u00e4v\u00e4 olisi laatia arvio ja sen pohjalta toimenpide-ehdotukset.<\/p>\n<p>Kutsun kaikkien eduskuntaryhmien puheenjohtajat keskustelemaan Kelaa koskevan lains\u00e4\u00e4d\u00e4nn\u00f6st\u00e4 ja Kelan asemasta sek\u00e4 valvonnasta syysistuntokauden alussa.<\/p>\n<p>Kela-lain uudistaminen on v\u00e4ltt\u00e4m\u00e4t\u00f6nt\u00e4 monestakin syyst\u00e4. Yhten\u00e4 kuvaavana esimerkkin\u00e4 mainittakoon, ett\u00e4 Kelan johtajia ei ole mahdollista valita m\u00e4\u00e4r\u00e4aikaiseksi. T\u00e4m\u00e4 on t\u00e4ysin vastoin sit\u00e4, miten valtion hallinnon ylimpien virkamiesten valinnasta on s\u00e4\u00e4detty. Valtion ylimpiin virkoihin nimitet\u00e4\u00e4n virkamieslain mukaan pa\u0308a\u0308sa\u0308a\u0308nto\u0308isesti viiden vuoden ma\u0308a\u0308ra\u0308ajaksi. On vaikea n\u00e4hd\u00e4 syit\u00e4, miksi nopeasti muuttuvassa maailmassa Kelan johtajat jatkossa valittaisiin toistaiseksi eli ns \"el\u00e4kevirkoihin\".<\/p>\n<p>Toinen esimerkki on pyk\u00e4l\u00e4, joka tarkkaan m\u00e4\u00e4ritt\u00e4\u00e4 mitk\u00e4 tahot on oltava edustettuna Kelan hallituksessa. Kela-laki edellytt\u00e4\u00e4, ett\u00e4 Kelan hallituksessa on aina esimerkiksi Maa- ja mets\u00e4taloustuottajain Keskusliiton edustaja. Kysymys kuuluu, vastaako pyk\u00e4l\u00e4\u00a0uudistuneen Kelan tarpeita.<\/p>\n<p>Nykyisin ty\u00f6nantajien ja ty\u00f6ntekij\u00f6iden sairausvakuutusmaksut ovat en\u00e4\u00e4 vain 26 prosenttia ja valtion rahoitus on jo 68 prosenttia Kelan rahoituksesta. T\u00e4m\u00e4 on syyt\u00e4 huomioida kela-lain ja valvonnan arvioinnissa. Kela maksoi etuuksia vuonna 2016 14 miljardia ja sen toimintamenot olivat 431 miljoonaa euroa.<\/p>\n<p>Vien ehdotukseni arviointiryhm\u00e4n asettamisesta Kelan valtuutettujen p\u00e4\u00e4tett\u00e4v\u00e4ksi. Selv\u00e4\u00e4 on, ett\u00e4 Kelan henkil\u00f6st\u00f6n n\u00e4kemyksi\u00e4 on arvioinnissa tarkkaan kuultava. Olemme Kela-valtuutettujen roolissa\u00a0jo pyyt\u00e4neet esityksen Kelan johdon n\u00e4kemyksist\u00e4 Kela-lain muutostarpeista syksyn ensimm\u00e4iseen valtuutettujen yleiskokoukseen.<\/p>\n<p>Sote- ja maakuntauudistuksessa on viisasta hy\u00f6dynt\u00e4\u00e4 Kelan osaamista. Monessa valtakunnallinen toimija on viisaampi, osaavampi ja kustannusvaikuttavampi, kuin yksitt\u00e4inen maakunta.<\/p>\n<p>Kela on edell\u00e4k\u00e4vij\u00e4 tietoj\u00e4rjestelmien kehitysty\u00f6ss\u00e4. Tietoj\u00e4rjestelmi\u00e4 voidaan kehitt\u00e4\u00e4 niin, ett\u00e4 ne palvelevat eri toimijoita maakunta sek\u00e4 sosiaali- ja terveyspalvelu-uudistuksessa.<\/p>\n<p>Kela on l\u00e4sn\u00e4 monin tavoin l\u00e4hes jokaisen suomalaisen arjessa. Kelan laadukkaiden toimintaedellytysten turvaaminen on keskeist\u00e4\u00a0ihmisten arjen ja koko suomalaisen hyvinvointiyhteiskunnan kannalta.<\/p>\n<p>Vastaanotan mielell\u00e4ni palautetta ja ajatuksia helsinkil\u00e4isten hyv\u00e4n arjen edist\u00e4miseksi. Kirjoitan noin kerran kuussa politiikan kuulumisia eduskunnasta. Kirjeen saa tilattua kotisivuiltani tai ottamalla minuun muuten yhteytt\u00e4.<\/p>\n<p>&nbsp;<\/p>\n<p>Sari Sarkomaa<\/p>\n<p>Kansanedustaja<\/p>\n<p>Kelan valtuutettujen puheenjohtaja<\/p>\n<p><a href=\"http:\/\/www.sarisarkomaa.fi\/\">www.sarisarkomaa.fi<\/a><\/p>\n","protected":false},"excerpt":{"rendered":"<p>Perustuslaissa\u00a0eduskunnalle on s\u00e4\u00e4detty suora Kansanel\u00e4kelaitoksen valvontateht\u00e4v\u00e4.\u00a0Kela on eduskunnan alainen itsen\u00e4inen sosiaaliturvalaitos. Valvontaa suorittavat eduskunnan nime\u00e4m\u00e4t valtuutetut, joiden puheenjohtajana toimin. Kelan rooli ja rahoitus on muuttunut sen 80 vuoden toiminnan aikana merkitt\u00e4v\u00e4sti. Pid\u00e4n t\u00e4rke\u00e4n\u00e4 arvioida Kelaa koskeva lains\u00e4\u00e4d\u00e4nt\u00f6 sek\u00e4 Kelan asema ja valvonta kokonaisuutena. On arvioitava, onko maailman ja muun lains\u00e4\u00e4d\u00e4nn\u00f6n muuttuessa Kelaa koskeva lains\u00e4\u00e4d\u00e4nt\u00f6 ajan <a href=\"https:\/\/www.sarisarkomaa.fi\/?p=6306\" class=\"more-link\">...jatka lukemista<span class=\"screen-reader-text\"> \"Asiantuntijaryhm\u00e4 arvioimaan Kela-lakia\"<\/span><\/a><\/p>\n","protected":false},"author":1,"featured_media":0,"comment_status":"closed","ping_status":"open","sticky":false,"template":"","format":"standard","meta":[],"categories":[8],"tags":[],"_links":{"self":[{"href":"https:\/\/www.sarisarkomaa.fi\/index.php?rest_route=\/wp\/v2\/posts\/6306"}],"collection":[{"href":"https:\/\/www.sarisarkomaa.fi\/index.php?rest_route=\/wp\/v2\/posts"}],"about":[{"href":"https:\/\/www.sarisarkomaa.fi\/index.php?rest_route=\/wp\/v2\/types\/post"}],"author":[{"embeddable":true,"href":"https:\/\/www.sarisarkomaa.fi\/index.php?rest_route=\/wp\/v2\/users\/1"}],"replies":[{"embeddable":true,"href":"https:\/\/www.sarisarkomaa.fi\/index.php?rest_route=%2Fwp%2Fv2%2Fcomments&post=6306"}],"version-history":[{"count":1,"href":"https:\/\/www.sarisarkomaa.fi\/index.php?rest_route=\/wp\/v2\/posts\/6306\/revisions"}],"predecessor-version":[{"id":6307,"href":"https:\/\/www.sarisarkomaa.fi\/index.php?rest_route=\/wp\/v2\/posts\/6306\/revisions\/6307"}],"wp:attachment":[{"href":"https:\/\/www.sarisarkomaa.fi\/index.php?rest_route=%2Fwp%2Fv2%2Fmedia&parent=6306"}],"wp:term":[{"taxonomy":"category","embeddable":true,"href":"https:\/\/www.sarisarkomaa.fi\/index.php?rest_route=%2Fwp%2Fv2%2Fcategories&post=6306"},{"taxonomy":"post_tag","embeddable":true,"href":"https:\/\/www.sarisarkomaa.fi\/index.php?rest_route=%2Fwp%2Fv2%2Ftags&post=6306"}],"curies":[{"name":"wp","href":"https:\/\/api.w.org\/{rel}","templated":true}]}}