{"id":7904,"date":"2019-07-31T11:26:44","date_gmt":"2019-07-31T09:26:44","guid":{"rendered":"https:\/\/www.sarisarkomaa.fi\/?p=7904"},"modified":"2019-07-31T11:26:47","modified_gmt":"2019-07-31T09:26:47","slug":"ministeri-kiurun-kiemurtelun-syyt-selvisi","status":"publish","type":"post","link":"https:\/\/www.sarisarkomaa.fi\/?p=7904","title":{"rendered":"Ministeri Kiurun kiemurtelun syyt selvisi?"},"content":{"rendered":"\n<p>Julkaistu Verkkouutisten blogissa 8.7.19<\/p>\n\n\n\n<p>Onhan t\u00e4m\u00e4 uskomatonta. Vaalien alla\noppositikansanedustaja&nbsp;Krista Kiuru (SDP) julisti sitovan&nbsp;hoitajamitoituksen\nolevan teht\u00e4viss\u00e4 heti ja yhdell\u00e4 virkkell\u00e4.&nbsp;Vaalien j\u00e4lkeen oli t\u00e4ysin\neri \u00e4\u00e4ni kellossa.&nbsp;Kiurun\ntoimiessa vastuuministerin\u00e4&nbsp;eduskunta ei ole saanut edes selv\u00e4\u00e4 vastausta\nmit\u00e4 ja milloin asiassa aiotaan tehd\u00e4. Eduskunnan kes\u00e4taukoa&nbsp;edelt\u00e4v\u00e4ll\u00e4\nkyselytunnilla ministeri Kiurun polveilevat vastaukset laittoivat asian jo\nl\u00e4hes umpisolmuun.&nbsp;<\/p>\n\n\n\n<p>Syy kierteleviin vastauksiin paljastuu\nhallitusohjelmasta, sill\u00e4 sielt\u00e4 ei&nbsp;vaalipuheissa luvattua\nhoitajamitoitusta l\u00f6ydy. Sen sijaan on kirjaus hoivahenkil\u00f6st\u00e4.\nHallitusohjelman mukaan on tarkoitus s\u00e4\u00e4t\u00e4\u00e4 hoivahenkil\u00f6st\u00f6n sitovasta\nv\u00e4himm\u00e4ismitoituksesta (0,7) ymp\u00e4rivuorokautisen hoivan yksik\u00f6iss\u00e4. Suomen\nl\u00e4hi- ja perushoitajaliitto SuPer on ilmaisut vakavan huolen Antti Rinteen\nhallituksen linjauksesta, josta ei ilmene lasketaanko mukaan muutakin kuin\nkoulutettu hoitohenkil\u00f6st\u00f6. Kirjaus ei vastaa Kiurun eik\u00e4 muun silloisen\nopposition vaalien aikaisia puheita eik\u00e4 lupauksia.&nbsp;<\/p>\n\n\n\n<p>Ihmetyst\u00e4 lis\u00e4\u00e4 se, ett\u00e4 Rinteen hallitus ei\nole my\u00f6sk\u00e4\u00e4n rahanjaossa hoitajamitoitusasiaa priorisoinut. Ennen vaaleja\nsosiaalidemokraatit ilmoittivat 0,7:n hoitajamitoituksen maksavan 250 miljoonaa\neuroa. Kuntaliitto p\u00e4\u00e4tyi samaan arvioon. Hallitusohjelmassa mitoituksen\ntoteuttamiseen on varattu vain 70 miljoonaa euroa. Ei ihme, ett\u00e4 on her\u00e4nnyt\nperusteltu ep\u00e4ilys siit\u00e4, aikooko hallitus perua tai ainakin puolittaa t\u00e4m\u00e4nkin\nvaalilupauksen.<\/p>\n\n\n\n<p>Vaalien alla opposition tekem\u00e4 \u201dvirkkeell\u00e4\nkuntoon\u201d hoitajamitoitusehdotus olisi j\u00e4tt\u00e4nyt kylm\u00e4sti syrj\u00e4\u00e4n kotihoidossa\nolevat ik\u00e4ihmiset sek\u00e4 omaishoidon. T\u00e4m\u00e4 vakava virhe on onneksi jo my\u00f6nnetty\nja hallitusohjelmaan on kirjattu mitoituksessa olevan kyse ensisijaisesti apua\ntarvitsevan ik\u00e4ihmisen hoidon tarpeesta. Ohjelman mukaan kotihoidon\nhoitajatarve&nbsp; on otettava huomioon ja on my\u00f6s katsottava mist\u00e4 lis\u00e4\u00e4\nhoitajia saadaan. &nbsp;<\/p>\n\n\n\n<p>Ministeri Kiurun ja Rinteen hallituksen\nonkin syyt\u00e4 lopettaa kaartelevat selitykset ja kannettava vastuun vanhusten\npalveluiden r\u00e4ikeiden ep\u00e4kohtien korjaamisesta. Hallituksen on viisasta vihdoin\nkuulla asiantuntijoita ja jatkaa ripe\u00e4sti viime eduskuntakaudella Kokoomuksen\naloitteesta k\u00e4ynnistetty\u00e4 vanhuspalvelulain uudistusty\u00f6t\u00e4. Aikaa ei ole\nhukattavaksi.<\/p>\n\n\n\n<p>Syksyn budjettiriihess\u00e4 on hallituksen&nbsp;\nkerrottava, miten ja mill\u00e4 rahalla vanhusten palveluiden laatua ja hoitajien\nm\u00e4\u00e4r\u00e4\u00e4 lis\u00e4t\u00e4\u00e4n. My\u00f6s hoiva-alan houkuttelevuuden ja ty\u00f6hyvinvoinnin\nlis\u00e4\u00e4miseen tarvitaan ripeit\u00e4 toimia.&nbsp;Jokaisen ik\u00e4ihmisen on voitava\nluottaa siihen, ett\u00e4 h\u00e4n saa laadukasta hoivaa ja inhimillisen kohtelun.&nbsp;<\/p>\n\n\n\n<p>Sari\nSarkomaa<\/p>\n\n\n\n<p>KansanedustajaKokoomuksen eduskuntaryhm\u00e4n varapuheenjohtaja&nbsp;<\/p>\n","protected":false},"excerpt":{"rendered":"<p>Julkaistu Verkkouutisten blogissa 8.7.19 Onhan t\u00e4m\u00e4 uskomatonta. Vaalien alla oppositikansanedustaja&nbsp;Krista Kiuru (SDP) julisti sitovan&nbsp;hoitajamitoituksen olevan teht\u00e4viss\u00e4 heti ja yhdell\u00e4 virkkell\u00e4.&nbsp;Vaalien j\u00e4lkeen oli t\u00e4ysin eri \u00e4\u00e4ni kellossa.&nbsp;Kiurun toimiessa vastuuministerin\u00e4&nbsp;eduskunta ei ole saanut edes selv\u00e4\u00e4 vastausta mit\u00e4 ja milloin asiassa aiotaan tehd\u00e4. Eduskunnan kes\u00e4taukoa&nbsp;edelt\u00e4v\u00e4ll\u00e4 kyselytunnilla ministeri Kiurun polveilevat vastaukset laittoivat asian jo l\u00e4hes umpisolmuun.&nbsp; Syy kierteleviin vastauksiin <a href=\"https:\/\/www.sarisarkomaa.fi\/?p=7904\" class=\"more-link\">...jatka lukemista<span class=\"screen-reader-text\"> \"Ministeri Kiurun kiemurtelun syyt selvisi?\"<\/span><\/a><\/p>\n","protected":false},"author":1,"featured_media":0,"comment_status":"closed","ping_status":"open","sticky":false,"template":"","format":"standard","meta":[],"categories":[5],"tags":[],"_links":{"self":[{"href":"https:\/\/www.sarisarkomaa.fi\/index.php?rest_route=\/wp\/v2\/posts\/7904"}],"collection":[{"href":"https:\/\/www.sarisarkomaa.fi\/index.php?rest_route=\/wp\/v2\/posts"}],"about":[{"href":"https:\/\/www.sarisarkomaa.fi\/index.php?rest_route=\/wp\/v2\/types\/post"}],"author":[{"embeddable":true,"href":"https:\/\/www.sarisarkomaa.fi\/index.php?rest_route=\/wp\/v2\/users\/1"}],"replies":[{"embeddable":true,"href":"https:\/\/www.sarisarkomaa.fi\/index.php?rest_route=%2Fwp%2Fv2%2Fcomments&post=7904"}],"version-history":[{"count":1,"href":"https:\/\/www.sarisarkomaa.fi\/index.php?rest_route=\/wp\/v2\/posts\/7904\/revisions"}],"predecessor-version":[{"id":7905,"href":"https:\/\/www.sarisarkomaa.fi\/index.php?rest_route=\/wp\/v2\/posts\/7904\/revisions\/7905"}],"wp:attachment":[{"href":"https:\/\/www.sarisarkomaa.fi\/index.php?rest_route=%2Fwp%2Fv2%2Fmedia&parent=7904"}],"wp:term":[{"taxonomy":"category","embeddable":true,"href":"https:\/\/www.sarisarkomaa.fi\/index.php?rest_route=%2Fwp%2Fv2%2Fcategories&post=7904"},{"taxonomy":"post_tag","embeddable":true,"href":"https:\/\/www.sarisarkomaa.fi\/index.php?rest_route=%2Fwp%2Fv2%2Ftags&post=7904"}],"curies":[{"name":"wp","href":"https:\/\/api.w.org\/{rel}","templated":true}]}}