{"id":7907,"date":"2019-07-31T11:29:08","date_gmt":"2019-07-31T09:29:08","guid":{"rendered":"https:\/\/www.sarisarkomaa.fi\/?p=7907"},"modified":"2019-07-31T11:29:12","modified_gmt":"2019-07-31T09:29:12","slug":"kokoomuksen-sarkomaa-tuettu-hoivavapaa-tukemaan-omaisistaan-huolehtivien-tyossakayntia%ef%bb%bf","status":"publish","type":"post","link":"https:\/\/www.sarisarkomaa.fi\/?p=7907","title":{"rendered":"Kokoomuksen Sarkomaa: Tuettu hoivavapaa tukemaan omaisistaan huolehtivien ty\u00f6ss\u00e4k\u00e4ynti\u00e4\ufeff"},"content":{"rendered":"\n<p>Tiedote 5.7.2019Julkaisuvapaa heti<br><\/p>\n\n\n\n<p>Kokoomuksen eduskuntaryhm\u00e4n varapuheenjohtaja,\nkansanedustaja, <strong>Sari Sarkomaa<\/strong> kiritt\u00e4\u00e4 hallitusta valmistelemaan\nlakiesityksen tuetusta&nbsp;hoitovapaasta&nbsp; tukemaan omaisistaan\nhuolehtivien ty\u00f6ss\u00e4jaksamista.&nbsp;<\/p>\n\n\n\n<p>Tuettu hoivavapaa olisi tarkoitettu tilanteisiin,\njossa ty\u00f6ntekij\u00e4 hoitaa omaistaan tai l\u00e4heist\u00e4\u00e4n\ntilap\u00e4isesti. Tarpeita voi tulla esimerkiksi i\u00e4kk\u00e4\u00e4n vanhemman leikkauksen\nj\u00e4lkeen tai vaikka l\u00e4hiomaisen saattohoitoa varten.<\/p>\n\n\n\n<p>Vanhushoivan tilanteet voivat muuttua \u00e4killisesti,\njolloin omainen joutuu j\u00e4\u00e4m\u00e4\u00e4n yll\u00e4tt\u00e4en ty\u00f6st\u00e4 pois hoitaakseen ja\nj\u00e4rjestell\u00e4kseen hoidettavansa asioita.<\/p>\n\n\n\n<p>Tuettu hoivavapaa tukisi ty\u00f6ss\u00e4 pysymist\u00e4.&nbsp;\nL\u00e4heisen vakava sairastuminen tai vanhuuden sairauksiin liittyv\u00e4 hoivan ja\nhuolenpidon tarve voivat lis\u00e4t\u00e4 hoivaroolissa olevan henkil\u00f6n todenn\u00e4k\u00f6isyytt\u00e4\nj\u00e4\u00e4d\u00e4 ennenaikaisesti pois ty\u00f6st\u00e4, lis\u00e4t\u00e4 syrj\u00e4ytymisen ja k\u00f6yhtymisen\nriski\u00e4.&nbsp;<\/p>\n\n\n\n<p>Omaishoitajana toimii eri ik\u00e4isi\u00e4 ihmisi\u00e4. Toimia tarvitaan\nmahdollistamaan ansioty\u00f6n ja omaishoitajan vaativan teht\u00e4v\u00e4n yhdist\u00e4minen.\nEsimerkiksi vaikeasti vammaista lasta hoitaville ty\u00f6ss\u00e4k\u00e4yv\u00e4ll\u00e4 vanhemmille\ntuettu hoivavapaa olisi hyvin tervetullut. Siin\u00e4 olisi vanhemman mahdollista\ntuetusti j\u00e4\u00e4d\u00e4 hoitamaan l\u00e4heist\u00e4\u00e4n ja saada sairausvakuutuksesta m\u00e4\u00e4r\u00e4aikaista\nkorvausta. N\u00e4in yll\u00e4tt\u00e4viss\u00e4 tai haastavimmista vaiheissa voisi olla ty\u00f6st\u00e4\ntuetusti pois.<\/p>\n\n\n\n<p>Hoivavapaalle on ollut mahdollista j\u00e4\u00e4d\u00e4 jo vuodesta\n2011, mutta siihen ei saa taloudellista tukea. L\u00e4heisen hoitaminen kotona ei\nole ollut kaikille halukkaille taloudellisesti mahdollista. Pahimmassa\ntapauksessa sairastunutta perheenj\u00e4sent\u00e4 hoitamaan j\u00e4\u00e4v\u00e4 joutuu turvautumaan\nitsekin sairauslomaan. T\u00e4llainen menettely on kest\u00e4m\u00e4tt\u00f6m\u00e4n kallis ja\nep\u00e4inhimillinen.<\/p>\n\n\n\n<p>Tuetun hoivavapaan malli tulee Ruotsista, jossa ty\u00f6ntekij\u00e4n on\nmahdollista tuetusti j\u00e4\u00e4d\u00e4 hoitamaan sairastunutta l\u00e4heist\u00e4\u00e4n. Ruotsissa\nty\u00f6ntekij\u00e4 voi saada m\u00e4\u00e4r\u00e4aikaista korvausta sairausvakuutuksesta.<\/p>\n\n\n\n<p>Tuettu hoivavapaa lis\u00e4isi omaisistaan huolehtivien\nvalinnanmahdollisuuksia ja edist\u00e4isi osaltaan ik\u00e4\u00e4ntyv\u00e4n Suomen\nty\u00f6llisyysastetta.<\/p>\n\n\n\n<p>Lis\u00e4tietoja: <\/p>\n\n\n\n<p>Sari Sarkomaa <br>050 511 3033<\/p>\n","protected":false},"excerpt":{"rendered":"<p>Tiedote 5.7.2019Julkaisuvapaa heti Kokoomuksen eduskuntaryhm\u00e4n varapuheenjohtaja, kansanedustaja, Sari Sarkomaa kiritt\u00e4\u00e4 hallitusta valmistelemaan lakiesityksen tuetusta&nbsp;hoitovapaasta&nbsp; tukemaan omaisistaan huolehtivien ty\u00f6ss\u00e4jaksamista.&nbsp; Tuettu hoivavapaa olisi tarkoitettu tilanteisiin, jossa ty\u00f6ntekij\u00e4 hoitaa omaistaan tai l\u00e4heist\u00e4\u00e4n tilap\u00e4isesti. Tarpeita voi tulla esimerkiksi i\u00e4kk\u00e4\u00e4n vanhemman leikkauksen j\u00e4lkeen tai vaikka l\u00e4hiomaisen saattohoitoa varten. Vanhushoivan tilanteet voivat muuttua \u00e4killisesti, jolloin omainen joutuu j\u00e4\u00e4m\u00e4\u00e4n yll\u00e4tt\u00e4en ty\u00f6st\u00e4 pois <a href=\"https:\/\/www.sarisarkomaa.fi\/?p=7907\" class=\"more-link\">...jatka lukemista<span class=\"screen-reader-text\"> \"Kokoomuksen Sarkomaa: Tuettu hoivavapaa tukemaan omaisistaan huolehtivien ty\u00f6ss\u00e4k\u00e4ynti\u00e4\ufeff\"<\/span><\/a><\/p>\n","protected":false},"author":1,"featured_media":0,"comment_status":"closed","ping_status":"open","sticky":false,"template":"","format":"standard","meta":[],"categories":[4],"tags":[],"_links":{"self":[{"href":"https:\/\/www.sarisarkomaa.fi\/index.php?rest_route=\/wp\/v2\/posts\/7907"}],"collection":[{"href":"https:\/\/www.sarisarkomaa.fi\/index.php?rest_route=\/wp\/v2\/posts"}],"about":[{"href":"https:\/\/www.sarisarkomaa.fi\/index.php?rest_route=\/wp\/v2\/types\/post"}],"author":[{"embeddable":true,"href":"https:\/\/www.sarisarkomaa.fi\/index.php?rest_route=\/wp\/v2\/users\/1"}],"replies":[{"embeddable":true,"href":"https:\/\/www.sarisarkomaa.fi\/index.php?rest_route=%2Fwp%2Fv2%2Fcomments&post=7907"}],"version-history":[{"count":1,"href":"https:\/\/www.sarisarkomaa.fi\/index.php?rest_route=\/wp\/v2\/posts\/7907\/revisions"}],"predecessor-version":[{"id":7908,"href":"https:\/\/www.sarisarkomaa.fi\/index.php?rest_route=\/wp\/v2\/posts\/7907\/revisions\/7908"}],"wp:attachment":[{"href":"https:\/\/www.sarisarkomaa.fi\/index.php?rest_route=%2Fwp%2Fv2%2Fmedia&parent=7907"}],"wp:term":[{"taxonomy":"category","embeddable":true,"href":"https:\/\/www.sarisarkomaa.fi\/index.php?rest_route=%2Fwp%2Fv2%2Fcategories&post=7907"},{"taxonomy":"post_tag","embeddable":true,"href":"https:\/\/www.sarisarkomaa.fi\/index.php?rest_route=%2Fwp%2Fv2%2Ftags&post=7907"}],"curies":[{"name":"wp","href":"https:\/\/api.w.org\/{rel}","templated":true}]}}