{"id":7911,"date":"2019-07-31T11:36:50","date_gmt":"2019-07-31T09:36:50","guid":{"rendered":"https:\/\/www.sarisarkomaa.fi\/?p=7911"},"modified":"2019-07-31T11:36:52","modified_gmt":"2019-07-31T09:36:52","slug":"koomuksen-grahn-laasonen-ja-sarkomaa-hallituksen-on-paatettava-terapiatakuusta-jo-budjettiriihessa%ef%bb%bf","status":"publish","type":"post","link":"https:\/\/www.sarisarkomaa.fi\/?p=7911","title":{"rendered":"koomuksen Grahn-Laasonen ja Sarkomaa: Hallituksen on p\u00e4\u00e4tett\u00e4v\u00e4 terapiatakuusta jo budjettiriihess\u00e4\ufeff"},"content":{"rendered":"\n<p>Tiedote\n21.7.2019<\/p>\n\n\n\n<p>Julkaisuvapaa heti<\/p>\n\n\n\n<p>Koomus haluaa Suomeen pikaisesti terapiatakuun, joka varmistaa mielenterveyspalvelujen nopean ja yhdenvertaisen saatavuuden.\u00a0Kokoomuksen varapuheenjohtaja Sanni Grahn-Laasonen ja kokoomuksen eduskuntaryhm\u00e4n varapuheenjohtaja Sari Sarkomaa vaativat hallitusta p\u00e4\u00e4tt\u00e4m\u00e4\u00e4n asiasta viivytyksett\u00e4, jo syksyn budjettiriihess\u00e4.<\/p>\n\n\n\n<p><br>\n\u201dTerapiatakuu ei voi j\u00e4\u00e4d\u00e4 odottamaan sote-uudistusta tai pahimmillaan j\u00e4\u00e4d\u00e4\nsen jalkoihin. Hallituksen pit\u00e4\u00e4 varmistaa hoitoonp\u00e4\u00e4sy\nmielenterveyspalveluihin nopeasti\u201d, Grahn-Laasonen ja Sarkomaa vaativat.<\/p>\n\n\n\n<p><br>\nKokoomusjohto iloitsee siit\u00e4, ett\u00e4 terapiatakuu-kansalaisaloite on ker\u00e4nnyt\ntarvittavat 50&nbsp;000 allekirjoitusta ja etenee eduskunnan k\u00e4sittelyyn.&nbsp;<\/p>\n\n\n\n<p>\u201dKokoomus\nkannattaa terapiatakuun tavoitteiden edist\u00e4mist\u00e4 l\u00e4mpim\u00e4sti. Teimme jo kev\u00e4\u00e4ll\u00e4\noman esityksemme hoitotakuuajan huomattavasta lyhent\u00e4misest\u00e4 ja\nperuspalveluiden vahvistamisesta, sis\u00e4lt\u00e4en esityksen nopeammasta\nmielenterveyspalveluihin p\u00e4\u00e4syst\u00e4 etenkin lapsille ja nuorille.\nMielenterveysongelmat ovat suurimpia syrj\u00e4ytymisen syit\u00e4. Varmistamalla ajoissa\nja matalalla kynnyksell\u00e4 saatava hoito voidaan ehk\u00e4ist\u00e4 suurempien ongelmien\nsyntymist\u00e4. Siksi kokoomus on esitt\u00e4nyt hoitotakuun tiukentamista\u201d,\nGrahn-Laasonen ja Sarkomaa sanovat.<\/p>\n\n\n\n<p>Terapiatakuu\n-kansalaisaloitteessa ehdotetaan lakimuutosta, jolla taataan kaikille nopea\np\u00e4\u00e4sy hoidolliseen psykoterapiaan tai muuhun psykososiaaliseen hoitoon. Hoidon\ntarve tulisi arvioida v\u00e4litt\u00f6m\u00e4sti apua haettaessa, ja hoito aloittaa kuukauden\nsis\u00e4ll\u00e4 t\u00e4st\u00e4.<\/p>\n\n\n\n<p>\u201dOikea-aikaisten\nmielenterveyspalveluiden on oltava yhdenvertaisesti jokaisen niit\u00e4 tarvitsevan\nsaatavilla. Kansalaisaloitteen ehdottama lakimuutos rakentaisi Suomeen\ntehokkaan mielenterveyshoidon perustason. Satsaukset maksavat itsens\u00e4\nmoninkertaisesti takaisin, kun yh\u00e4 useampi saa apua varhaisessa vaiheessa ja\nmielenterveysongelmista johtuvat ty\u00f6poissaolot v\u00e4henev\u00e4t ja kalliin\nerikoissairaanhoidon tarve pienenee\u201d, Grahn-Laasonen ja Sarkomaa sanovat.<\/p>\n\n\n\n<p>\u201dTerapiatakuu\nosuu suoraan yhteen sote-palveluidemme kipeimmist\u00e4 kohdista. Erityisesti\nyhdenvertaisuuden n\u00e4k\u00f6kulmasta muutos on kaivattu, sill\u00e4 t\u00e4ll\u00e4 hetkell\u00e4\nmielenterveyspalvelut eiv\u00e4t ole tasapuolisesti kaikkien saatavilla. Eroja on\nalueellisesti, v\u00e4est\u00f6ryhmitt\u00e4in ja diagnoosiryhmitt\u00e4in, mutta merkitt\u00e4vin haaste\non viive palveluihin p\u00e4\u00e4syss\u00e4. Jonotusajat perusterveydenhuoltoon ja sielt\u00e4\nedelleen erikoissairaanhoitoon ovat kest\u00e4m\u00e4tt\u00f6mi\u00e4 ja eriarvoistavia.\nTarvitsemme kipe\u00e4sti toimia, jotta mielenterveyspalveluihin p\u00e4\u00e4see\nyhdenvertaisesti, oikea-aikaisesti ja matalalla kynnyksell\u00e4\u201d, Grahn-Laasonen ja\nSarkomaa sanovat.<\/p>\n\n\n\n<p>&nbsp;Lis\u00e4tietoja:<\/p>\n\n\n\n<p>Sanni\nGrahn-Laasonen, 050&nbsp;462 6614<\/p>\n\n\n\n<p>Sari\nSarkomaa, 050 511 3033<\/p>\n","protected":false},"excerpt":{"rendered":"<p>Tiedote 21.7.2019 Julkaisuvapaa heti Koomus haluaa Suomeen pikaisesti terapiatakuun, joka varmistaa mielenterveyspalvelujen nopean ja yhdenvertaisen saatavuuden.\u00a0Kokoomuksen varapuheenjohtaja Sanni Grahn-Laasonen ja kokoomuksen eduskuntaryhm\u00e4n varapuheenjohtaja Sari Sarkomaa vaativat hallitusta p\u00e4\u00e4tt\u00e4m\u00e4\u00e4n asiasta viivytyksett\u00e4, jo syksyn budjettiriihess\u00e4. \u201dTerapiatakuu ei voi j\u00e4\u00e4d\u00e4 odottamaan sote-uudistusta tai pahimmillaan j\u00e4\u00e4d\u00e4 sen jalkoihin. Hallituksen pit\u00e4\u00e4 varmistaa hoitoonp\u00e4\u00e4sy mielenterveyspalveluihin nopeasti\u201d, Grahn-Laasonen ja Sarkomaa vaativat. Kokoomusjohto <a href=\"https:\/\/www.sarisarkomaa.fi\/?p=7911\" class=\"more-link\">...jatka lukemista<span class=\"screen-reader-text\"> \"koomuksen Grahn-Laasonen ja Sarkomaa: Hallituksen on p\u00e4\u00e4tett\u00e4v\u00e4 terapiatakuusta jo budjettiriihess\u00e4\ufeff\"<\/span><\/a><\/p>\n","protected":false},"author":1,"featured_media":0,"comment_status":"closed","ping_status":"open","sticky":false,"template":"","format":"standard","meta":[],"categories":[4],"tags":[],"_links":{"self":[{"href":"https:\/\/www.sarisarkomaa.fi\/index.php?rest_route=\/wp\/v2\/posts\/7911"}],"collection":[{"href":"https:\/\/www.sarisarkomaa.fi\/index.php?rest_route=\/wp\/v2\/posts"}],"about":[{"href":"https:\/\/www.sarisarkomaa.fi\/index.php?rest_route=\/wp\/v2\/types\/post"}],"author":[{"embeddable":true,"href":"https:\/\/www.sarisarkomaa.fi\/index.php?rest_route=\/wp\/v2\/users\/1"}],"replies":[{"embeddable":true,"href":"https:\/\/www.sarisarkomaa.fi\/index.php?rest_route=%2Fwp%2Fv2%2Fcomments&post=7911"}],"version-history":[{"count":1,"href":"https:\/\/www.sarisarkomaa.fi\/index.php?rest_route=\/wp\/v2\/posts\/7911\/revisions"}],"predecessor-version":[{"id":7912,"href":"https:\/\/www.sarisarkomaa.fi\/index.php?rest_route=\/wp\/v2\/posts\/7911\/revisions\/7912"}],"wp:attachment":[{"href":"https:\/\/www.sarisarkomaa.fi\/index.php?rest_route=%2Fwp%2Fv2%2Fmedia&parent=7911"}],"wp:term":[{"taxonomy":"category","embeddable":true,"href":"https:\/\/www.sarisarkomaa.fi\/index.php?rest_route=%2Fwp%2Fv2%2Fcategories&post=7911"},{"taxonomy":"post_tag","embeddable":true,"href":"https:\/\/www.sarisarkomaa.fi\/index.php?rest_route=%2Fwp%2Fv2%2Ftags&post=7911"}],"curies":[{"name":"wp","href":"https:\/\/api.w.org\/{rel}","templated":true}]}}