{"id":7919,"date":"2019-08-05T08:51:04","date_gmt":"2019-08-05T06:51:04","guid":{"rendered":"https:\/\/www.sarisarkomaa.fi\/?p=7919"},"modified":"2019-08-05T08:51:07","modified_gmt":"2019-08-05T06:51:07","slug":"kokoomuksen-sarkomaa-kotitalousvahennyksen-leikkaus-olisi-myrkkya-tyollisyydelle-ja-yrittajyydelle-%ef%bb%bf","status":"publish","type":"post","link":"https:\/\/www.sarisarkomaa.fi\/?p=7919","title":{"rendered":"Kokoomuksen Sarkomaa: Kotitalousv\u00e4hennyksen leikkaus olisi myrkky\u00e4 ty\u00f6llisyydelle ja yritt\u00e4jyydelle \ufeff"},"content":{"rendered":"\n<p>Tiedote 5.8.2019<\/p>\n\n\n\n<p>Julkaisuvapaa heti<br> <br> Kokoomuksen kansanedustaja ja eduskuntaryhm\u00e4n varapuheenjohtaja <strong>Sari Sarkomaa<\/strong> vetoaa syksyn budjettiriiheen valmistautuvaan hallitukseen kotitalousv\u00e4hennyksen leikkausten perumiseksi. Sarkomaan mukaan hallituksen on keskitytt\u00e4v\u00e4 ty\u00f6llisyytt\u00e4 edist\u00e4viin, ei heikent\u00e4viin toimiin.\u00a0<\/p>\n\n\n\n<p>\u201dEduskuntakauden\nt\u00e4rkein tavoite on nostaa ty\u00f6llisyysastetta. P\u00e4\u00e4ministeri Rinteen hallituksen\ntiedossa olevat ty\u00f6llisyystoimet ovat kuitenkin laihoja, ja mik\u00e4 h\u00e4lytt\u00e4vint\u00e4,\nhallitus n\u00e4ytt\u00e4\u00e4 painottavan toimia, joiden vaikutukset jopa heikent\u00e4v\u00e4t\nty\u00f6llisyytt\u00e4\u201d, Sarkomaa toteaa.<br>\n<br>\n\u201dVakava esimerkki on kotitalousv\u00e4hennyksen leikkaaminen. Kotitalousv\u00e4hennys on\nty\u00f6llist\u00e4nyt erityisesti pieni\u00e4 yrityksi\u00e4 ja vahvistanut kotitalouspalvelualan\nsynty\u00e4\u201d, Sarkomaa jatkaa.<\/p>\n\n\n\n<p>Antti\nRinteen hallitusohjelmassa on kirjaus kotitalousv\u00e4hennyksen tuntuvasta\nleikkaamisesta. Kotitalousv\u00e4hennyksen osuutta ty\u00f6korvauksissa lasketaan 50\nprosentista 40 prosenttiin ja palkoissa 20 prosentista 15 prosenttiin. Korvauksen\nenimm\u00e4ism\u00e4\u00e4r\u00e4 laskee 2 400 eurosta vuodessa 2 250 euroon.<br>\n<br>\nVuonna 2017 yhteens\u00e4 l\u00e4hes 450 miljoonan euron v\u00e4hennyksist\u00e4 85 prosenttia\nk\u00e4ytettiin remontteihin, loput kotitalous- ja hoivapalveluihin.&nbsp;<\/p>\n\n\n\n<p>\u201dJos v\u00e4hennyst\u00e4 leikataan, on selv\u00e4\u00e4, ett\u00e4&nbsp;remontointi-\nja hoivapalvelujen k\u00e4ytt\u00f6 v\u00e4henee. Kotitalousv\u00e4hennyksen leikkaaminen on kuin\nh\u00f6lm\u00f6l\u00e4isen peiton jatkamista. Kun tavoitteena on lis\u00e4t\u00e4 ty\u00f6llisyytt\u00e4 ja kitke\u00e4\nharmaata taloutta, niin toimitaankin p\u00e4invastoin\u201d, Sarkomaa sanoo.<br>\n<br>\nSarkomaa muistuttaa, ett\u00e4 kotitalousv\u00e4hennyksen k\u00e4ytt\u00e4jist\u00e4 yli 40 prosenttia\non el\u00e4kel\u00e4isi\u00e4. V\u00e4hennys on tuiki t\u00e4rke\u00e4 tuki monen ik\u00e4ihmisen arkeen,\nja&nbsp;kotona asumisen mahdollistaja. V\u00e4hennyksen leikkaus voi tuoda\nyll\u00e4tt\u00e4vi\u00e4kin lis\u00e4kustannuksia. Ik\u00e4\u00e4ntyv\u00e4ss\u00e4 Suomessa pit\u00e4\u00e4 leikkauksien sijaan\np\u00e4invastoin uudistaa ja laajentaa kotitalousv\u00e4hennyst\u00e4 niin, ett\u00e4 se ehk\u00e4isee\nik\u00e4ihmisten tarvetta k\u00e4ytt\u00e4\u00e4 raskaampia palveluja kuten tehostettua\npalveluasumista.<\/p>\n\n\n\n<p>\u201dOn k\u00e4sitt\u00e4m\u00e4t\u00f6nt\u00e4, miksi hallitus kamppaa ihmisten arkea\nhelpottavia toimia. Leikkaus on my\u00f6s t\u00e4ysin p\u00e4invastainen Rinteen hallituksen\nlupauksille helpottaa el\u00e4kel\u00e4isten toimeentuloa\u201d, Sarkomaa sanoo. <\/p>\n\n\n\n<p>Keskim\u00e4\u00e4rin el\u00e4kel\u00e4inen on ostanut palveluita Suomen kotipalveluyhdistyksen\nmukaan noin 2000 eurolla vuoden aikana. N\u00e4in ollen kymmenen prosentin leikkaus\nvoisi tarkoittaa noin 200 euron vuosittaisia lis\u00e4kuluja v\u00e4hennyst\u00e4 k\u00e4ytt\u00e4ville\nel\u00e4kel\u00e4isille.<\/p>\n\n\n\n<p>Lis\u00e4tietoja:<br> <br> Sari Sarkomaa<\/p>\n\n\n\n<p>puh. 050\u00a0511 3033<\/p>\n","protected":false},"excerpt":{"rendered":"<p>Tiedote 5.8.2019 Julkaisuvapaa heti Kokoomuksen kansanedustaja ja eduskuntaryhm\u00e4n varapuheenjohtaja Sari Sarkomaa vetoaa syksyn budjettiriiheen valmistautuvaan hallitukseen kotitalousv\u00e4hennyksen leikkausten perumiseksi. Sarkomaan mukaan hallituksen on keskitytt\u00e4v\u00e4 ty\u00f6llisyytt\u00e4 edist\u00e4viin, ei heikent\u00e4viin toimiin.\u00a0 \u201dEduskuntakauden t\u00e4rkein tavoite on nostaa ty\u00f6llisyysastetta. P\u00e4\u00e4ministeri Rinteen hallituksen tiedossa olevat ty\u00f6llisyystoimet ovat kuitenkin laihoja, ja mik\u00e4 h\u00e4lytt\u00e4vint\u00e4, hallitus n\u00e4ytt\u00e4\u00e4 painottavan toimia, joiden vaikutukset jopa heikent\u00e4v\u00e4t <a href=\"https:\/\/www.sarisarkomaa.fi\/?p=7919\" class=\"more-link\">...jatka lukemista<span class=\"screen-reader-text\"> \"Kokoomuksen Sarkomaa: Kotitalousv\u00e4hennyksen leikkaus olisi myrkky\u00e4 ty\u00f6llisyydelle ja yritt\u00e4jyydelle \ufeff\"<\/span><\/a><\/p>\n","protected":false},"author":1,"featured_media":0,"comment_status":"closed","ping_status":"open","sticky":false,"template":"","format":"standard","meta":[],"categories":[4],"tags":[],"_links":{"self":[{"href":"https:\/\/www.sarisarkomaa.fi\/index.php?rest_route=\/wp\/v2\/posts\/7919"}],"collection":[{"href":"https:\/\/www.sarisarkomaa.fi\/index.php?rest_route=\/wp\/v2\/posts"}],"about":[{"href":"https:\/\/www.sarisarkomaa.fi\/index.php?rest_route=\/wp\/v2\/types\/post"}],"author":[{"embeddable":true,"href":"https:\/\/www.sarisarkomaa.fi\/index.php?rest_route=\/wp\/v2\/users\/1"}],"replies":[{"embeddable":true,"href":"https:\/\/www.sarisarkomaa.fi\/index.php?rest_route=%2Fwp%2Fv2%2Fcomments&post=7919"}],"version-history":[{"count":1,"href":"https:\/\/www.sarisarkomaa.fi\/index.php?rest_route=\/wp\/v2\/posts\/7919\/revisions"}],"predecessor-version":[{"id":7920,"href":"https:\/\/www.sarisarkomaa.fi\/index.php?rest_route=\/wp\/v2\/posts\/7919\/revisions\/7920"}],"wp:attachment":[{"href":"https:\/\/www.sarisarkomaa.fi\/index.php?rest_route=%2Fwp%2Fv2%2Fmedia&parent=7919"}],"wp:term":[{"taxonomy":"category","embeddable":true,"href":"https:\/\/www.sarisarkomaa.fi\/index.php?rest_route=%2Fwp%2Fv2%2Fcategories&post=7919"},{"taxonomy":"post_tag","embeddable":true,"href":"https:\/\/www.sarisarkomaa.fi\/index.php?rest_route=%2Fwp%2Fv2%2Ftags&post=7919"}],"curies":[{"name":"wp","href":"https:\/\/api.w.org\/{rel}","templated":true}]}}