{"id":7939,"date":"2019-08-13T09:42:53","date_gmt":"2019-08-13T07:42:53","guid":{"rendered":"https:\/\/www.sarisarkomaa.fi\/?p=7939"},"modified":"2019-08-13T09:46:45","modified_gmt":"2019-08-13T07:46:45","slug":"hautaako-ministeri-kiuru-terapiatakuun-maakuntamallin-alle","status":"publish","type":"post","link":"https:\/\/www.sarisarkomaa.fi\/?p=7939","title":{"rendered":"Hautaako ministeri Kiuru terapiatakuun maakuntamallin alle?"},"content":{"rendered":"\n<p>Kansalaisaloite terapiatakuusta osuu suoraan sote-palveluiden kipe\u00e4mp\u00e4\u00e4 kohtaan.&nbsp;Mielenterveyden h\u00e4iri\u00f6t ovat alihoidettu ja aliresurssoitu kansansairaus.&nbsp;Kokoomus kannattaa terapiatakuun tavoitteiden edist\u00e4mist\u00e4. Haluamme terapiatakuun, joka varmistaa mielenterveyspalvelujen nopean ja yhdenvertaisen saatavuuden.<\/p>\n\n\n\n<p>Eduskuntaryhm\u00e4mme teki jo kev\u00e4\u00e4ll\u00e4 oman esityksen hoitotakuuajan huomattavasta lyhent\u00e4misest\u00e4 ja peruspalveluiden vahvistamisesta, sis\u00e4lt\u00e4en esityksen nopeammasta mielenterveyspalveluihin p\u00e4\u00e4syst\u00e4 etenkin lapsille ja nuorille.<br>Ministeri Kiuru on julkisuudessa kertonut terapiatakuun olleen esill\u00e4 hallitusneuvotteluissa, vaikkakaan mit\u00e4\u00e4n kirjausta ei asiasta tehty. Hallituksen on syyt\u00e4 p\u00e4\u00e4tt\u00e4\u00e4 terapiatakuun toteuttamisesta syksyn budjettiriihess\u00e4. Samoin on teht\u00e4v\u00e4 p\u00e4\u00e4t\u00f6kset hoitatakuun uudistamisesta niin, ett\u00e4 varmistetaan yhdenvertainen hoitoon p\u00e4\u00e4sy my\u00f6s muihin peruspalveluihin, kuten kokoomus on esitt\u00e4nyt.<\/p>\n\n\n\n<p>On huolestuttavaa, ett\u00e4&nbsp;ministeri Krista Kiuru on kertonut, ett\u00e4 mielenterveyspalvelujen hoitotakuuta suunniteltaneen vasta osana tulevaisuuden sote-mallia, jonka valmistelu on alussa. On t\u00e4ysin k\u00e4sitt\u00e4m\u00e4t\u00f6nt\u00e4, ett\u00e4 neliraajajarrutuksessa maakuntamallia vastustanut Krista Kiuru on nyt vastuuministerin\u00e4 sit\u00e4 innolla toteuttamassa. N\u00e4ytt\u00e4\u00e4 silt\u00e4, ett\u00e4 terapiatakuu ja muiden peruspalveluiden vahvistaminen on hautautumassa maakuntien alle. Viime vaalikaudesta pit\u00e4isi ottaa opiksi ja keskitty\u00e4 ihmisten hoitoon p\u00e4\u00e4syn varmistamiseen, ennaltaehk\u00e4isyn ja terveyden edist\u00e4miseen.<\/p>\n\n\n\n<p>On erinomaista, ett\u00e4 terapiatakuu-kansalaisaloite on nyt ker\u00e4nnyt tarvittavat 50&nbsp;000 allekirjoitusta ja etenee eduskunnan k\u00e4sittelyyn. Eduskunnan on toimittava, jos hallitus on asiassa haluton toimimaan.<br>Terapiatakuu -kansalaisaloitteessa ehdotetaan lakimuutosta, jolla taataan kaikille nopea p\u00e4\u00e4sy hoidolliseen psykoterapiaan tai muuhun psykososiaaliseen hoitoon. Hoidon tarve tulisi arvioida v\u00e4litt\u00f6m\u00e4sti apua haettaessa, ja hoito aloittaa kuukauden sis\u00e4ll\u00e4 t\u00e4st\u00e4.&nbsp;Mielenterveys kuuluu kaikille.<\/p>\n\n\n\n<p>Olin &nbsp;mukana&nbsp;Helsingin Yliopiston Tiedekulmassa pidetyss\u00e4&nbsp;terapiatakuu\u2013kansalaisaloitekampanjan julkistamistilaisuudessa perustelemassa terapiatakuun t\u00e4rkeytt\u00e4. Nostin esille nelj\u00e4 t\u00e4rke\u00e4\u00e4 perustelua:<\/p>\n\n\n\n<p>1) Mielenterveysh\u00e4iri\u00f6ist\u00e4 ja niihin lukeutuvista p\u00e4ihdeongelmista puhuttaessa puhumme suurimmasta kansanterveysongelmastamme. Joka nelj\u00e4s sairauslomap\u00e4iv\u00e4 johtuu mielenterveyden ongelmista. Puolet ty\u00f6kyvytt\u00f6myysel\u00e4kkeist\u00e4 on mielenterveysperusteisia, ja osuus on kasvamassa. Mielenterveyden ongelmat ovat Suomessa keskeisin syrj\u00e4ytymiseen johtava tekij\u00e4.<\/p>\n\n\n\n<p>2) Mielenterveysongelmat on suomen kansantaudeista kallein. Jyv\u00e4skyl\u00e4n yliopiston viime vuonna julkaistussa tutkimuksessa on laskettu, ett\u00e4 mielenterveyden ongelmat v\u00e4lillisine kustannuksineen maksavat Suomessa kuusi miljardia euroa vuodessa. T\u00e4ss\u00e4 siis eurot. Inhimillisi\u00e4 kustannuksia on mahdoton laskea mutta ne ovat valtavat.<\/p>\n\n\n\n<p>3)&nbsp;Mielenterveysongelmien merkitys on kasvanut \u2013 mutta hoitoon panostus on suhteellisesti v\u00e4hentynyt. Mielenterveyden ongelmien kasvavasta merkityksest\u00e4 huolimatta yh\u00e4 pienempi osuus kuntien terveydenhuollon menoista ohjautuu mielenterveyspalveluihin. Vuonna 2000 mielenterveyspalvelujen osuus menoista oli 5,5 %, mutta vuonna 2015 osuus oli en\u00e4\u00e4 4,3 %.<\/p>\n\n\n\n<p>4)&nbsp;&nbsp;Mielenterveyspalvelut eiv\u00e4t ole yhdenvertaisesti saatavilla.&nbsp;Eroja on alueellisesti, v\u00e4est\u00f6ryhmitt\u00e4in ja diagnoosiryhmitt\u00e4in. Suurin ongelma on viiveet palveluihin p\u00e4\u00e4syss\u00e4.&nbsp;Jonotusajat perusterveydenhuoltoon ja sielt\u00e4 edelleen erikoissairaanhoitoon ovat kest\u00e4m\u00e4tt\u00f6mi\u00e4 ja eriarvoistavia. Tarvitsemme kipe\u00e4sti toimia, jotta mielenterveyspalveluihin p\u00e4\u00e4see yhdenvertaisesti, oikea-aikaisesti ja matalalla kynnyksell\u00e4.&nbsp;Terveydenhuollon ammattilaisena tied\u00e4n, ett\u00e4 kun asiat pitkittyy ne my\u00f6s mutkistuu. Oikea-aikainen hoito on vaikuttavinta ja edullisinta inhimillisesti ihmiselle mutta my\u00f6s veronmaksajille.<\/p>\n\n\n\n<p>Mielenterveysasiat ja niiden hoidon kehitt\u00e4minen ovat olleet kansanedustajan ty\u00f6ss\u00e4ni keskeisi\u00e4. Olen j\u00e4sen eduskunnan mielenterveyspoliittisessa &nbsp;neuvottelukunnassa, jossa laadimme &nbsp;tavoitteita &nbsp;kuluvalle eduskuntakaudelle. Tavoitteeksi &nbsp;numero yksi nostimme&nbsp;\u201dTaataan kaikille nopeampi p\u00e4\u00e4sy mielenterveysapuun\u201d.<\/p>\n\n\n\n<p>Toimin kuntoutuksen uudistamiskomiteassa j\u00e4senen\u00e4 ja siell\u00e4 esitin kuntoutustakuuta, johon terapiatakuu sis\u00e4ltyisi. Emme saaneet yksimielist\u00e4 p\u00e4\u00e4t\u00f6st\u00e4 mutta hyv\u00e4\u00e4 pohjustavaa keskustelua k\u00e4vimme. Se on hyv\u00e4 perusta terapiatakuulle.<\/p>\n\n\n\n<p>Avain asemassa on toimiva perusterveydenhuolto matalan kynnyksen ja soveltuvan varhaisen&nbsp;avun tarjoajana. Mielenterveys ja p\u00e4ihdepalvelut tulee tuoda vahvasti perusterveydenhuoltoon. J\u00e4rjest\u00f6t on oltava mukana vertaistuen ja muun t\u00e4rke\u00e4n tuen takaajana kuntoutujille ja heid\u00e4n l\u00e4heisilleen. My\u00f6s sairastuneiden vanhempien lapset on n\u00e4ht\u00e4v\u00e4 ja heit\u00e4 on autettava.<\/p>\n","protected":false},"excerpt":{"rendered":"<p>Kansalaisaloite terapiatakuusta osuu suoraan sote-palveluiden kipe\u00e4mp\u00e4\u00e4 kohtaan.&nbsp;Mielenterveyden h\u00e4iri\u00f6t ovat alihoidettu ja aliresurssoitu kansansairaus.&nbsp;Kokoomus kannattaa terapiatakuun tavoitteiden edist\u00e4mist\u00e4. Haluamme terapiatakuun, joka varmistaa mielenterveyspalvelujen nopean ja yhdenvertaisen saatavuuden. Eduskuntaryhm\u00e4mme teki jo kev\u00e4\u00e4ll\u00e4 oman esityksen hoitotakuuajan huomattavasta lyhent\u00e4misest\u00e4 ja peruspalveluiden vahvistamisesta, sis\u00e4lt\u00e4en esityksen nopeammasta mielenterveyspalveluihin p\u00e4\u00e4syst\u00e4 etenkin lapsille ja nuorille.Ministeri Kiuru on julkisuudessa kertonut terapiatakuun olleen esill\u00e4 hallitusneuvotteluissa, <a href=\"https:\/\/www.sarisarkomaa.fi\/?p=7939\" class=\"more-link\">...jatka lukemista<span class=\"screen-reader-text\"> \"Hautaako ministeri Kiuru terapiatakuun maakuntamallin alle?\"<\/span><\/a><\/p>\n","protected":false},"author":1,"featured_media":0,"comment_status":"closed","ping_status":"open","sticky":false,"template":"","format":"standard","meta":[],"categories":[8],"tags":[],"_links":{"self":[{"href":"https:\/\/www.sarisarkomaa.fi\/index.php?rest_route=\/wp\/v2\/posts\/7939"}],"collection":[{"href":"https:\/\/www.sarisarkomaa.fi\/index.php?rest_route=\/wp\/v2\/posts"}],"about":[{"href":"https:\/\/www.sarisarkomaa.fi\/index.php?rest_route=\/wp\/v2\/types\/post"}],"author":[{"embeddable":true,"href":"https:\/\/www.sarisarkomaa.fi\/index.php?rest_route=\/wp\/v2\/users\/1"}],"replies":[{"embeddable":true,"href":"https:\/\/www.sarisarkomaa.fi\/index.php?rest_route=%2Fwp%2Fv2%2Fcomments&post=7939"}],"version-history":[{"count":2,"href":"https:\/\/www.sarisarkomaa.fi\/index.php?rest_route=\/wp\/v2\/posts\/7939\/revisions"}],"predecessor-version":[{"id":7942,"href":"https:\/\/www.sarisarkomaa.fi\/index.php?rest_route=\/wp\/v2\/posts\/7939\/revisions\/7942"}],"wp:attachment":[{"href":"https:\/\/www.sarisarkomaa.fi\/index.php?rest_route=%2Fwp%2Fv2%2Fmedia&parent=7939"}],"wp:term":[{"taxonomy":"category","embeddable":true,"href":"https:\/\/www.sarisarkomaa.fi\/index.php?rest_route=%2Fwp%2Fv2%2Fcategories&post=7939"},{"taxonomy":"post_tag","embeddable":true,"href":"https:\/\/www.sarisarkomaa.fi\/index.php?rest_route=%2Fwp%2Fv2%2Ftags&post=7939"}],"curies":[{"name":"wp","href":"https:\/\/api.w.org\/{rel}","templated":true}]}}