{"id":7951,"date":"2019-08-16T11:47:50","date_gmt":"2019-08-16T09:47:50","guid":{"rendered":"https:\/\/www.sarisarkomaa.fi\/?p=7951"},"modified":"2019-08-16T11:47:53","modified_gmt":"2019-08-16T09:47:53","slug":"selvisiko-krista-kiurun-kiemurtelun-syy","status":"publish","type":"post","link":"https:\/\/www.sarisarkomaa.fi\/?p=7951","title":{"rendered":"Selvisik\u00f6 Krista Kiurun kiemurtelun syy?"},"content":{"rendered":"\n<p>Vaalien alla oppositiokansanedustaja&nbsp;<strong>Krista Kiuru<\/strong>&nbsp;(sd.) julisti sitovan hoitajamitoituksen olevan teht\u00e4viss\u00e4 heti ja yhdell\u00e4 virkkeell\u00e4. Vaalien j\u00e4lkeen oli t\u00e4ysin eri \u00e4\u00e4ni kellossa. Kiurun toimiessa vastuuministerin\u00e4 eduskunta ei ole saanut edes selv\u00e4\u00e4 vastausta mit\u00e4 ja milloin asiassa aiotaan tehd\u00e4. Eduskunnan kes\u00e4taukoa edelt\u00e4v\u00e4ll\u00e4 kyselytunnilla ministeri Kiurun polveilevat vastaukset laittoivat asian jo l\u00e4hes umpisolmuun.<\/p>\n\n\n\n<p>Syy kierteleviin vastauksiin paljastuu hallitusohjelmasta, sill\u00e4 sielt\u00e4 ei&nbsp;vaalipuheissa luvattua hoitajamitoitusta l\u00f6ydy. Sen sijaan on kirjaus hoivahenkil\u00f6st\u00e4. Hallitusohjelman mukaan on tarkoitus s\u00e4\u00e4t\u00e4\u00e4 hoivahenkil\u00f6st\u00f6n sitovasta v\u00e4himm\u00e4ismitoituksesta (0,7) ymp\u00e4rivuorokautisen hoivan yksik\u00f6iss\u00e4. Suomen l\u00e4hi- ja perushoitajaliitto SuPer on ilmaisut vakavan huolen&nbsp;<strong>Antti Rinteen<\/strong>hallituksen linjauksesta, josta ei ilmene lasketaanko mukaan muutakin kuin koulutettu hoitohenkil\u00f6st\u00f6. Kirjaus ei vastaa Kiurun eik\u00e4 muun silloisen opposition vaalien aikaisia puheita eik\u00e4 lupauksia.<\/p>\n\n\n\n<p>Ihmetyst\u00e4 lis\u00e4\u00e4 se, ett\u00e4 Rinteen hallitus ei ole my\u00f6sk\u00e4\u00e4n rahanjaossa hoitajamitoitusasiaa priorisoinut. Ennen vaaleja sosiaalidemokraatit ilmoittivat 0,7:n hoitajamitoituksen maksavan 250 miljoonaa euroa. Kuntaliitto p\u00e4\u00e4tyi samaan arvioon. Hallitusohjelmassa mitoituksen toteuttamiseen on varattu vain 70 miljoonaa euroa. Ei ihme, ett\u00e4 on her\u00e4nnyt perusteltu ep\u00e4ilys siit\u00e4, aikooko hallitus perua tai ainakin puolittaa t\u00e4m\u00e4nkin vaalilupauksen.<\/p>\n\n\n\n<p>Vaalien alla opposition tekem\u00e4 \u201dvirkkeell\u00e4 kuntoon\u201d hoitajamitoitusehdotus olisi j\u00e4tt\u00e4nyt kylm\u00e4sti syrj\u00e4\u00e4n kotihoidossa olevat ik\u00e4ihmiset sek\u00e4 omaishoidon. T\u00e4m\u00e4 vakava virhe on onneksi jo my\u00f6nnetty ja hallitusohjelmaan on kirjattu mitoituksessa olevan kyse ensisijaisesti apua tarvitsevan ik\u00e4ihmisen hoidon tarpeesta. Ohjelman mukaan kotihoidon hoitajatarve&nbsp; on otettava huomioon ja on my\u00f6s katsottava mist\u00e4 lis\u00e4\u00e4 hoitajia saadaan.<\/p>\n\n\n\n<p>Ministeri Kiurun ja Rinteen hallituksen onkin syyt\u00e4 lopettaa kaartelevat selitykset ja kannettava vastuu vanhusten palveluiden r\u00e4ikeiden ep\u00e4kohtien korjaamisesta. Hallituksen on viisasta vihdoin kuulla asiantuntijoita ja jatkaa ripe\u00e4sti viime eduskuntakaudella Kokoomuksen aloitteesta k\u00e4ynnistetty\u00e4 vanhuspalvelulain uudistusty\u00f6t\u00e4. Aikaa ei ole hukattavaksi.<\/p>\n\n\n\n<p>Syksyn budjettiriihess\u00e4 on hallituksen kerrottava, miten ja mill\u00e4 rahalla vanhusten palveluiden laatua ja hoitajien m\u00e4\u00e4r\u00e4\u00e4 lis\u00e4t\u00e4\u00e4n. My\u00f6s hoiva-alan houkuttelevuuden ja ty\u00f6hyvinvoinnin lis\u00e4\u00e4miseen tarvitaan ripeit\u00e4 toimia. Jokaisen ik\u00e4ihmisen on voitava luottaa siihen, ett\u00e4 h\u00e4n saa laadukasta hoivaa ja inhimillisen kohtelun.<\/p>\n","protected":false},"excerpt":{"rendered":"<p>Vaalien alla oppositiokansanedustaja&nbsp;Krista Kiuru&nbsp;(sd.) julisti sitovan hoitajamitoituksen olevan teht\u00e4viss\u00e4 heti ja yhdell\u00e4 virkkeell\u00e4. Vaalien j\u00e4lkeen oli t\u00e4ysin eri \u00e4\u00e4ni kellossa. Kiurun toimiessa vastuuministerin\u00e4 eduskunta ei ole saanut edes selv\u00e4\u00e4 vastausta mit\u00e4 ja milloin asiassa aiotaan tehd\u00e4. Eduskunnan kes\u00e4taukoa edelt\u00e4v\u00e4ll\u00e4 kyselytunnilla ministeri Kiurun polveilevat vastaukset laittoivat asian jo l\u00e4hes umpisolmuun. Syy kierteleviin vastauksiin paljastuu hallitusohjelmasta, sill\u00e4 <a href=\"https:\/\/www.sarisarkomaa.fi\/?p=7951\" class=\"more-link\">...jatka lukemista<span class=\"screen-reader-text\"> \"Selvisik\u00f6 Krista Kiurun kiemurtelun syy?\"<\/span><\/a><\/p>\n","protected":false},"author":1,"featured_media":0,"comment_status":"closed","ping_status":"open","sticky":false,"template":"","format":"standard","meta":[],"categories":[8],"tags":[],"_links":{"self":[{"href":"https:\/\/www.sarisarkomaa.fi\/index.php?rest_route=\/wp\/v2\/posts\/7951"}],"collection":[{"href":"https:\/\/www.sarisarkomaa.fi\/index.php?rest_route=\/wp\/v2\/posts"}],"about":[{"href":"https:\/\/www.sarisarkomaa.fi\/index.php?rest_route=\/wp\/v2\/types\/post"}],"author":[{"embeddable":true,"href":"https:\/\/www.sarisarkomaa.fi\/index.php?rest_route=\/wp\/v2\/users\/1"}],"replies":[{"embeddable":true,"href":"https:\/\/www.sarisarkomaa.fi\/index.php?rest_route=%2Fwp%2Fv2%2Fcomments&post=7951"}],"version-history":[{"count":1,"href":"https:\/\/www.sarisarkomaa.fi\/index.php?rest_route=\/wp\/v2\/posts\/7951\/revisions"}],"predecessor-version":[{"id":7952,"href":"https:\/\/www.sarisarkomaa.fi\/index.php?rest_route=\/wp\/v2\/posts\/7951\/revisions\/7952"}],"wp:attachment":[{"href":"https:\/\/www.sarisarkomaa.fi\/index.php?rest_route=%2Fwp%2Fv2%2Fmedia&parent=7951"}],"wp:term":[{"taxonomy":"category","embeddable":true,"href":"https:\/\/www.sarisarkomaa.fi\/index.php?rest_route=%2Fwp%2Fv2%2Fcategories&post=7951"},{"taxonomy":"post_tag","embeddable":true,"href":"https:\/\/www.sarisarkomaa.fi\/index.php?rest_route=%2Fwp%2Fv2%2Ftags&post=7951"}],"curies":[{"name":"wp","href":"https:\/\/api.w.org\/{rel}","templated":true}]}}