{"id":8071,"date":"2019-09-18T08:24:01","date_gmt":"2019-09-18T06:24:01","guid":{"rendered":"https:\/\/www.sarisarkomaa.fi\/?p=8071"},"modified":"2019-09-18T08:24:04","modified_gmt":"2019-09-18T06:24:04","slug":"terveytta-ei-ole-ilman-mielenterveytta-terapiatakuualoite-tervetullut","status":"publish","type":"post","link":"https:\/\/www.sarisarkomaa.fi\/?p=8071","title":{"rendered":"Terveytt\u00e4 ei ole ilman mielenterveytt\u00e4 \u2013 terapiatakuualoite tervetullut"},"content":{"rendered":"\n<p>Mielenterveys kuuluu kaikille. On vakava tosiasia,\nett\u00e4 mielenterveyden h\u00e4iri\u00f6t ovat alihoidettu ja -resursoitu kansansairaus.\nKansanedustajana olen tehnyt ty\u00f6t\u00e4 mielenterveyspalveluiden vahvistamiseksi.\nOlin ilahtunut saatuani kutsun puhujaksi Helsingin Yliopiston Tiedekulmaan\nviime helmikuussa pidettyyn terapiatakuu \u2013 kansalaisaloitekampanjan julkistamistilaisuuteen\nperustelemaan terapiatakuun t\u00e4rkeytt\u00e4.<\/p>\n\n\n\n<p>Puheessani nostin esille huoleni siit\u00e4, ett\u00e4\nmielenterveysongelmien kasvusta huolimatta yh\u00e4 pienempi osuus kuntien\nterveydenhuollon menoista ohjautuu mielenterveyspalveluihin. Vuonna 2000\nmielenterveyspalvelujen osuus menoista oli 5,5 %, mutta vuonna 2015 osuus oli\nen\u00e4\u00e4 4,3 %. Mielenterveyspalvelut eiv\u00e4t ole yhdenvertaisesti saatavilla. Suurin\nongelma on viiveet palveluihin p\u00e4\u00e4syss\u00e4. Terveydenhuollon ammattilaisena\ntied\u00e4n, ett\u00e4 kun asiat pitkittyv\u00e4t ne my\u00f6s mutkistuvat.<\/p>\n\n\n\n<p>Mielenterveysongelmat ovat keskeisimpi\u00e4 syit\u00e4\nsyrj\u00e4ytymiseen. Joka nelj\u00e4s sairauslomap\u00e4iv\u00e4 ja puolet ty\u00f6kyvytt\u00f6myysel\u00e4kkeist\u00e4\njohtuu mielenterveyden ongelmista.<\/p>\n\n\n\n<p>Terapiatakuu -kansalaisaloitteessa ehdotetaan\nlakimuutosta, jolla taataan nopea p\u00e4\u00e4sy hoidolliseen psykoterapiaan tai muuhun\npsykososiaaliseen hoitoon. Hoidon tarve tulisi arvioida apua haettaessa,\nja hoito aloittaa kuukauden sis\u00e4ll\u00e4 t\u00e4st\u00e4. Kansalaisaloitteen ehdottama\nlakimuutos rakentaisi Suomeen tehokkaan mielenterveyshoidon perustason.<\/p>\n\n\n\n<p>Kokoomus kannattaa terapiatakuun tavoitteiden\nedist\u00e4mist\u00e4. Haluamme terapiatakuun, joka varmistaa mielenterveyspalvelujen\nnopean ja yhdenvertaisen saatavuuden.<\/p>\n\n\n\n<p>Kansalaisaloitteen terapiatakuun edist\u00e4misest\u00e4\nallekirjoitti 53 060 kansalaista. Kun asialla on n\u00e4in vahva kansalaisten tuki,\nsek\u00e4 eduskuntapuolueiden laaja kannatus, tulisi hallituksen varmistaa my\u00f6s\nterapiatakuun rahoitus.<\/p>\n\n\n\n<p>Helsingin tarkastuslautakunnan huomautus puutteista\nlasten ja nuorten mielenterveysh\u00e4iri\u00f6iden hoidossa kotikaupungissamme on\ntodella huolestuttava. Palvelut ovat pirstoutuneet kouluterveydenhuoltoon,\nHelsingin nuorisoasemalle ja terveyskeskuksiin, joissa ei ole tarpeeksi\nasiantuntemusta. Helsingin kouluterveydenhuoltoa vaivaa krooninen l\u00e4\u00e4k\u00e4ripula\nja perusterveydenhuolto takkuaa.<\/p>\n\n\n\n<p>Eduskuntaryhm\u00e4mme teki jo viime kev\u00e4\u00e4n\u00e4 oman\nesityksen hoitotakuuajan huomattavasta lyhent\u00e4misest\u00e4 ja peruspalveluiden\nvahvistamisesta, sis\u00e4lt\u00e4en esityksen nopeammasta mielenterveyspalveluihin\np\u00e4\u00e4syst\u00e4 etenkin lapsille ja nuorille. Lapset eiv\u00e4t kuulu syrj\u00e4ytym\u00e4\u00e4n\nhoitojonoihin, vaan heille on annettava ajoissa apua ja tuki normaaliin\nel\u00e4m\u00e4\u00e4n.&nbsp;<\/p>\n\n\n\n<p>Hoitotakuun tiukentaminen yhdess\u00e4 terapiatakuun\nkanssa ovat v\u00e4ltt\u00e4m\u00e4tt\u00f6mi\u00e4 velvoittamaan Helsinki\u00e4 ja koko Suomea\nyhdenvertaisten palveluiden vahvistamiseen.&nbsp;My\u00f6s j\u00e4rjest\u00f6jen on\noltava vahvasti mukana matalan kynnyksen vertaistuen ja muun t\u00e4rke\u00e4n tuen\ntakaajana mielenterveyskuntoutujille ja heid\u00e4n l\u00e4heisilleen. Sairastuneiden\nvanhempien lapset on n\u00e4ht\u00e4v\u00e4 ja heit\u00e4 on autettava.<\/p>\n\n\n\n<p>Sari Sarkomaa<\/p>\n\n\n\n<p>helsinkil\u00e4isten kansanedustaja<br>kolmen lapsen \u00e4iti<\/p>\n","protected":false},"excerpt":{"rendered":"<p>Mielenterveys kuuluu kaikille. On vakava tosiasia, ett\u00e4 mielenterveyden h\u00e4iri\u00f6t ovat alihoidettu ja -resursoitu kansansairaus. Kansanedustajana olen tehnyt ty\u00f6t\u00e4 mielenterveyspalveluiden vahvistamiseksi. Olin ilahtunut saatuani kutsun puhujaksi Helsingin Yliopiston Tiedekulmaan viime helmikuussa pidettyyn terapiatakuu \u2013 kansalaisaloitekampanjan julkistamistilaisuuteen perustelemaan terapiatakuun t\u00e4rkeytt\u00e4. Puheessani nostin esille huoleni siit\u00e4, ett\u00e4 mielenterveysongelmien kasvusta huolimatta yh\u00e4 pienempi osuus kuntien terveydenhuollon menoista ohjautuu mielenterveyspalveluihin. <a href=\"https:\/\/www.sarisarkomaa.fi\/?p=8071\" class=\"more-link\">...jatka lukemista<span class=\"screen-reader-text\"> \"Terveytt\u00e4 ei ole ilman mielenterveytt\u00e4 \u2013 terapiatakuualoite tervetullut\"<\/span><\/a><\/p>\n","protected":false},"author":1,"featured_media":0,"comment_status":"closed","ping_status":"open","sticky":false,"template":"","format":"standard","meta":[],"categories":[8],"tags":[],"_links":{"self":[{"href":"https:\/\/www.sarisarkomaa.fi\/index.php?rest_route=\/wp\/v2\/posts\/8071"}],"collection":[{"href":"https:\/\/www.sarisarkomaa.fi\/index.php?rest_route=\/wp\/v2\/posts"}],"about":[{"href":"https:\/\/www.sarisarkomaa.fi\/index.php?rest_route=\/wp\/v2\/types\/post"}],"author":[{"embeddable":true,"href":"https:\/\/www.sarisarkomaa.fi\/index.php?rest_route=\/wp\/v2\/users\/1"}],"replies":[{"embeddable":true,"href":"https:\/\/www.sarisarkomaa.fi\/index.php?rest_route=%2Fwp%2Fv2%2Fcomments&post=8071"}],"version-history":[{"count":1,"href":"https:\/\/www.sarisarkomaa.fi\/index.php?rest_route=\/wp\/v2\/posts\/8071\/revisions"}],"predecessor-version":[{"id":8072,"href":"https:\/\/www.sarisarkomaa.fi\/index.php?rest_route=\/wp\/v2\/posts\/8071\/revisions\/8072"}],"wp:attachment":[{"href":"https:\/\/www.sarisarkomaa.fi\/index.php?rest_route=%2Fwp%2Fv2%2Fmedia&parent=8071"}],"wp:term":[{"taxonomy":"category","embeddable":true,"href":"https:\/\/www.sarisarkomaa.fi\/index.php?rest_route=%2Fwp%2Fv2%2Fcategories&post=8071"},{"taxonomy":"post_tag","embeddable":true,"href":"https:\/\/www.sarisarkomaa.fi\/index.php?rest_route=%2Fwp%2Fv2%2Ftags&post=8071"}],"curies":[{"name":"wp","href":"https:\/\/api.w.org\/{rel}","templated":true}]}}