{"id":8125,"date":"2019-10-02T16:29:15","date_gmt":"2019-10-02T14:29:15","guid":{"rendered":"https:\/\/www.sarisarkomaa.fi\/?p=8125"},"modified":"2019-10-02T16:29:17","modified_gmt":"2019-10-02T14:29:17","slug":"tiedote-28-9-kelan-tulkkaus-ja-kuntoutuspalveluiden-kilpailuttamisesta-siirryttava-rekisteroitymismenettelyn-tuomaan-valinnanvapauteen","status":"publish","type":"post","link":"https:\/\/www.sarisarkomaa.fi\/?p=8125","title":{"rendered":"Tiedote 28.9: Kelan tulkkaus- ja kuntoutuspalveluiden kilpailuttamisesta siirrytt\u00e4v\u00e4 rekister\u00f6itymismenettelyn tuomaan valinnanvapauteen"},"content":{"rendered":"\n<p>Kokoomuksen eduskuntaryhm\u00e4n varapuheenjohtaja kansanedustaja\nSari Sarkomaa pit\u00e4\u00e4 erinomaisena, ett\u00e4 p\u00e4\u00e4ministeri Antti Rinteen\nhallitusohjelmassa on tavoite selvitt\u00e4\u00e4 siirtymist\u00e4 rekister\u00f6itymismenettelyyn\ntietyiss\u00e4 Kelan kilpailuttamissa palveluissa. Sarkomaa kiritt\u00e4\u00e4 hallitusta\netenem\u00e4\u00e4n asiassa ja on j\u00e4tt\u00e4nyt aiheesta kirjallisen kysymyksen. <\/p>\n\n\n\n<p>\u201dRekister\u00f6itymismenettely tarkoittaa sit\u00e4, ett\u00e4\nkilpailuttamisen sijaan Kelan asettamien kriteerien mukaiset palvelun tuottajat\nolisivat palveluihin oikeutettujen ihmisten valittavissa. N\u00e4in laatu ja\npalveluja k\u00e4ytt\u00e4v\u00e4n ihmisen n\u00e4k\u00f6kulma nousisivat keski\u00f6\u00f6n\u201d, Sarkomaa pohtii.<\/p>\n\n\n\n<p>Sarkomaa esitt\u00e4\u00e4, ett\u00e4 rekister\u00f6itymismenettelyyn\nsiirrytt\u00e4isiin Kelan kuntoutus- ja tulkkauspalveluissa. <\/p>\n\n\n\n<p>\u201dKelan j\u00e4rjest\u00e4m\u00e4n kuntoutuksen ja vammaisten\ntulkkauspalvelun kilpailutukseen liittyv\u00e4t huolet osoittavat kilpailutuksen\nsopivan huonosti t\u00e4m\u00e4n tyyppisiin palveluihin\u201d, Sarkomaa sanoo.<\/p>\n\n\n\n<p>\u201dErityisen vakavaa huolta on tullut vammaisten lasten\nvanhemmilta. Rekister\u00f6itymismenettelyn tuoma valinnanvapaus mahdollistaisi sen,\nettei kilpailuttaminen en\u00e4\u00e4 katkaisisi toimivia hoitosuhteita eik\u00e4 pakotettaisi\naloittamaan esimerkiksi vaikeavammaisen lapsen kuntoutusta alusta\u201d, Sarkomaa\nsanoo.<\/p>\n\n\n\n<p>\u201dRekister\u00f6itymismenettelyn tuoman valinnanvapauden puolesta\non tullut vahva toive palveluiden k\u00e4ytt\u00e4jilt\u00e4 ja heid\u00e4n omaisiltaan, mutta my\u00f6s\npalveluiden tuottajilta\u201d, Sarkomaa sanoo.&nbsp; <\/p>\n\n\n\n<p>Sarkomaa muistuttaa, ett\u00e4 my\u00f6s Kelan p\u00e4\u00e4johtaja Elli Aaltonen\non tehnyt esityksen rekister\u00f6itymismenettelyyn siirtymisest\u00e4 kuntoutuksen ja\ntulkkipalveluiden osalta.<\/p>\n\n\n\n<p>Sarkomaa toivoo, ett\u00e4 sosiaali- ja terveysministeri\u00f6\naloittaisi lains\u00e4\u00e4d\u00e4nn\u00f6n valmistelun ja mahdolliset kokeilut Kelan kanssa niin,\nett\u00e4 rekister\u00f6itymismenettely tulisi voimaan jo vuonna 2021.<\/p>\n\n\n\n<p>Rekister\u00f6itymismenettely vie eteenp\u00e4in eduskunnan\nk\u00e4sittelem\u00e4n ei myyt\u00e4v\u00e4n\u00e4 -kansalaisaloitteen vaadetta kilpailuttamisen sijaan\nvahvistaa vammaisten ihmisten omia valintoja ja itsem\u00e4\u00e4r\u00e4\u00e4misoikeutta.<\/p>\n\n\n\n<p>Lis\u00e4tietoja:<\/p>\n\n\n\n<p>Sari Sarkomaa<\/p>\n\n\n\n<p>+358 50 5113033<\/p>\n","protected":false},"excerpt":{"rendered":"<p>Kokoomuksen eduskuntaryhm\u00e4n varapuheenjohtaja kansanedustaja Sari Sarkomaa pit\u00e4\u00e4 erinomaisena, ett\u00e4 p\u00e4\u00e4ministeri Antti Rinteen hallitusohjelmassa on tavoite selvitt\u00e4\u00e4 siirtymist\u00e4 rekister\u00f6itymismenettelyyn tietyiss\u00e4 Kelan kilpailuttamissa palveluissa. Sarkomaa kiritt\u00e4\u00e4 hallitusta etenem\u00e4\u00e4n asiassa ja on j\u00e4tt\u00e4nyt aiheesta kirjallisen kysymyksen. \u201dRekister\u00f6itymismenettely tarkoittaa sit\u00e4, ett\u00e4 kilpailuttamisen sijaan Kelan asettamien kriteerien mukaiset palvelun tuottajat olisivat palveluihin oikeutettujen ihmisten valittavissa. N\u00e4in laatu ja palveluja k\u00e4ytt\u00e4v\u00e4n <a href=\"https:\/\/www.sarisarkomaa.fi\/?p=8125\" class=\"more-link\">...jatka lukemista<span class=\"screen-reader-text\"> \"Tiedote 28.9: Kelan tulkkaus- ja kuntoutuspalveluiden kilpailuttamisesta siirrytt\u00e4v\u00e4 rekister\u00f6itymismenettelyn tuomaan valinnanvapauteen\"<\/span><\/a><\/p>\n","protected":false},"author":1,"featured_media":0,"comment_status":"closed","ping_status":"open","sticky":false,"template":"","format":"standard","meta":[],"categories":[4],"tags":[],"_links":{"self":[{"href":"https:\/\/www.sarisarkomaa.fi\/index.php?rest_route=\/wp\/v2\/posts\/8125"}],"collection":[{"href":"https:\/\/www.sarisarkomaa.fi\/index.php?rest_route=\/wp\/v2\/posts"}],"about":[{"href":"https:\/\/www.sarisarkomaa.fi\/index.php?rest_route=\/wp\/v2\/types\/post"}],"author":[{"embeddable":true,"href":"https:\/\/www.sarisarkomaa.fi\/index.php?rest_route=\/wp\/v2\/users\/1"}],"replies":[{"embeddable":true,"href":"https:\/\/www.sarisarkomaa.fi\/index.php?rest_route=%2Fwp%2Fv2%2Fcomments&post=8125"}],"version-history":[{"count":1,"href":"https:\/\/www.sarisarkomaa.fi\/index.php?rest_route=\/wp\/v2\/posts\/8125\/revisions"}],"predecessor-version":[{"id":8126,"href":"https:\/\/www.sarisarkomaa.fi\/index.php?rest_route=\/wp\/v2\/posts\/8125\/revisions\/8126"}],"wp:attachment":[{"href":"https:\/\/www.sarisarkomaa.fi\/index.php?rest_route=%2Fwp%2Fv2%2Fmedia&parent=8125"}],"wp:term":[{"taxonomy":"category","embeddable":true,"href":"https:\/\/www.sarisarkomaa.fi\/index.php?rest_route=%2Fwp%2Fv2%2Fcategories&post=8125"},{"taxonomy":"post_tag","embeddable":true,"href":"https:\/\/www.sarisarkomaa.fi\/index.php?rest_route=%2Fwp%2Fv2%2Ftags&post=8125"}],"curies":[{"name":"wp","href":"https:\/\/api.w.org\/{rel}","templated":true}]}}