{"id":8149,"date":"2019-10-11T14:25:59","date_gmt":"2019-10-11T12:25:59","guid":{"rendered":"https:\/\/www.sarisarkomaa.fi\/?p=8149"},"modified":"2019-10-11T14:26:01","modified_gmt":"2019-10-11T12:26:01","slug":"tiedote-11-10-ikaihmisten-arkeen-helpotusta-kotitalousvahennysta-korotettava","status":"publish","type":"post","link":"https:\/\/www.sarisarkomaa.fi\/?p=8149","title":{"rendered":"Tiedote 11.10: Ik\u00e4ihmisten arkeen helpotusta: kotitalousv\u00e4hennyst\u00e4 korotettava"},"content":{"rendered":"\n<p>Kokoomuksen kansanedustaja Sari Sarkomaa pit\u00e4\u00e4 viisaana korottaa\u00a0kotitalousv\u00e4hennyst\u00e4 osana vanhusten kotihoidon ongelmien ratkaisua.\u00a0\u00a0Sarkomaa vetoaa hallitukseen ensi vuoden valtion talousarvioesityksess\u00e4 olevan kotitalousv\u00e4hennyksen leikkauksen perumiseksi.\u00a0<\/p>\n\n\n\n<p>\u201dLeikkaus osuu erityisen kipe\u00e4sti\nvanhusten kukkaroon ja arkeen.&nbsp;P\u00e4invastoin kotitalousv\u00e4hennyst\u00e4 on\nnostettava osana niit\u00e4 toimia, joilla parannetaan ik\u00e4ihmisten kotipalveluja,\u201d\nvaatii Sarkomaa.<\/p>\n\n\n\n<p>Sarkomaa muistuttaa, ett\u00e4\nkotitalousv\u00e4hennyksen k\u00e4ytt\u00e4jist\u00e4 yli 40 prosenttia on el\u00e4kel\u00e4isi\u00e4. V\u00e4hennys on\ntuiki t\u00e4rke\u00e4 tuki monen ik\u00e4ihmisen arkeen ja&nbsp;kotona asumisen\nmahdollistaja. Ik\u00e4\u00e4ntyv\u00e4ss\u00e4 Suomessa pit\u00e4\u00e4 leikkauksien sijaan uudistaa ja\nlaajentaa kotitalousv\u00e4hennyst\u00e4 niin, ett\u00e4 se ehk\u00e4isee ik\u00e4ihmisten tarvetta\nk\u00e4ytt\u00e4\u00e4 raskaampia palveluja kuten tehostettua palveluasumista.<\/p>\n\n\n\n<p>\u201dKotitalousv\u00e4hennyksen leikkaus on t\u00e4ysin\np\u00e4invastainen Rinteen hallituksen lupauksille parantaa vanhusten palveluja ja\nhelpottaa el\u00e4kel\u00e4isten toimeentuloa\u201d, Sarkomaa sanoo.<\/p>\n\n\n\n<p>Sarkomaa kehottaa hallitusta kuulemaan\nasiassa el\u00e4kel\u00e4isi\u00e4 ja asiantuntijoita.<\/p>\n\n\n\n<p>Sarkomaa vastaanotti kokoomuksen ryhm\u00e4n puolesta El\u00e4kel\u00e4isliittojen etuj\u00e4rjest\u00f6 EETU ry:n eduskuntaryhmille luovuttaman <a href=\"http:\/\/www.eetury.fi\/eetun_tunnus\/artikkelit\/article-14832-70396-elakelaisliittojen-etujarjesto-eetu-ryn-kannanotto-vuoden-2020-talousarvioesitykseen-seka-lainsaadantoon?fbclid=IwAR3x4ITmkSN6I89vq-AV3fCKcULdk1Tq7Dvp1NtQvN8HdNUuT-hbA87vmB4\">kannanoton<\/a> vuoden 2020 valtiontalousarvioon. Kannanotossa kaikki el\u00e4keliitot, my\u00f6s vasemmistopuolueiden, vaativat kotitalousv\u00e4hennyksen leikkaamisen perumista ja yli 75-vuotiaille korotettua v\u00e4hennyst\u00e4 tukemaan itsen\u00e4ist\u00e4 selviytymist\u00e4 kotona.<\/p>\n\n\n\n<p>Sitra on ensimm\u00e4isten joukossa esitt\u00e4nyt\u00a075 vuotta t\u00e4ytt\u00e4neiden senioreiden kotitalouspalveluiden verov\u00e4hennysoikeuden kasvattamista 70 prosenttiin\u00a0<em>Kotitalousv\u00e4hennys arjen tukena\u00a0<\/em>-<a href=\"http:\/\/media.sitra.fi\/2017\/02\/27174820\/Selvityksia95-2.pdf\">raportissa<\/a>. Samassa raportissa on my\u00f6s laskettu esityksen vaikutuksia. Laskelmien mukaan kotitalousv\u00e4hennyksen noston tuomat palveluostot lykk\u00e4isiv\u00e4t 14 000 ik\u00e4ihmisen tehostetun palveluasumisen tarvetta puolella vuodella ja kustannuss\u00e4\u00e4st\u00f6 olisi 330 miljoonaa euroa.<\/p>\n\n\n\n<p>Kotitalousv\u00e4hennyksen korottamisella\nolisi&nbsp;merkitt\u00e4vi\u00e4 my\u00f6nteisi\u00e4 vaikutuksia kuten ihmisten kotipalveluiden ja\narjen paraneminen, ty\u00f6paikkojen lis\u00e4\u00e4ntyminen ja ik\u00e4ihmisten palveluasumisen\nmahdollinen lykk\u00e4\u00e4minen. Olennaista on ripe\u00e4sti tehd\u00e4 toimia, jotka lis\u00e4\u00e4v\u00e4t\nik\u00e4ihmisille mahdollisuuksia el\u00e4\u00e4 hyv\u00e4\u00e4 el\u00e4m\u00e4\u00e4.<\/p>\n\n\n\n<p>&nbsp;<br>\n<strong>Lis\u00e4tiedot:<\/strong>&nbsp;<\/p>\n\n\n\n<p>Sari Sarkomaa&nbsp;<a href=\"tel:0505113033\">0505113033<\/a><\/p>\n\n\n\n<p><br><br><\/p>\n","protected":false},"excerpt":{"rendered":"<p>Kokoomuksen kansanedustaja Sari Sarkomaa pit\u00e4\u00e4 viisaana korottaa\u00a0kotitalousv\u00e4hennyst\u00e4 osana vanhusten kotihoidon ongelmien ratkaisua.\u00a0\u00a0Sarkomaa vetoaa hallitukseen ensi vuoden valtion talousarvioesityksess\u00e4 olevan kotitalousv\u00e4hennyksen leikkauksen perumiseksi.\u00a0 \u201dLeikkaus osuu erityisen kipe\u00e4sti vanhusten kukkaroon ja arkeen.&nbsp;P\u00e4invastoin kotitalousv\u00e4hennyst\u00e4 on nostettava osana niit\u00e4 toimia, joilla parannetaan ik\u00e4ihmisten kotipalveluja,\u201d vaatii Sarkomaa. Sarkomaa muistuttaa, ett\u00e4 kotitalousv\u00e4hennyksen k\u00e4ytt\u00e4jist\u00e4 yli 40 prosenttia on el\u00e4kel\u00e4isi\u00e4. V\u00e4hennys on tuiki <a href=\"https:\/\/www.sarisarkomaa.fi\/?p=8149\" class=\"more-link\">...jatka lukemista<span class=\"screen-reader-text\"> \"Tiedote 11.10: Ik\u00e4ihmisten arkeen helpotusta: kotitalousv\u00e4hennyst\u00e4 korotettava\"<\/span><\/a><\/p>\n","protected":false},"author":1,"featured_media":0,"comment_status":"closed","ping_status":"open","sticky":false,"template":"","format":"standard","meta":[],"categories":[4],"tags":[],"_links":{"self":[{"href":"https:\/\/www.sarisarkomaa.fi\/index.php?rest_route=\/wp\/v2\/posts\/8149"}],"collection":[{"href":"https:\/\/www.sarisarkomaa.fi\/index.php?rest_route=\/wp\/v2\/posts"}],"about":[{"href":"https:\/\/www.sarisarkomaa.fi\/index.php?rest_route=\/wp\/v2\/types\/post"}],"author":[{"embeddable":true,"href":"https:\/\/www.sarisarkomaa.fi\/index.php?rest_route=\/wp\/v2\/users\/1"}],"replies":[{"embeddable":true,"href":"https:\/\/www.sarisarkomaa.fi\/index.php?rest_route=%2Fwp%2Fv2%2Fcomments&post=8149"}],"version-history":[{"count":1,"href":"https:\/\/www.sarisarkomaa.fi\/index.php?rest_route=\/wp\/v2\/posts\/8149\/revisions"}],"predecessor-version":[{"id":8150,"href":"https:\/\/www.sarisarkomaa.fi\/index.php?rest_route=\/wp\/v2\/posts\/8149\/revisions\/8150"}],"wp:attachment":[{"href":"https:\/\/www.sarisarkomaa.fi\/index.php?rest_route=%2Fwp%2Fv2%2Fmedia&parent=8149"}],"wp:term":[{"taxonomy":"category","embeddable":true,"href":"https:\/\/www.sarisarkomaa.fi\/index.php?rest_route=%2Fwp%2Fv2%2Fcategories&post=8149"},{"taxonomy":"post_tag","embeddable":true,"href":"https:\/\/www.sarisarkomaa.fi\/index.php?rest_route=%2Fwp%2Fv2%2Ftags&post=8149"}],"curies":[{"name":"wp","href":"https:\/\/api.w.org\/{rel}","templated":true}]}}