{"id":8184,"date":"2019-10-25T12:54:00","date_gmt":"2019-10-25T10:54:00","guid":{"rendered":"https:\/\/www.sarisarkomaa.fi\/?p=8184"},"modified":"2019-10-25T12:54:03","modified_gmt":"2019-10-25T10:54:03","slug":"tiedote-25-10-tuleeko-tuhat-laakaria-vai-ei-ministerin-linjaukset-epaselvia","status":"publish","type":"post","link":"https:\/\/www.sarisarkomaa.fi\/?p=8184","title":{"rendered":"Tiedote 25.10: Tuleeko tuhat l\u00e4\u00e4k\u00e4ri\u00e4 vai ei? \u2013 Ministerin linjaukset ep\u00e4selvi\u00e4"},"content":{"rendered":"\n<p>Kokoomuksen eduskuntaryhm\u00e4n varapuheenjohtaja Sari Sarkomaa ja sosiaali- ja terveysvaliokunnan varapuheenjohtaja Mia Laiho ovat huolissaan siit\u00e4, ett\u00e4 kunnissa h\u00e4mmennys sosiaali- ja terveyspalveluiden kehitt\u00e4misest\u00e4 syvenee entisest\u00e4\u00e4n peruspalveluministeri Kiurun ep\u00e4selvien lausuntojen my\u00f6t\u00e4. Kiurun mukaan Tulevaisuuden sosiaali- ja terveyskeskus -ohjelman my\u00f6t\u00e4 terveyskeskuksiin saadaan luvattuja l\u00e4\u00e4k\u00e4reit\u00e4. Aamulehden 23.10. tietojen mukaan ohjelmalle suunnattava valtionavustusrahoitus ei t\u00e4h\u00e4n kenties taivukaan.<\/p>\n\n\n\n<p>\u201dHoitotakuun tiukentaminen viikkoon on hallitukselta\nkunnianhimoinen tavoite, jonka toteuttamiseksi kunnissa tarvitaan ilman muuta\nrahoitusta l\u00e4\u00e4k\u00e4rien ja muun terveydenhuollon henkil\u00f6st\u00f6n palkkaamiseen ja n\u00e4in\non luvattukin. Mik\u00e4li nyt my\u00f6nnett\u00e4v\u00e4\u00e4 rahoitusta ei voida k\u00e4ytt\u00e4\u00e4 l\u00e4\u00e4k\u00e4reiden\npalkkaamiseen, niin hoitotakuun tiukennus tulee ajamaan kunnat ahtaalle\u201d,\nSarkomaa ja Laiho sanovat.<\/p>\n\n\n\n<p>Tulevaisuuden sosiaali- ja terveyskeskus -ohjelman\ntiedotustilaisuudessa 15.10. ministeri Kiurulta kysyttiin, milloin\nhallitusohjelmassa mainittu tuhannen uuden l\u00e4\u00e4k\u00e4rin palkkaaminen perustasolle\non ajankohtaista. \u201dNo nyt se on ajankohtaista, kun t\u00e4m\u00e4 raha l\u00e4htee kent\u00e4lle.\nNiin jos t\u00e4ll\u00e4 ei palkata kaikkia niit\u00e4 l\u00e4\u00e4k\u00e4reit\u00e4, jotka saadaan houkuteltua\nmukaan, niin mill\u00e4 sitten? Kyll\u00e4 se niinkun t\u00e4ss\u00e4 nyt on\u201d, Kiuru vastasi.<\/p>\n\n\n\n<p>Aamulehdess\u00e4\n23.10. sosiaali- ja terveysministeri\u00f6n johtaja Tuija Kumpulainen kertoikin,\nett\u00e4 valtionavustusta ei voi k\u00e4ytt\u00e4\u00e4 vakituisen lakis\u00e4\u00e4teisen teht\u00e4v\u00e4n hoitoon,\nvaan sit\u00e4 varten ovat valtionosuudet. Kumpulainen totesi my\u00f6s, ett\u00e4\nvaltionavustuksella ei voi palkata l\u00e4\u00e4k\u00e4reit\u00e4. Kumpulaisen mukaan avustusta\nvoidaan k\u00e4ytt\u00e4\u00e4 esimerkiksi vastaanoton kehitt\u00e4miseen, mutta ei pysyv\u00e4\u00e4n\nresursointiin.<br>\n<br>\nMinisteri\u00f6ss\u00e4 selvitet\u00e4\u00e4n parhaillaan, voisiko rahaa k\u00e4ytt\u00e4\u00e4 l\u00e4\u00e4k\u00e4rien\nv\u00e4liaikaiseen palkkaamiseen terveysasemien jonojen lyhent\u00e4miseksi.<\/p>\n\n\n\n<p>&nbsp;\u201dKyseess\u00e4 on j\u00e4lleen yksi petetty lupaus. Hallitus\non puhunut tuhannen l\u00e4\u00e4k\u00e4rin lis\u00e4\u00e4misest\u00e4 perusterveydenhuoltoon, mutta\nhallituksella ei ole osoittaa pysyv\u00e4\u00e4 rahoitusta. On mahdollista, ett\u00e4\nmonimutkaisen hankehumpan haun kautta saadakseen palkata m\u00e4\u00e4r\u00e4aikaisesti\nhenkil\u00f6st\u00f6\u00e4 purkamaan hoitojonoja. Lis\u00e4ksi hallituksen osoittamalla\nm\u00e4\u00e4r\u00e4rahalla j\u00e4\u00e4d\u00e4\u00e4n viel\u00e4 kauas tuhannen l\u00e4\u00e4k\u00e4rin tavoitteesta. Kaiken lis\u00e4ksi\npit\u00e4isi olla rahaa muun terveydenhuoltohenkil\u00f6st\u00f6n palkkaamiseen\u201d, Sarkomaa ja\nLaiho sanovat.<\/p>\n\n\n\n<p>\u201dHallitus on jo palkkaamassa m\u00e4\u00e4r\u00e4aikaisia opettajia ja\nnyt samaa harkittaisiin l\u00e4\u00e4k\u00e4reiden kohdalla? N\u00e4m\u00e4 ovat pysyvi\u00e4 teht\u00e4vi\u00e4\nkunnissa, jotka vaativat pysyv\u00e4n rahoituksen. Tarpeesta lis\u00e4t\u00e4\nterveyskeskusl\u00e4\u00e4k\u00e4reiden ty\u00f6n houkuttelevuutta on my\u00f6s puhuttu paljon.\nAiotaanko nyt palkata m\u00e4\u00e4r\u00e4aikaisia l\u00e4\u00e4k\u00e4reit\u00e4, ja sitenk\u00f6 terveyskeskusten\nhoukuttelevuutta ja nuorten l\u00e4\u00e4k\u00e4rien hakeutumista perusterveydenhuoltoon\nparannetaan?\u201d edustajat kysyv\u00e4t.<\/p>\n\n\n\n<p>Kokoomusedustajat j\u00e4ttiv\u00e4t asiasta t\u00e4n\u00e4\u00e4n kirjallisen\nkysymyksen hallitukselle vastattavaksi. <\/p>\n\n\n\n<p>Lis\u00e4tietoja:<\/p>\n\n\n\n<p>Sari Sarkomaa, 050 511 3033<\/p>\n\n\n\n<p>Mia Laiho, 050\n433 6461<\/p>\n","protected":false},"excerpt":{"rendered":"<p>Kokoomuksen eduskuntaryhm\u00e4n varapuheenjohtaja Sari Sarkomaa ja sosiaali- ja terveysvaliokunnan varapuheenjohtaja Mia Laiho ovat huolissaan siit\u00e4, ett\u00e4 kunnissa h\u00e4mmennys sosiaali- ja terveyspalveluiden kehitt\u00e4misest\u00e4 syvenee entisest\u00e4\u00e4n peruspalveluministeri Kiurun ep\u00e4selvien lausuntojen my\u00f6t\u00e4. Kiurun mukaan Tulevaisuuden sosiaali- ja terveyskeskus -ohjelman my\u00f6t\u00e4 terveyskeskuksiin saadaan luvattuja l\u00e4\u00e4k\u00e4reit\u00e4. Aamulehden 23.10. tietojen mukaan ohjelmalle suunnattava valtionavustusrahoitus ei t\u00e4h\u00e4n kenties taivukaan. \u201dHoitotakuun tiukentaminen viikkoon <a href=\"https:\/\/www.sarisarkomaa.fi\/?p=8184\" class=\"more-link\">...jatka lukemista<span class=\"screen-reader-text\"> \"Tiedote 25.10: Tuleeko tuhat l\u00e4\u00e4k\u00e4ri\u00e4 vai ei? \u2013 Ministerin linjaukset ep\u00e4selvi\u00e4\"<\/span><\/a><\/p>\n","protected":false},"author":1,"featured_media":0,"comment_status":"closed","ping_status":"open","sticky":false,"template":"","format":"standard","meta":[],"categories":[4],"tags":[],"_links":{"self":[{"href":"https:\/\/www.sarisarkomaa.fi\/index.php?rest_route=\/wp\/v2\/posts\/8184"}],"collection":[{"href":"https:\/\/www.sarisarkomaa.fi\/index.php?rest_route=\/wp\/v2\/posts"}],"about":[{"href":"https:\/\/www.sarisarkomaa.fi\/index.php?rest_route=\/wp\/v2\/types\/post"}],"author":[{"embeddable":true,"href":"https:\/\/www.sarisarkomaa.fi\/index.php?rest_route=\/wp\/v2\/users\/1"}],"replies":[{"embeddable":true,"href":"https:\/\/www.sarisarkomaa.fi\/index.php?rest_route=%2Fwp%2Fv2%2Fcomments&post=8184"}],"version-history":[{"count":1,"href":"https:\/\/www.sarisarkomaa.fi\/index.php?rest_route=\/wp\/v2\/posts\/8184\/revisions"}],"predecessor-version":[{"id":8185,"href":"https:\/\/www.sarisarkomaa.fi\/index.php?rest_route=\/wp\/v2\/posts\/8184\/revisions\/8185"}],"wp:attachment":[{"href":"https:\/\/www.sarisarkomaa.fi\/index.php?rest_route=%2Fwp%2Fv2%2Fmedia&parent=8184"}],"wp:term":[{"taxonomy":"category","embeddable":true,"href":"https:\/\/www.sarisarkomaa.fi\/index.php?rest_route=%2Fwp%2Fv2%2Fcategories&post=8184"},{"taxonomy":"post_tag","embeddable":true,"href":"https:\/\/www.sarisarkomaa.fi\/index.php?rest_route=%2Fwp%2Fv2%2Ftags&post=8184"}],"curies":[{"name":"wp","href":"https:\/\/api.w.org\/{rel}","templated":true}]}}