{"id":8194,"date":"2019-10-29T16:42:33","date_gmt":"2019-10-29T14:42:33","guid":{"rendered":"https:\/\/www.sarisarkomaa.fi\/?p=8194"},"modified":"2019-10-29T16:42:36","modified_gmt":"2019-10-29T14:42:36","slug":"lokakuun-eduskuntaterveiset","status":"publish","type":"post","link":"https:\/\/www.sarisarkomaa.fi\/?p=8194","title":{"rendered":"Lokakuun eduskuntaterveiset"},"content":{"rendered":"\n<p>Arvoisa vastaanottaja,<br> <br>Syksy on ollut vastuullista talous- ja ty\u00f6llisyyspolitiikkaa kannattaville\u00a0kolaus Rinteen hallituksen julkaiseman talousarvioesityksen takia. Esityksess\u00e4 puuttuivat l\u00e4hes tyystin ty\u00f6llisyytt\u00e4 edist\u00e4v\u00e4t toimet ja siin\u00e4 oli p\u00e4invastoin ty\u00f6llisyyskehityst\u00e4 jarruttavia toimia kuten kotitalousv\u00e4hennyksen leikkaus. My\u00f6s ansiotuloveron kiristykset osuvat kovalla tavalla palkansaajien ja el\u00e4kel\u00e4isten kukkaroon leikaten ostovoimaa.\u00a0<\/p>\n\n\n\n<p>Hallitus lupasi lis\u00e4rahaa moneen, mutta vaalilupaukset\nn\u00e4ytt\u00e4v\u00e4t sulavan yksi toisensa j\u00e4lkeen. Erityisen vakava asia on se, ett\u00e4\nhallitus j\u00e4tti rahanjaossa vanhustenpalvelut l\u00e4hes ilman lis\u00e4rahaa. My\u00f6s\nleikkaukset tutkimusrahoitukseen ovat aivan muuta, mit\u00e4 hallitus lupasi.&nbsp;<\/p>\n\n\n\n<p>Kaikkien suomalaisten kannalta on \u00e4\u00e4rimm\u00e4isen vakavaa,\nett\u00e4 ty\u00f6llisyyskehitys on pys\u00e4htynyt. Ihmisille t\u00e4rke\u00e4t palvelut ja hyvinvointi\nvoidaan turvata kest\u00e4v\u00e4sti siten, ett\u00e4 suomalaisilla on ty\u00f6t\u00e4. Nuokkumisen\nsijaan hallituksen olisi tullut nostaa <a href=\"https:\/\/www.sarisarkomaa.fi\/?p=8076\">ty\u00f6llisyys<\/a> ykk\u00f6sagendalle.&nbsp; <br>\n<br>\nNyt jos koskaan tarvitsemme maahamme vastuullisia kokoomuslaisia\nvaihtoehtoja ja politiikkaa. Nykyhallitukselta on vastuutonta ja kylm\u00e4\u00e4\npolitiikkaa siirt\u00e4\u00e4 ty\u00f6llisyystoimien tekeminen tulevaan. Ihmiset tarvitsevat\nty\u00f6t\u00e4 ja ty\u00f6paikat tekij\u00f6it\u00e4. Ty\u00f6ll\u00e4 rahoitamme koulut sek\u00e4 terveys- ja\nvanhuspalvelut. <\/p>\n\n\n\n<p>Eduskuntaryhm\u00e4mme valmistelee vaihtoehtoa Rinteen\nhallituksen budjettiesitykseen.<\/p>\n\n\n\n<p>Esit\u00e4mme vahvoja toimia ty\u00f6llisyyskehityksen\nvauhdittamiseksi sek\u00e4 mm. <a href=\"https:\/\/www.sarisarkomaa.fi\/?p=8163\">terapiatakuun<\/a> toteuttamista ja <a href=\"https:\/\/www.sarisarkomaa.fi\/?p=8149\">kotitalousv\u00e4hennyksen<\/a> leikkauksen perumista. Ajatukset ja\npalaute vaihtoehtobudjetin valmisteluun ovat tervetulleita. <br>\n<br>\n<\/p>\n\n\n\n<p>\u00a0\u00a0<\/p>\n\n\n\n<figure class=\"wp-block-image\"><img loading=\"lazy\" width=\"466\" height=\"212\" src=\"https:\/\/www.sarisarkomaa.fi\/wp-content\/uploads\/image-1.png\" alt=\"\" class=\"wp-image-8195\" srcset=\"https:\/\/www.sarisarkomaa.fi\/wp-content\/uploads\/image-1.png 466w, https:\/\/www.sarisarkomaa.fi\/wp-content\/uploads\/image-1-300x136.png 300w\" sizes=\"(max-width: 466px) 100vw, 466px\" \/><\/figure>\n\n\n\n<p>Kokoomuksen eduskuntaryhm\u00e4n puheenjohtajiston voimin puheenjohtajiston voimin j\u00e4tt\u00e4m\u00e4ss\u00e4v\u00e4likysymyst\u00e4 Antti Rinteen ponnettomasta ty\u00f6llisyyspolitiikasta. Kuvassa kanssani ryhm\u00e4n muu puheenjohtajisto eli Kai Mykk\u00e4nen, Jukka Kopra ja Anna-Kaisa Ikonen.\u00a0  <\/p>\n\n\n\n<p>T\u00e4ss\u00e4 kirjeess\u00e4:<\/p>\n\n\n\n<ul><li>Johtamani Helsingin ja Uudenmaan kansanedustajien\nneuvottelukunnan terveiset vuoden 2020 valtion talousarvioesitykseen<\/li><li>Tekem\u00e4ni kirjallinen kysymys\nvarhaiskasvatuksen opettajien tarvekartoituksesta ja koulutusm\u00e4\u00e4rien\nriitt\u00e4vyydest\u00e4<\/li><li>Kannanottoni korkeakoulupaikkojen\nlis\u00e4\u00e4misest\u00e4 Helsingiss\u00e4 ja muualla Uudellamaalla <\/li><li>Lakialoitteeni tytt\u00f6jen ja naisten sukuelinten\nsilpomisen kielt\u00e4miseksi erillislailla<\/li><li>Perustimme johdollani eduskuntaan\nulkosuomalaisten yst\u00e4vyysryhm\u00e4n<\/li><li>Helsingin ensi\nvuoden budjettiesityksess\u00e4 on vahva kokoomuksen k\u00e4denj\u00e4lki&nbsp;<\/li><li>Mukana Roosa nauha -kampanjassa <\/li><li>Kutsut seuraaviin tapahtumiin: <strong>Senioriverkoston\ntilaisuus<\/strong> Pikkuparlamentin Kansalaisinfossa ke 6.11. klo 11:30\u201313:30, <strong>Helsinkil\u00e4isten\nkokoomusnaisten politiikan workshop <\/strong>eduskunnassa ma 18.11. klo 17\u201319, <strong>Terapiatakuutilaisuus\n<\/strong>Pikkuparlamentin Kansalaisinfossa ti 10.12. klo 17\u201319<\/li><\/ul>\n\n\n\n<p>Johtamani Helsingin ja Uudenmaan kansanedustajien neuvottelukunta l\u00e4hetti terveiset laatimamme <a href=\"https:\/\/www.uudenmaanliitto.fi\/files\/23940\/KENK_kannanotto_130919.pdf?fbclid=IwAR08TfSaKRBm5SUXRO8QxPB_jVQKtAdMKWBrJG4jt_n-4j2BSm12EcO1t94\">kannanoton<\/a> muodossa hallituksen budjettiriiheen. Kannanottomme k\u00e4rkin\u00e4 olivat 1) riitt\u00e4v\u00e4 rahoitus p\u00e4\u00e4radan hankkeille ja alueen yliopistoille, 2) lis\u00e4\u00e4 aloituspaikkoja p\u00e4\u00e4kaupunkiseudun korkeakouluihin ja 3) ty\u00f6voiman kohtaantoa edist\u00e4v\u00e4t toimet alueella.<\/p>\n\n\n\n<figure class=\"wp-block-image\"><img loading=\"lazy\" width=\"357\" height=\"315\" src=\"https:\/\/www.sarisarkomaa.fi\/wp-content\/uploads\/image-2.png\" alt=\"\" class=\"wp-image-8197\" srcset=\"https:\/\/www.sarisarkomaa.fi\/wp-content\/uploads\/image-2.png 357w, https:\/\/www.sarisarkomaa.fi\/wp-content\/uploads\/image-2-300x265.png 300w\" sizes=\"(max-width: 357px) 100vw, 357px\" \/><\/figure>\n\n\n\n<p><strong>Laadin kirjallisen\nkysymyksen varhaiskasvatuksen opettajien tarvekartoituksesta ja koulutusm\u00e4\u00e4rien\nriitt\u00e4vyydest\u00e4<\/strong><\/p>\n\n\n\n<p>Helsingiss\u00e4 on iso puute varhaiskasvatuksen\nopettajista, johon tarvitaan kest\u00e4vi\u00e4 <a href=\"https:\/\/www.sarisarkomaa.fi\/?p=8045\">ratkaisuja<\/a>. Jokaisella lapsella on oikeus\nlaadukkaaseen varhaiskasvatukseen. Eduskunta on aloitteestani\ntoistuvasti&nbsp;lis\u00e4nnyt m\u00e4\u00e4r\u00e4rahoja varhaiskasvatuksen opettajien\nkoulutukseen. Viime eduskuntakaudella hallituksen esityksest\u00e4 p\u00e4\u00e4timme\nmittavasta m\u00e4\u00e4r\u00e4rahasta varhaiskasvatuksen opettajien koulutusm\u00e4\u00e4rien\nlis\u00e4\u00e4miseksi. On iso pettymys, ett\u00e4 Rinteen hallitus ei ole lis\u00e4\u00e4m\u00e4ss\u00e4\neuroakaan suoraan korkeakoulujen aloituspaikkojen lis\u00e4\u00e4miseksi.&nbsp; <\/p>\n\n\n\n<p><strong>Kannanottoni\nkorkeakoulupaikkojen lis\u00e4\u00e4misest\u00e4 Uudellamaalla <\/strong><\/p>\n\n\n\n<p>Pid\u00e4n\nv\u00e4ltt\u00e4m\u00e4tt\u00f6m\u00e4n\u00e4, ett\u00e4&nbsp;uusmaalaisten nuorten ep\u00e4tasa-arvoinen asema\nkorkeakoulupaikkojen <a href=\"https:\/\/www.sarisarkomaa.fi\/?p=8170\">saatavuudessa<\/a>, suhteessa maan muihin\nnuoriin, korjataan. P\u00e4\u00e4kaupunkiseudun nuorten eriarvoista tilannetta kuvaa se,\nett\u00e4 vuonna 2017 uusista ylioppilaista 32 % tuli Uudeltamaalta, mutta\nopiskelupaikkoja alueella oli vain 27 % kaikista maamme korkeakoulupaikoista.<br>\n<br>\nEi ole mit\u00e4\u00e4n syyt\u00e4, miksi alueemme nuoria\nkohdeltaisiin huonommin kuin muita maamme nuoria. Kun opetusministeri\u00f6 on\naloittamassa neuvottelut korkeakoulujen aloituspaikkojen lis\u00e4\u00e4miseksi ja\ntutkintotavoitteiden nostamiseksi, on kaikki syyt kohdentaa aloituspaikkoja\nerityisesti Uudenmaan korkeakouluihin. <\/p>\n\n\n\n<p><strong>Tein lakialoitteen\ntytt\u00f6jen ja naisten sukuelinten silpomisen kielt\u00e4miseksi erillislailla<\/strong><\/p>\n\n\n\n<p>Tytt\u00f6jen ja naisten sukuelinten silpominen loukkaa r\u00e4ike\u00e4sti ihmis- ja itsem\u00e4\u00e4r\u00e4\u00e4misoikeuksia, heikent\u00e4\u00e4 naisten tasa-arvoa sek\u00e4 aiheuttaa terveydellisi\u00e4, sosiaalisia ja seksuaalisia haittoja. Meid\u00e4n on Suomessa onnistuttava auttamaan tehokkaammin silpomisuhan alla olevia tytt\u00f6j\u00e4 ja teht\u00e4v\u00e4 konkreettisia tekoja, jotta n\u00e4m\u00e4 ep\u00e4inhimilliset rikokset saadaan torjuttua ja uhreja autettua parhaalla mahdollisella tavalla.\u00a0<br><br>Eduskunta k\u00e4sittelee kansalaisaloitetta sukuelinten silpomisen kielt\u00e4miseksi. Aloitteesta ei ole esitetty konkreettisia pyk\u00e4li\u00e4 ja siksi teimme lakialoitteet yhdess\u00e4 Sofia Vikmanin kanssa. Halusimme tarjota eduskunnalle konkreettisia ehdotuksia siit\u00e4, mit\u00e4 silpomisen kielt\u00e4v\u00e4ss\u00e4 erillislaissa ja n\u00e4iden rikosten ennaltaehk\u00e4isemiseksi pit\u00e4isi s\u00e4\u00e4t\u00e4\u00e4. Jokaisella tyt\u00f6ll\u00e4 ja naisella on oikeus p\u00e4\u00e4tt\u00e4\u00e4 omasta kehostaan ja tulevaisuudestaan. <a href=\"https:\/\/www.sarisarkomaa.fi\/?p=7990\">Asiasta<\/a> lis\u00e4\u00e4 sivuillani.<\/p>\n\n\n\n<p><strong>Eduskunnan ulkosuomalaisten yst\u00e4vyysryhm\u00e4 perustettu aloitteestani <br>\n<br>\n<\/strong>On ilo toimia ryhm\u00e4n\npuheenjohtajana. Ryhm\u00e4 tekee yhteisty\u00f6t\u00e4 Suomi-Seuran ja\nUlkosuomalaisparlamentin kanssa. Ulkosuomalaisia lasketaan olevan noin kaksi\nmiljoonaa, joista noin 300&nbsp;000 on Suomen kansalaisia. On t\u00e4rke\u00e4\u00e4, ett\u00e4\nulkosuomalaisten asiat tunnetaan ja otetaan eduskunnan p\u00e4\u00e4t\u00f6ksenteossa\nhuomioon. Ryhm\u00e4mme toivoo palautetta ja yhteisty\u00f6t\u00e4 ulkosuomalaisten kanssa.\nEnsimm\u00e4isen\u00e4 asiana ty\u00f6listallamme on t\u00e4rke\u00e4\u00e4 ty\u00f6t\u00e4 tekev\u00e4t Suomi- koulut sek\u00e4\nniiden rahoituksen nostaminen riitt\u00e4v\u00e4lle tasolle.&nbsp;&nbsp;Olen j\u00e4tt\u00e4nyt\nasiasta talousarvioaloitteen.<\/p>\n\n\n\n<p><strong>\u00a0\u00a0<\/strong><\/p>\n\n\n\n<figure class=\"wp-block-image\"><img loading=\"lazy\" width=\"380\" height=\"284\" src=\"https:\/\/www.sarisarkomaa.fi\/wp-content\/uploads\/image-3.png\" alt=\"\" class=\"wp-image-8198\" srcset=\"https:\/\/www.sarisarkomaa.fi\/wp-content\/uploads\/image-3.png 380w, https:\/\/www.sarisarkomaa.fi\/wp-content\/uploads\/image-3-300x224.png 300w\" sizes=\"(max-width: 380px) 100vw, 380px\" \/><\/figure>\n\n\n\n<p>Ulkosuomalaisten ryhm\u00e4n j\u00e4rjest\u00e4ytymisen kunniaksi otimme kuvan, jossa kanssani ryhm\u00e4n varapuheenjohtaja ja kansanedustaja Veikko Vallin ja <br>Suomi-Seurasta toiminnanjohtaja Tina Strandberg ja Ulkosuomalaisparlamentin parlamenttisihteeri Sini Castr\u00e9n. <\/p>\n\n\n\n<p><strong>Helsingin\nensi vuoden budjettiesityksess\u00e4 on kokoomuksen k\u00e4denj\u00e4lki&nbsp;<\/strong><\/p>\n\n\n\n<p>Helsingin kaupungin ensi vuoden budjettiesityksest\u00e4 on\nsaatu sopu pormestarimme esityksen pohjalta. Ratkaisussa n\u00e4kyv\u00e4t kokoomukselle\nt\u00e4rke\u00e4t tavoitteet: koulutukseen panostaminen ja koulurakennuksien korjaamisen\nvauhdittaminen. Lis\u00e4voimavaroja suunnataan&nbsp;terveys-, vanhus- ja\nvammaispalveluiden parantamiseksi pysyen samalla vastuullisella talouslinjalla.\nPitk\u00e4aikainen tavoitteemme Johanneksen kent\u00e4n tekoj\u00e4\u00e4radasta toteutuu.\nIk\u00e4ihmisten liikkumisen edellytyksi\u00e4 edistet\u00e4\u00e4n&nbsp;lis\u00e4\u00e4m\u00e4ll\u00e4 puistonpenkkej\u00e4\nkeskeisten kulkureittien varteen. Liikkumista ja turvallisuutta edist\u00e4\u00e4 my\u00f6s\nse, ett\u00e4 viime talvesta oppineena katujen talvikunnossapitoa on p\u00e4\u00e4tetty\nparantaa. Helsingin on oltava hyv\u00e4 paikka asua ja el\u00e4\u00e4 kaiken ik\u00e4isille\nihmisille.<\/p>\n\n\n\n<p><strong>Mukana Roosa nauha -kampanjassa <\/strong><\/p>\n\n\n\n<p>Oli ilo osallistua Roosa nauha -kampanjan avajaistilaisuuteen. Roosa nauha on Sy\u00f6p\u00e4s\u00e4\u00e4ti\u00f6n organisoima kampanja, jolla tuetaan kotimaista rintasy\u00f6p\u00e4tutkimusta. Rintasy\u00f6v\u00e4n torjunta on meid\u00e4n kaikkien yhteinen asia. T\u00e4m\u00e4n vuoden nauhan on suunnitellut upea Seela Sella. <\/p>\n\n\n\n<figure class=\"wp-block-image\"><img loading=\"lazy\" width=\"306\" height=\"306\" src=\"https:\/\/www.sarisarkomaa.fi\/wp-content\/uploads\/image-4.png\" alt=\"\" class=\"wp-image-8199\" srcset=\"https:\/\/www.sarisarkomaa.fi\/wp-content\/uploads\/image-4.png 306w, https:\/\/www.sarisarkomaa.fi\/wp-content\/uploads\/image-4-150x150.png 150w, https:\/\/www.sarisarkomaa.fi\/wp-content\/uploads\/image-4-300x300.png 300w\" sizes=\"(max-width: 306px) 100vw, 306px\" \/><\/figure>\n\n\n\n<p><strong>Kutsuja\ntapahtumiin:<\/strong><\/p>\n\n\n\n<p><strong>Senioriverkoston\ntilaisuus<\/strong> Pikkuparlamentin\nKansalaisinfossa ke 6.11. klo 11:30\u201313:30 <br>\n<br>\nL\u00e4mpim\u00e4sti\ntervetuloa Kokoomuksen Senioriverkoston <a href=\"https:\/\/www.sarisarkomaa.fi\/?p=8192\">tilaisuuteen<\/a> \u201dSeniorien \u00e4\u00e4ni kuuluviin\u201d. Mukana\npuheenjohtajamme Petteri Orpo ja puoluesihteerimme Kristiina Kokko. Olen\ntilaisuudessa verkoston varapuheenjohtajana esittelem\u00e4ss\u00e4 verkostomme\nk\u00e4rkitavoitteita.&nbsp; Tilaisuudessa p\u00e4\u00e4set keskustelemaan p\u00e4\u00e4tt\u00e4jien kanssa\nsek\u00e4 tuomaan esille senioreja koskettavia haasteita. Ilmoittautumiset pyydet\u00e4\u00e4n\ntoimittamaan verkoston sihteeri Hanna Hyyryl\u00e4iselle osoitteeseen <a href=\"mailto:hanna.hyyrylainen@eduskunta.fi\">hanna.hyyrylainen@eduskunta.fi<\/a>&nbsp;tai puhelimitse numeron +358 504776058<\/p>\n\n\n\n<p><strong>Helsinkil\u00e4isten\nkokoomusnaisten politiikan workshop <\/strong>eduskunnassa\nma 18.11. klo 17\u201319.<\/p>\n\n\n\n<p>Tervetuloa\nyhteisty\u00f6ss\u00e4 helsinkil\u00e4isten kokoomusnaisten kanssa j\u00e4rjest\u00e4m\u00e4\u00e4ni poliittiseen\nworkshop-tilaisuuteen ideoimaan ja linjaamaan kokoomuspolitiikkaa. Kokoomusnaisten\nj\u00e4rjest\u00f6- ja viestint\u00e4sihteeri Nea Tarvainen on l\u00e4hett\u00e4nyt kokoomusnaisten\nj\u00e4senille tapahtumaan liittyen s\u00e4hk\u00f6postitse kutsun\nsis\u00e4lt\u00e4en ilmoittautumislinkin. My\u00f6s uudet ja muut kokoomuksen toiminnasta ja vaikuttamisesta kiinnostuneet\nhenkil\u00f6t ovat l\u00e4mpim\u00e4sti tervetulleita mukaan keskusteluun. Neaan voi olla ilmoittautumisen osalta yhteydess\u00e4\nosoitteeseen <a href=\"mailto:nea.tarvainen@kokoomusnaiset.fi\">nea.tarvainen@kokoomusnaiset.fi<\/a>.<strong><\/strong><\/p>\n\n\n\n<p><strong>Terapiatakuutilaisuus <\/strong>Pikkuparlamentin Kansalaisinfossa ti 10.12. klo 17\u201319<br><br>L\u00e4mpim\u00e4sti tervetuloa terapiatakuu- ja mielenterveysaiheiseen tilaisuuteen keskustelemaan ja kuulemaan, miten mielenterveyden peruspalveluita on tarkoitus vahvistaa. Paikalla puhujina ovat muun muassa HUS:in psykiatrian toimialajohtaja Matti Holi ja Mielenterveysomaisten keskusliitto FinFamin toiminnanjohtaja Pia Hyt\u00f6nen. Savet the date, tarkempi ohjelma valmistumassa tuota pikaa. Kyseess\u00e4 avoin tilaisuus, johon ei tarvitse ilmoittautua erikseen.<\/p>\n\n\n\n<p>Terveisin,<br><br>Sari Sarkomaa <\/p>\n","protected":false},"excerpt":{"rendered":"<p>Arvoisa vastaanottaja, Syksy on ollut vastuullista talous- ja ty\u00f6llisyyspolitiikkaa kannattaville\u00a0kolaus Rinteen hallituksen julkaiseman talousarvioesityksen takia. Esityksess\u00e4 puuttuivat l\u00e4hes tyystin ty\u00f6llisyytt\u00e4 edist\u00e4v\u00e4t toimet ja siin\u00e4 oli p\u00e4invastoin ty\u00f6llisyyskehityst\u00e4 jarruttavia toimia kuten kotitalousv\u00e4hennyksen leikkaus. My\u00f6s ansiotuloveron kiristykset osuvat kovalla tavalla palkansaajien ja el\u00e4kel\u00e4isten kukkaroon leikaten ostovoimaa.\u00a0 Hallitus lupasi lis\u00e4rahaa moneen, mutta vaalilupaukset n\u00e4ytt\u00e4v\u00e4t sulavan yksi toisensa j\u00e4lkeen. <a href=\"https:\/\/www.sarisarkomaa.fi\/?p=8194\" class=\"more-link\">...jatka lukemista<span class=\"screen-reader-text\"> \"Lokakuun eduskuntaterveiset\"<\/span><\/a><\/p>\n","protected":false},"author":1,"featured_media":0,"comment_status":"closed","ping_status":"open","sticky":false,"template":"","format":"standard","meta":[],"categories":[6],"tags":[],"_links":{"self":[{"href":"https:\/\/www.sarisarkomaa.fi\/index.php?rest_route=\/wp\/v2\/posts\/8194"}],"collection":[{"href":"https:\/\/www.sarisarkomaa.fi\/index.php?rest_route=\/wp\/v2\/posts"}],"about":[{"href":"https:\/\/www.sarisarkomaa.fi\/index.php?rest_route=\/wp\/v2\/types\/post"}],"author":[{"embeddable":true,"href":"https:\/\/www.sarisarkomaa.fi\/index.php?rest_route=\/wp\/v2\/users\/1"}],"replies":[{"embeddable":true,"href":"https:\/\/www.sarisarkomaa.fi\/index.php?rest_route=%2Fwp%2Fv2%2Fcomments&post=8194"}],"version-history":[{"count":3,"href":"https:\/\/www.sarisarkomaa.fi\/index.php?rest_route=\/wp\/v2\/posts\/8194\/revisions"}],"predecessor-version":[{"id":8201,"href":"https:\/\/www.sarisarkomaa.fi\/index.php?rest_route=\/wp\/v2\/posts\/8194\/revisions\/8201"}],"wp:attachment":[{"href":"https:\/\/www.sarisarkomaa.fi\/index.php?rest_route=%2Fwp%2Fv2%2Fmedia&parent=8194"}],"wp:term":[{"taxonomy":"category","embeddable":true,"href":"https:\/\/www.sarisarkomaa.fi\/index.php?rest_route=%2Fwp%2Fv2%2Fcategories&post=8194"},{"taxonomy":"post_tag","embeddable":true,"href":"https:\/\/www.sarisarkomaa.fi\/index.php?rest_route=%2Fwp%2Fv2%2Ftags&post=8194"}],"curies":[{"name":"wp","href":"https:\/\/api.w.org\/{rel}","templated":true}]}}