{"id":8320,"date":"2019-12-11T12:48:37","date_gmt":"2019-12-11T10:48:37","guid":{"rendered":"https:\/\/www.sarisarkomaa.fi\/?p=8320"},"modified":"2019-12-11T15:03:55","modified_gmt":"2019-12-11T13:03:55","slug":"tiedote-11-12-kokoomus-osallistuu-valikysymykseen-al-holin-kotiuttamistoimista","status":"publish","type":"post","link":"https:\/\/www.sarisarkomaa.fi\/?p=8320","title":{"rendered":"Tiedote 11.12: Kokoomus osallistuu v\u00e4likysymykseen al-Holin kotiuttamistoimista"},"content":{"rendered":"\n<p>Kokoomuksen\neduskuntaryhm\u00e4n kokous p\u00e4\u00e4tti osallistua v\u00e4likysymykseen al-Holin\nkotiuttamistoimista sek\u00e4 maan hallituksen p\u00e4\u00e4t\u00f6ksenteosta ja ministeri\nHaaviston toiminnasta asiassa. Kokoomus j\u00e4tti samasta aiheesta kirjallisen\nkysymyksen noin viikko sitten ja koska kysymyksess\u00e4 esitettyihin asioihin ei\nole ainakaan toistaiseksi saatu selvyytt\u00e4 ja asiassa on ilmennyt lis\u00e4tietoja,\non loogista, ett\u00e4 faktoja asiaan per\u00e4t\u00e4\u00e4n my\u00f6s v\u00e4likysymyksell\u00e4.<\/p>\n\n\n\n<ul><li>Onko\n     hallitus k\u00e4yt\u00e4nn\u00f6ss\u00e4 hyv\u00e4ksynyt Isisin kalifaatin toimintaan\n     osallistuneiden Suomen kansalaisten auttamisen Suomeen vai ei? Viime\n     viikkojen ja p\u00e4ivien kommentit hallituksen johtoviisikolta ovat olleet\n     v\u00e4lttelevi\u00e4 ja sekavia. Hallituksen toiminta asiassa ei ole her\u00e4tt\u00e4nyt\n     luottamusta p\u00e4\u00e4ministeri Rinteen aikana, eik\u00e4 p\u00e4\u00e4ministeri Marinin kausi\n     ole valitettavasti alkanut yht\u00e4\u00e4n selke\u00e4mmin, kokoomuksen eduskuntaryhm\u00e4n\n     puheenjohtaja Kai Mykk\u00e4nen sanoo.<\/li><\/ul>\n\n\n\n<ul><li>Ulkoministeri\n     Haavisto v\u00e4itti ensin, ett\u00e4 oikeuskanslerin ratkaisu al-Holin lasten\n     kotiuttamisesta riitt\u00e4\u00e4 h\u00e4nelle mandaatiksi kotiuttamistoimiin ilman\n     hallituksen linjausta ja my\u00f6hemmin h\u00e4n sanoi, ett\u00e4 hallituksen iltakoulu\n     on hyv\u00e4ksynyt toimintalinjauksen. Kovimmissa huhupuheissa v\u00e4itet\u00e4\u00e4n, ett\u00e4\n     al-Holin leirilt\u00e4 tuotaisiin nyt ihmisi\u00e4 pieniss\u00e4 ryhmiss\u00e4, jotta\n     poliittista p\u00e4\u00e4t\u00f6st\u00e4 ei tarvitsisi tehd\u00e4. Hallituksen johto ei ole t\u00e4t\u00e4\n     suoraan kiist\u00e4nyt. Jos v\u00e4itteet pit\u00e4v\u00e4t paikkansa, kyseess\u00e4 on selv\u00e4sti vastuun\n     v\u00e4ist\u00e4minen vakavassa asiassa. Eduskunnan ja suomalaisten on saatava\n     tiet\u00e4\u00e4 todellinen tilanne, Kai Mykk\u00e4nen jatkaa.<\/li><\/ul>\n\n\n\n<p>Kokoomus l\u00e4htee\nsiit\u00e4, ett\u00e4 Suomen kansalaisuuden omaavia lapsia autetaan palaamaan Suomeen\nilman aikuisia, jos siihen suinkin l\u00f6ytyy turvallinen tapa. Suomen on my\u00f6s\nsyyt\u00e4 vaikuttaa siten, ett\u00e4 humanit\u00e4\u00e4rinen apu tavoittaa Syyrian leireill\u00e4\nolevat suomalaissiviilit ja ett\u00e4 ihmisoikeudet alueella toteutuvat. Samaan\naikaan Kokoomus toteaa, ettei terroristij\u00e4rjest\u00f6n hallitsemaan kalifaattiin\npysyv\u00e4sti muuttaneita aikuisia ole syyt\u00e4 auttaa palaamaan.<\/p>\n\n\n\n<ul><li>Lapset\n     eiv\u00e4t ole voineet valita, miss\u00e4 syntyv\u00e4t ja miss\u00e4 olosuhteissa el\u00e4v\u00e4t, sen\n     valinnan ovat tehneet heid\u00e4n vanhempansa. Jo lasten oikeuksien takia\n     lapsia on syyt\u00e4 auttaa. Aikuiset sen sijaan ovat tienneet, mit\u00e4 ovat\n     tehneet Isis-kalifaattiin muuttaessaan, siksi heid\u00e4n kohdallaan tilanne on\n     toinen. Sit\u00e4 emme ymm\u00e4rr\u00e4, miksi hallitus v\u00e4istelee vastuuta, eik\u00e4 tee\n     asiassa poliittista p\u00e4\u00e4t\u00f6st\u00e4. Tilanne on herkk\u00e4, mutta hallituksen salailu\n     ja ulkoministeri Haaviston ristiriitaiset lausunnot ovat omiaan\n     hankaloittamaan tilannetta entisest\u00e4\u00e4n, Kai Mykk\u00e4nen toteaa.<\/li><\/ul>\n\n\n\n<p>Ulkoministeri\nHaavistonkaan kohdalla tarkoitus ei pyhit\u00e4 keinoja.<\/p>\n\n\n\n<ul><li>Virkamiehen\n     painostaminen lainvastaisiin toimiin tai kantamaan poliitikolle kuuluvaa\n     vastuuta virkavastuulla, ristiriitaiset kertomukset tapahtumista ja\n     poliittisen vastuun v\u00e4istely eiv\u00e4t ole toimintatapoja, joilla Suomessa\n     kuuluu asioita edist\u00e4\u00e4. Suomalaisilla on oikeus lain ja hyv\u00e4n\n     hallintotavan mukaiseen sek\u00e4 l\u00e4pin\u00e4kyv\u00e4\u00e4n asioiden hoitamiseen ja\n     p\u00e4\u00e4t\u00f6ksentekoon. Sit\u00e4 sek\u00e4 totuutta asioiden kulusta per\u00e4\u00e4mme\n     v\u00e4likysymyksell\u00e4, Mykk\u00e4nen sanoo.<\/li><\/ul>\n\n\n\n<p>Kokoomus ehdottaa my\u00f6s toimia, joilla tulevaisuuden kannalta selkeytett\u00e4isiin juridisia keinoja puuttua Suomen kaksoiskansalaisten ja oleskeluluvalla Suomessa aiemmin oleskelleiden asemaan, jos he syyllistyv\u00e4t terroristiryhm\u00e4n toimintaan osallistumiseen ulkomailla. <\/p>\n\n\n\n<p>Lis\u00e4tiedot: <\/p>\n\n\n\n<p>Suvi Aherto<\/p>\n\n\n\n<p>Tiedotussihteeri<\/p>\n\n\n\n<p>Kokoomuksen eduskuntaryhm\u00e4<\/p>\n\n\n\n<p>050&nbsp;349 6121<\/p>\n\n\n\n<p><a href=\"mailto:suvi.aherto@eduskunta.fi\">suvi.aherto@eduskunta.fi<\/a><\/p>\n","protected":false},"excerpt":{"rendered":"<p>Kokoomuksen eduskuntaryhm\u00e4n kokous p\u00e4\u00e4tti osallistua v\u00e4likysymykseen al-Holin kotiuttamistoimista sek\u00e4 maan hallituksen p\u00e4\u00e4t\u00f6ksenteosta ja ministeri Haaviston toiminnasta asiassa. Kokoomus j\u00e4tti samasta aiheesta kirjallisen kysymyksen noin viikko sitten ja koska kysymyksess\u00e4 esitettyihin asioihin ei ole ainakaan toistaiseksi saatu selvyytt\u00e4 ja asiassa on ilmennyt lis\u00e4tietoja, on loogista, ett\u00e4 faktoja asiaan per\u00e4t\u00e4\u00e4n my\u00f6s v\u00e4likysymyksell\u00e4. Onko hallitus k\u00e4yt\u00e4nn\u00f6ss\u00e4 hyv\u00e4ksynyt Isisin <a href=\"https:\/\/www.sarisarkomaa.fi\/?p=8320\" class=\"more-link\">...jatka lukemista<span class=\"screen-reader-text\"> \"Tiedote 11.12: Kokoomus osallistuu v\u00e4likysymykseen al-Holin kotiuttamistoimista\"<\/span><\/a><\/p>\n","protected":false},"author":1,"featured_media":0,"comment_status":"closed","ping_status":"open","sticky":false,"template":"","format":"standard","meta":[],"categories":[4],"tags":[],"_links":{"self":[{"href":"https:\/\/www.sarisarkomaa.fi\/index.php?rest_route=\/wp\/v2\/posts\/8320"}],"collection":[{"href":"https:\/\/www.sarisarkomaa.fi\/index.php?rest_route=\/wp\/v2\/posts"}],"about":[{"href":"https:\/\/www.sarisarkomaa.fi\/index.php?rest_route=\/wp\/v2\/types\/post"}],"author":[{"embeddable":true,"href":"https:\/\/www.sarisarkomaa.fi\/index.php?rest_route=\/wp\/v2\/users\/1"}],"replies":[{"embeddable":true,"href":"https:\/\/www.sarisarkomaa.fi\/index.php?rest_route=%2Fwp%2Fv2%2Fcomments&post=8320"}],"version-history":[{"count":3,"href":"https:\/\/www.sarisarkomaa.fi\/index.php?rest_route=\/wp\/v2\/posts\/8320\/revisions"}],"predecessor-version":[{"id":8323,"href":"https:\/\/www.sarisarkomaa.fi\/index.php?rest_route=\/wp\/v2\/posts\/8320\/revisions\/8323"}],"wp:attachment":[{"href":"https:\/\/www.sarisarkomaa.fi\/index.php?rest_route=%2Fwp%2Fv2%2Fmedia&parent=8320"}],"wp:term":[{"taxonomy":"category","embeddable":true,"href":"https:\/\/www.sarisarkomaa.fi\/index.php?rest_route=%2Fwp%2Fv2%2Fcategories&post=8320"},{"taxonomy":"post_tag","embeddable":true,"href":"https:\/\/www.sarisarkomaa.fi\/index.php?rest_route=%2Fwp%2Fv2%2Ftags&post=8320"}],"curies":[{"name":"wp","href":"https:\/\/api.w.org\/{rel}","templated":true}]}}