{"id":8348,"date":"2020-01-13T14:33:05","date_gmt":"2020-01-13T12:33:05","guid":{"rendered":"https:\/\/www.sarisarkomaa.fi\/?p=8348"},"modified":"2020-01-13T14:33:08","modified_gmt":"2020-01-13T12:33:08","slug":"arviointineuvosto-napaytti-hallitusta-vanhuspalvelulain-hoitajamitoitusta-koskevan-esityksen-puutteista","status":"publish","type":"post","link":"https:\/\/www.sarisarkomaa.fi\/?p=8348","title":{"rendered":"Arviointineuvosto n\u00e4p\u00e4ytti hallitusta vanhuspalvelulain hoitajamitoitusta koskevan esityksen puutteista"},"content":{"rendered":"\n<p><a href=\"https:\/\/vnk.fi\/arviointineuvosto\">Lains\u00e4\u00e4d\u00e4nn\u00f6n arviointineuvosto<\/a> esitt\u00e4\u00e4 hallituksen hoitajamitoitusesityksest\u00e4 antamassaan tuoreessa <a href=\"https:\/\/vnk.fi\/documents\/10616\/15751976\/Lains%C3%A4%C3%A4d%C3%A4nn%C3%B6n+arviointineuvoston+lausunto+hallituksen+esityksest%C3%A4+eduskunnalle+ik%C3%A4%C3%A4ntyneen+v%C3%A4est%C3%B6n+toimintakyvyn+tukemisesta+sek%C3%A4+i%C3%A4kk%C3%A4iden+sosiaali-+ja+terveyspalveluista+annetun+lain+muuttamisesta\/9c5fa47c-1837-befa-271c-e4d5c263ab34\/Lains%C3%A4%C3%A4d%C3%A4nn%C3%B6n+arviointineuvoston+lausunto+hallituksen+esityksest%C3%A4+eduskunnalle+ik%C3%A4%C3%A4ntyneen+v%C3%A4est%C3%B6n+toimintakyvyn+tukemisesta+sek%C3%A4+i%C3%A4kk%C3%A4iden+sosiaali-+ja+terveyspalveluista+annetun+lain+muuttamisesta.pdf?version=1.0\">lausunnossa <\/a>mittavan korjauslistan.<\/p>\n\n\n\n<p>Riippumattoman ja itsen\u00e4isen arviointineuvoston teht\u00e4v\u00e4n\u00e4 on antaa lausuntoja hallituksen esityksist\u00e4. Tavoitteena on lainvalmistelukulttuurin kehitt\u00e4minen ja erityisesti hallituksen esitysten vaikutusarviointien laadun parantaminen.<\/p>\n\n\n\n<p>Arviointineuvoston lausunnossaan antama kritiikki her\u00e4tt\u00e4\u00e4 kysymyksen, onko hallitus tekem\u00e4ss\u00e4 sokkona yhteiskunnallisesti t\u00e4rke\u00e4\u00e4 uudistusta.<\/p>\n\n\n\n<p>Arviointineuvoston mukaan hallituksen on syyt\u00e4 tehd\u00e4 viel\u00e4 puuttuva vertailu siit\u00e4, miten erilaisten vaihtoehtojen avulla voidaan toteuttaa uudistuksen tavoitteen mukainen vanhusten oikeus v\u00e4ltt\u00e4m\u00e4tt\u00f6m\u00e4\u00e4n huolenpitoon sek\u00e4 riitt\u00e4viin sosiaali- ja terveyspalveluihin sek\u00e4 millaiset vaikutukset eri vaihtoehdoilla on.<\/p>\n\n\n\n<p>Arviointineuvosto n\u00e4p\u00e4ytt\u00e4\u00e4 lausunnossaan hallitusta siit\u00e4, ett\u00e4 vahva poliittinen tavoitteen asetanta ei ole syy j\u00e4tt\u00e4\u00e4 muita vaihtoehtoja ja niiden vaikutuksia arvioimatta.<\/p>\n\n\n\n<p>Lains\u00e4\u00e4d\u00e4nn\u00f6n arviointineuvosto on lausunnossa huomauttanut hallitusta teknologian mahdollisuuksien arvioinnin unohtamisesta hoitajamitoitusvalmistelussa. My\u00f6s erilaisten seuranta- ja arviointimittareiden arvioinnit on arviointineuvoston mukaan t\u00e4ydennett\u00e4v\u00e4.<\/p>\n\n\n\n<p>Esityksest\u00e4 puuttuu l\u00e4hes kokonaan kansainv\u00e4linen vertailu. Arviointineuvoston mukaan olisi pit\u00e4nyt v\u00e4hint\u00e4\u00e4n kertoa, mit\u00e4 muiden maiden j\u00e4rjestelmist\u00e4 tulisi p\u00e4\u00e4tell\u00e4 Suomen n\u00e4k\u00f6kulmasta. Viisasta olisi katsoa mallia maista, joissa vanhusten palveluiden j\u00e4rjest\u00e4misess\u00e4 ollaan onnistuttu.<\/p>\n\n\n\n<p>Arviointineuvoston mukaan hallituksen esityksess\u00e4 tulisi my\u00f6s esitt\u00e4\u00e4 taloudelliset vaikutukset erikokoisille yrityksille tai ainakin niiden suuruusluokka. Lis\u00e4ksi arviointineuvosto katsoo, ett\u00e4 viranomaisvaikutuksia on selostettu melko yleisell\u00e4 tasolla. Niit\u00e4 olisi syyt\u00e4 arvioida esitetty\u00e4 seikkaper\u00e4isemmin.<\/p>\n\n\n\n<p>Hallituksen on yht\u00e4 lailla valmisteltava lakiesitys, joka turvaa vanhuspalveluiden laadukkaan kokonaisuuden eli lis\u00e4\u00e4 hoitajia ymp\u00e4rivuorokautisen hoivan lis\u00e4ksi kotihoitoon ja omaishoidon tueksi. Lausunnolla oleva hoitajamitoitusesitys j\u00e4tt\u00e4\u00e4 kylm\u00e4sti syrj\u00e4\u00e4n sen tosiasian, ett\u00e4 hoitajista on huutava pula my\u00f6s kotipalveluissa. Hallituksen hoitajamitoitusesityksen perusteluissa my\u00f6nnet\u00e4\u00e4nkin esityksen heikent\u00e4v\u00e4n kotihoidon hoitajien saatavuutta ja siten kotihoitoa tarvitsevien vanhusten asemaa. My\u00f6s lains\u00e4\u00e4d\u00e4nn\u00f6n arviointineuvosto on t\u00e4m\u00e4n huolen esille.<\/p>\n\n\n\n<p>Arvioinnin kannalta lains\u00e4\u00e4d\u00e4nn\u00f6n arviointineuvosto piti ongelmallisena sit\u00e4, ett\u00e4 hallitus aikoo s\u00e4\u00e4t\u00e4\u00e4 t\u00e4ss\u00e4 vaiheessa vain ymp\u00e4rivuorokautisen hoivan hoitajamitoituksesta. T\u00e4ll\u00f6in vanhuspalvelulain uudistamisen kokonaisuutta on vaikea hahmottaa. Arviointineuvosto painottaa viisaasti, ett\u00e4 vanhusten palveluiden kokonaisuutta olisi voitava arvioida. Hoitajamitoitusesityksen t\u00e4ydent\u00e4misess\u00e4 on edess\u00e4 iso ty\u00f6, mik\u00e4li hallitus aikoo noudattaa lains\u00e4\u00e4d\u00e4nn\u00f6n arviointineuvoston suosituksia.<\/p>\n\n\n\n<p>Onkin t\u00e4rke\u00e4\u00e4 saada vastaus etenemisaikatauluista ja my\u00f6s siit\u00e4, milloin valmistuu vanhuspalvelulain kokonaisuudistusta valmistelevan ty\u00f6ryhm\u00e4n ty\u00f6. M\u00e4\u00e4r\u00e4aika oli vuoden 2019 loppuun menness\u00e4. Hallituksen on vastattava siihen, milloin vanhuspalveluiden kokonaisuudistus saapuu eduskunnan k\u00e4sitelt\u00e4v\u00e4ksi. J\u00e4t\u00e4n asiasta kirjallisen kysymyksen koko hallituksen vastattavaksi.<\/p>\n\n\n\n<p>Vanhusten palveluiden ep\u00e4kohdat kaipaavat ripeit\u00e4 toimia. Eduskunnan on saatava k\u00e4sitelt\u00e4v\u00e4kseen sellainen vanhuspalvelulain kokonaisuudistus, joka turvaa jokaiselle vanhukselle hyv\u00e4n hoidon sek\u00e4 inhimillisen kohtelun.<\/p>\n\n\n\n<p>Sari Sarkomaa<br>\nKansanedustaja<br>\nKokoomuksen eduskuntaryhm\u00e4n 1. varapuheenjohtaja<\/p>\n","protected":false},"excerpt":{"rendered":"<p>Lains\u00e4\u00e4d\u00e4nn\u00f6n arviointineuvosto esitt\u00e4\u00e4 hallituksen hoitajamitoitusesityksest\u00e4 antamassaan tuoreessa lausunnossa mittavan korjauslistan. Riippumattoman ja itsen\u00e4isen arviointineuvoston teht\u00e4v\u00e4n\u00e4 on antaa lausuntoja hallituksen esityksist\u00e4. Tavoitteena on lainvalmistelukulttuurin kehitt\u00e4minen ja erityisesti hallituksen esitysten vaikutusarviointien laadun parantaminen. Arviointineuvoston lausunnossaan antama kritiikki her\u00e4tt\u00e4\u00e4 kysymyksen, onko hallitus tekem\u00e4ss\u00e4 sokkona yhteiskunnallisesti t\u00e4rke\u00e4\u00e4 uudistusta. Arviointineuvoston mukaan hallituksen on syyt\u00e4 tehd\u00e4 viel\u00e4 puuttuva vertailu siit\u00e4, miten <a href=\"https:\/\/www.sarisarkomaa.fi\/?p=8348\" class=\"more-link\">...jatka lukemista<span class=\"screen-reader-text\"> \"Arviointineuvosto n\u00e4p\u00e4ytti hallitusta vanhuspalvelulain hoitajamitoitusta koskevan esityksen puutteista\"<\/span><\/a><\/p>\n","protected":false},"author":1,"featured_media":0,"comment_status":"closed","ping_status":"open","sticky":false,"template":"","format":"standard","meta":[],"categories":[8],"tags":[],"_links":{"self":[{"href":"https:\/\/www.sarisarkomaa.fi\/index.php?rest_route=\/wp\/v2\/posts\/8348"}],"collection":[{"href":"https:\/\/www.sarisarkomaa.fi\/index.php?rest_route=\/wp\/v2\/posts"}],"about":[{"href":"https:\/\/www.sarisarkomaa.fi\/index.php?rest_route=\/wp\/v2\/types\/post"}],"author":[{"embeddable":true,"href":"https:\/\/www.sarisarkomaa.fi\/index.php?rest_route=\/wp\/v2\/users\/1"}],"replies":[{"embeddable":true,"href":"https:\/\/www.sarisarkomaa.fi\/index.php?rest_route=%2Fwp%2Fv2%2Fcomments&post=8348"}],"version-history":[{"count":1,"href":"https:\/\/www.sarisarkomaa.fi\/index.php?rest_route=\/wp\/v2\/posts\/8348\/revisions"}],"predecessor-version":[{"id":8349,"href":"https:\/\/www.sarisarkomaa.fi\/index.php?rest_route=\/wp\/v2\/posts\/8348\/revisions\/8349"}],"wp:attachment":[{"href":"https:\/\/www.sarisarkomaa.fi\/index.php?rest_route=%2Fwp%2Fv2%2Fmedia&parent=8348"}],"wp:term":[{"taxonomy":"category","embeddable":true,"href":"https:\/\/www.sarisarkomaa.fi\/index.php?rest_route=%2Fwp%2Fv2%2Fcategories&post=8348"},{"taxonomy":"post_tag","embeddable":true,"href":"https:\/\/www.sarisarkomaa.fi\/index.php?rest_route=%2Fwp%2Fv2%2Ftags&post=8348"}],"curies":[{"name":"wp","href":"https:\/\/api.w.org\/{rel}","templated":true}]}}