{"id":8516,"date":"2020-04-01T11:00:48","date_gmt":"2020-04-01T09:00:48","guid":{"rendered":"https:\/\/www.sarisarkomaa.fi\/?p=8516"},"modified":"2020-04-01T11:00:51","modified_gmt":"2020-04-01T09:00:51","slug":"kokoomuksen-kansanedustajat-laiho-ja-sarkomaa-hoitajia-ja-laakareita-ei-saa-lahettaa-virussotaan-ilman-riittavia-varusteita","status":"publish","type":"post","link":"https:\/\/www.sarisarkomaa.fi\/?p=8516","title":{"rendered":"Kokoomuksen kansanedustajat Laiho ja Sarkomaa: Hoitajia ja l\u00e4\u00e4k\u00e4reit\u00e4 ei saa l\u00e4hett\u00e4\u00e4 virussotaan ilman riitt\u00e4vi\u00e4 varusteita"},"content":{"rendered":"\n<p>TIEDOTE\n1.4.2020<\/p>\n\n\n\n<p>JULKAISUVAPAA\nHETI<\/p>\n\n\n\n<p><strong>Kokoomuksen\nkansanedustajat Laiho ja Sarkomaa: Hoitajia ja l\u00e4\u00e4k\u00e4reit\u00e4 ei saa l\u00e4hett\u00e4\u00e4\nvirussotaan ilman riitt\u00e4vi\u00e4 varusteita<\/strong><\/p>\n\n\n\n<p><strong><br>\n<\/strong>Terveydenhuollon\nkent\u00e4lt\u00e4 tulee huolestuttavaa palautetta suojavarustepulasta sek\u00e4 sekavista ja\npuutteellisista ohjeista. Henkil\u00f6st\u00f6n huoli on otettava vakavasti.<\/p>\n\n\n\n<p>\u201dSuojavarusteet\novat t\u00e4ysin olennainen tuki yll\u00e4pit\u00e4\u00e4 terveydenhuollon toimintakyky\u00e4 vaativassa\nkoronaviruksen vastaisessa ty\u00f6ss\u00e4. Terveydenhuollon henkil\u00f6st\u00f6 tarvitsee\nty\u00f6ss\u00e4\u00e4n kaiken tuen, viimeisemp\u00e4\u00e4n tietoon perustuvan suojainten selke\u00e4t\nk\u00e4ytt\u00f6ohjeet sek\u00e4 ohjeiden mukaiset suojavarusteet. Vetoamme vastuuministeri\nKiuruun ja koko hallitukseen, ett\u00e4 henkil\u00f6st\u00f6n suojaamisesta ja\nty\u00f6turvallisuudesta huolehditaan tinkim\u00e4tt\u00f6m\u00e4sti\u201d, Laiho ja Sarkomaa vaativat.<\/p>\n\n\n\n<p>Vakava\nesimerkki ohjeiden sekavuudesta on vanhusten kotihoito, jonne on annettu\njatkuvasti muuttuvia ohjeita. Ministeri Kiuru linjasi 19.3, ett\u00e4 kotihoidon\nhenkil\u00f6st\u00f6n asiakask\u00e4ynneill\u00e4 tulee suojautua kertak\u00e4ytt\u00f6isill\u00e4\nhengitystiesuojaimilla. Seuraavana p\u00e4iv\u00e4n\u00e4 STM julkaisi ohjeen, jonka mukaan\nsuojautumisesta p\u00e4\u00e4tt\u00e4isikin ty\u00f6nantajat.&nbsp;Seuraavalla viikolla STM:n\nlinjasi, ett\u00e4 suusuojaimia pit\u00e4\u00e4 k\u00e4ytt\u00e4\u00e4 asiakask\u00e4ynneill\u00e4 ja hengitystieinfektiopotilaiden\nhoidossa k\u00e4sineidenkin k\u00e4ytt\u00f6 olisi pakollista. My\u00f6hemmin samana p\u00e4iv\u00e4n\u00e4\nlinjattiin, ett\u00e4 hengityssuojaimia k\u00e4ytet\u00e4\u00e4n omakohtaisen riskiarvion\nperusteella ja k\u00e4sihygienia riitt\u00e4\u00e4, jos asiakkaalla ei ole\nhengitystieinfektiota. <\/p>\n\n\n\n<p>Lopulta\nSTM:n johtaja Tuija Kumpulainen lupasi, ett\u00e4 kotihoitoon tulee viel\u00e4 uusi\nsuositus, jossa hengityssuojaimia tulee k\u00e4ytt\u00e4\u00e4 kaikissa asiakastapaamisissa.\nAlkuviikosta STM tiedotti\nuudesta ohjeesta, jonka mukaan terveiden ja oireettomien asiakkaiden kanssa\nvoidaan k\u00e4ytt\u00e4\u00e4 kertak\u00e4ytt\u00f6ist\u00e4 kirurgista suu-nen\u00e4suojusta tai kertak\u00e4ytt\u00f6ist\u00e4\nkankaista suojainta, esimerkiksi huivia. Kankaista suojainta k\u00e4ytet\u00e4\u00e4n vain\nkerran, ja se pest\u00e4\u00e4n tai h\u00e4vitet\u00e4\u00e4n k\u00e4yt\u00f6n j\u00e4lkeen. Samalla tavalla on\ntoimittava riskiryhmiin kuuluvien vammaisten henkil\u00f6iden henkil\u00f6kohtaisessa\navussa. Ohje koskee my\u00f6s tehostettua palveluasumista.<\/p>\n\n\n\n<p>\u201dOlemme\nterveydenhuollon ammattilaisina j\u00e4rkyttyneit\u00e4 siit\u00e4, ett\u00e4 ministeri\u00f6n tasolta\nehdotetaan vaihtoehdoksi kertak\u00e4ytt\u00f6isille suu-nen\u00e4suojuksille huivia\nsuojavarusteeksi! Onko maamme suojavarusteiden tilanne jo t\u00e4ss\u00e4\nepidemian&nbsp;alkuvaiheessa niin ep\u00e4toivoinen, ettei henkil\u00f6kunnalle ole antaa\nriitt\u00e4vi\u00e4 suojavarusteita ty\u00f6nantajan puolesta?\u201d, h\u00e4mm\u00e4stelev\u00e4t Laiho ja\nSarkomaa.<\/p>\n\n\n\n<p>Saamamme\ntiedon mukaan, jonka my\u00f6s Yle raportoi 26.3, kotihoidossa ei ole t\u00e4h\u00e4n asti\nk\u00e4ytetty hengityssuojaimia tavallisissa tapaamisissa.<\/p>\n\n\n\n<p>\u201dKunnista\ntulleiden tietojen mukaan suojaimia ei uskota riitt\u00e4v\u00e4n, jos toimitaan STM:n\nohjeistuksen mukaisesti, jos suojaimia k\u00e4ytet\u00e4\u00e4n kotihoidossa ja muissa ohjeen\ntoiminnoissa, jokaisen asiakkaan kohdalla. Suojaimista on jo nyt huutava pula.\nOdotamme ministeri Kiurulta ja Pekoselta varmistusta siit\u00e4, mihin\nsuojavarusteet riitt\u00e4v\u00e4t\u201d, edellytt\u00e4v\u00e4t Laiho ja Sarkomaa. &nbsp;&nbsp;<\/p>\n\n\n\n<p>\u201dMinisteri\nKiurun vastuuministerin\u00e4 on syyt\u00e4 selkeytt\u00e4\u00e4 hallinnonalansa ohjeistus\nsuojaimien k\u00e4yt\u00f6n osalta. Ep\u00e4selv\u00e4t ja poukkoilevat ohjeet huolestuttavat ja\nrasittavat jo nyt kuormitettua henkil\u00f6kuntaa, kun heid\u00e4n pit\u00e4isi saada\nkeskitty\u00e4 hoitamaan potilaita\u201d, sanovat Sarkomaa ja Laiho.<\/p>\n\n\n\n<p>Edustajat\nkertovat saaneensa paljon huolestuneita yhteydenottoja puutteellisista\nsuojavarusteista ja kirjavista k\u00e4yt\u00e4nn\u00f6ist\u00e4 hoitohenkil\u00f6kunnan sairauslomien\nsuhteen. Hoitajat pelk\u00e4\u00e4v\u00e4t kantavansa virusta\noireettomana ja tartuttavansa riskiryhm\u00e4ss\u00e4 olevia ihmisi\u00e4, joille tauti voi\nolla kohtalokas.<\/p>\n\n\n\n<p>\u201dSosiaali- ja terveydenhuollon\nhenkil\u00f6st\u00f6n pit\u00e4isikin p\u00e4\u00e4st\u00e4 koronatesteihin eritt\u00e4in matalalla kynnyksell\u00e4,\njotta taudin levi\u00e4mist\u00e4 voidaan est\u00e4\u00e4 sek\u00e4 potilaisiin ett\u00e4 ty\u00f6yhteis\u00f6n\nsis\u00e4ll\u00e4.&nbsp;My\u00f6s oireettomia hoitohenkil\u00f6kuntaan kuuluvia pit\u00e4isi testata,\njos he ty\u00f6skentelev\u00e4t riskiryhmien parissa. T\u00e4m\u00e4 v\u00e4hent\u00e4isi my\u00f6s henkil\u00f6kunnan\nhuolta\u201d, toteavat Sarkomaa ja Laiho<\/p>\n\n\n\n<p>\u201dVarmuusvarastotkin\nehtyv\u00e4t vauhdilla, kun tartuntaep\u00e4ilyjen ja sairastuneiden m\u00e4\u00e4r\u00e4 kasvaa. Suojavarusteiden riitt\u00e4vyys epidemiahuipun yli t\u00e4ytyy\nturvata.&nbsp;On t\u00e4rke\u00e4 huomata, ett\u00e4 suojaimia tarvitaan useilla eri\nyhteiskunnan toiminnan kannalta&nbsp;kriittisill\u00e4 sektoreilla. Varmuusvarastot\non nopeasti k\u00e4ytetty loppuun, jos niiden lis\u00e4hankintoja ei ole tehty\u201d,\nedustajat toteavat.<\/p>\n\n\n\n<p>\u201dTerveydenhuollon\ntoimijoiden ja riskiryhm\u00e4ss\u00e4 olevien asiakkaiden huolta helpottaisi, jos hallitus\navoimesti kertoisi millaisia toimia asian eteen on tehty ja mik\u00e4 on\nsuojavarusteiden riitt\u00e4vyyden todellinen tilanne. Kriisitilanteessa tarvitaan\navointa ja riitt\u00e4v\u00e4\u00e4 tiedottamista. My\u00f6s eduskunnan ajanmukaisesta\ninformoinnista on huolehdittava\u201d, sanovat edustajat<\/p>\n\n\n\n<p>\u201dKun\nsuojavarusteiden k\u00e4ytt\u00f6\u00f6n on koulutettu ja niiden m\u00e4\u00e4r\u00e4 on riitt\u00e4v\u00e4,\nhenkil\u00f6kunta voi keskitty\u00e4 vaativaan ty\u00f6h\u00f6ns\u00e4 rauhassa. Riitt\u00e4v\u00e4ll\u00e4\nhenkil\u00f6kunnan suojaamisella on suora vaikutus terveydenhuollon henkil\u00f6st\u00f6n\nsairastumisriskiin ja tehohoitopaikkojen riitt\u00e4vyyteen. Ohjeistuksen\npirstaleisuus on tikitt\u00e4v\u00e4 koronapommi, emmek\u00e4 voi antaa infektiotilanteen\nlevit\u00e4 k\u00e4siin ep\u00e4selvien ohjeiden ja riitt\u00e4m\u00e4tt\u00f6mien suojavarusteiden takia.\nHallituksen on otettava henkil\u00f6kunnan huoli omasta, l\u00e4heistens\u00e4 ja potilaiden\nterveydest\u00e4 tosissaan\u201d, Laiho ja Sarkomaa p\u00e4\u00e4tt\u00e4v\u00e4t.<\/p>\n\n\n\n<p><strong>Lis\u00e4tiedot:\n<\/strong><strong><\/strong><\/p>\n\n\n\n<p>Sari\nSarkomaa, puh. 050&nbsp;511 3033<\/p>\n\n\n\n<p>Mia\nLaiho, puh. 050&nbsp;433 6461<\/p>\n","protected":false},"excerpt":{"rendered":"<p>TIEDOTE 1.4.2020 JULKAISUVAPAA HETI Kokoomuksen kansanedustajat Laiho ja Sarkomaa: Hoitajia ja l\u00e4\u00e4k\u00e4reit\u00e4 ei saa l\u00e4hett\u00e4\u00e4 virussotaan ilman riitt\u00e4vi\u00e4 varusteita Terveydenhuollon kent\u00e4lt\u00e4 tulee huolestuttavaa palautetta suojavarustepulasta sek\u00e4 sekavista ja puutteellisista ohjeista. Henkil\u00f6st\u00f6n huoli on otettava vakavasti. \u201dSuojavarusteet ovat t\u00e4ysin olennainen tuki yll\u00e4pit\u00e4\u00e4 terveydenhuollon toimintakyky\u00e4 vaativassa koronaviruksen vastaisessa ty\u00f6ss\u00e4. Terveydenhuollon henkil\u00f6st\u00f6 tarvitsee ty\u00f6ss\u00e4\u00e4n kaiken tuen, viimeisemp\u00e4\u00e4n tietoon <a href=\"https:\/\/www.sarisarkomaa.fi\/?p=8516\" class=\"more-link\">...jatka lukemista<span class=\"screen-reader-text\"> \"Kokoomuksen kansanedustajat Laiho ja Sarkomaa: Hoitajia ja l\u00e4\u00e4k\u00e4reit\u00e4 ei saa l\u00e4hett\u00e4\u00e4 virussotaan ilman riitt\u00e4vi\u00e4 varusteita\"<\/span><\/a><\/p>\n","protected":false},"author":1,"featured_media":0,"comment_status":"closed","ping_status":"open","sticky":false,"template":"","format":"standard","meta":[],"categories":[4],"tags":[],"_links":{"self":[{"href":"https:\/\/www.sarisarkomaa.fi\/index.php?rest_route=\/wp\/v2\/posts\/8516"}],"collection":[{"href":"https:\/\/www.sarisarkomaa.fi\/index.php?rest_route=\/wp\/v2\/posts"}],"about":[{"href":"https:\/\/www.sarisarkomaa.fi\/index.php?rest_route=\/wp\/v2\/types\/post"}],"author":[{"embeddable":true,"href":"https:\/\/www.sarisarkomaa.fi\/index.php?rest_route=\/wp\/v2\/users\/1"}],"replies":[{"embeddable":true,"href":"https:\/\/www.sarisarkomaa.fi\/index.php?rest_route=%2Fwp%2Fv2%2Fcomments&post=8516"}],"version-history":[{"count":1,"href":"https:\/\/www.sarisarkomaa.fi\/index.php?rest_route=\/wp\/v2\/posts\/8516\/revisions"}],"predecessor-version":[{"id":8517,"href":"https:\/\/www.sarisarkomaa.fi\/index.php?rest_route=\/wp\/v2\/posts\/8516\/revisions\/8517"}],"wp:attachment":[{"href":"https:\/\/www.sarisarkomaa.fi\/index.php?rest_route=%2Fwp%2Fv2%2Fmedia&parent=8516"}],"wp:term":[{"taxonomy":"category","embeddable":true,"href":"https:\/\/www.sarisarkomaa.fi\/index.php?rest_route=%2Fwp%2Fv2%2Fcategories&post=8516"},{"taxonomy":"post_tag","embeddable":true,"href":"https:\/\/www.sarisarkomaa.fi\/index.php?rest_route=%2Fwp%2Fv2%2Ftags&post=8516"}],"curies":[{"name":"wp","href":"https:\/\/api.w.org\/{rel}","templated":true}]}}