{"id":8724,"date":"2020-06-11T08:19:41","date_gmt":"2020-06-11T06:19:41","guid":{"rendered":"https:\/\/www.sarisarkomaa.fi\/?p=8724"},"modified":"2020-06-11T11:23:16","modified_gmt":"2020-06-11T09:23:16","slug":"miksi-marinin-hallitus-kaantaa-tylysti-selan-muistisairaille-ihmiselle","status":"publish","type":"post","link":"https:\/\/www.sarisarkomaa.fi\/?p=8724","title":{"rendered":"Ty\u00f6t\u00e4 muistisairaiden ihmisten oikeuksien ja palveluiden toteutumiseksi jatkettava"},"content":{"rendered":"\n<p>P\u00e4\u00e4ministeri Marinin hallituksen p\u00e4\u00e4t\u00f6s lakkauttaa kansallinen muistiohjelma oli monelle j\u00e4rkytys. Muistiohjelman avulla on lis\u00e4tty tietoisuutta muistisairauksista sek\u00e4 rakennettu muistiyst\u00e4v\u00e4llist\u00e4 Suomea.&nbsp;Maassamme sairastuu vuosittain arviolta&nbsp;noin 14 500 ihmist\u00e4 johonkin dementoivaan sairauteen. Suomessa on l\u00e4hes 200 000 muistisairasta, joista 7000-10 000 on ty\u00f6ik\u00e4isi\u00e4 ihmisi\u00e4. <\/p>\n\n\n\n<p>Muistiohjelman\njatkon puolesta ministeri Kiuruun on vedottu usealta taholta toistuvasti, mutta\nilman tulosta.&nbsp;<\/p>\n\n\n\n<p>Huolestuttavaa\non, ett\u00e4 merkitt\u00e4v\u00e4 osa muistisairaista j\u00e4\u00e4 vaille tarvitsemaansa diagnoosia ja\nhoitoa. Diagnoosin viiv\u00e4styminen hidastaa hoitoon&nbsp;p\u00e4\u00e4sy\u00e4, lis\u00e4\u00e4\ninhimillisi\u00e4 ja taloudellisia kustannuksia. Erityisesti ty\u00f6ik\u00e4isten\nmuistisairauden oireet sekoittuvat helposti uupumus- ja masennusoireisiin.\nTy\u00f6ik\u00e4iset muistisairaat tarvitsevat erityist\u00e4, kohdennettua neuvontaa ja\ntukea. Muistisairauksiin liittyv\u00e4t asenteet est\u00e4v\u00e4t edelleen hoitoon\nhakeutumista.&nbsp;<\/p>\n\n\n\n<p>Kansallinen\nmuistiohjelma on toiminut muistipolitiikan perustana. Sill\u00e4 on vauhditettu\noikea-aikaisen hoidon aloittamista ja&nbsp;muistisairaiden aseman parantamista.\nTarvitsemme edelleen vahvoja toimia sairauden ennaltaehk\u00e4isyyn, hoitoon,\nkuntoutukseen sek\u00e4 sairastuneiden arjen ja oikeuksien tukemiseen. On t\u00e4rke\u00e4\u00e4,\nett\u00e4 muistisairaat ja heid\u00e4n l\u00e4heisens\u00e4 voivat el\u00e4\u00e4 omann\u00e4k\u00f6ist\u00e4 ja hyv\u00e4\u00e4\nel\u00e4m\u00e4\u00e4. Kansallinen muistiohjelma on t\u00e4ss\u00e4 ty\u00f6ss\u00e4 ollut t\u00e4rke\u00e4 ja vahvin\nty\u00f6kalu.<\/p>\n\n\n\n<p>Muistiohjelmalla\non saatu paljon aikaan eri toimijoiden yhteisty\u00f6ss\u00e4. Pid\u00e4n v\u00e4ltt\u00e4m\u00e4tt\u00f6m\u00e4n\u00e4,\nett\u00e4 t\u00e4t\u00e4 ty\u00f6t\u00e4 jatketaan ja muistiohjelman jatkosta tehd\u00e4\u00e4n viipym\u00e4tt\u00e4 p\u00e4\u00e4t\u00f6s.<\/p>\n\n\n\n<p>Tiiviimp\u00e4\u00e4\nyhteisty\u00f6t\u00e4 tarvitaan julkisen sektorin, j\u00e4rjest\u00f6jen ja yritysten kesken.\nHelsingin muistiyhdistys tekee kaupungissamme korvaamatonta ty\u00f6t\u00e4\nmuistisairaiden ja heid\u00e4n omaistensa parhaaksi.&nbsp;<\/p>\n\n\n\n<p>Muistiohjelmalla\non tuettu my\u00f6s kuntap\u00e4\u00e4tt\u00e4jien ty\u00f6t\u00e4. Juuri nyt tarvittaisiin tutkittuihin\nsuosituksiin ja hyviin k\u00e4yt\u00e4nt\u00f6ihin perustuvaa valtakunnallista ohjelmaa, jolla\njuurrutettaisiin muistisairaiden hyv\u00e4t palvelut sek\u00e4 itsem\u00e4\u00e4r\u00e4\u00e4misoikeuden\nvahvistaminen koko maassa.<\/p>\n\n\n\n<p>Jokaisella\nmuistisairaalla ihmisell\u00e4&nbsp;on oikeus el\u00e4\u00e4 omann\u00e4k\u00f6ist\u00e4 el\u00e4m\u00e4\u00e4 sek\u00e4\nel\u00e4m\u00e4nlaatua yll\u00e4pit\u00e4v\u00e4\u00e4n tukeen ja hoitoon. Hyv\u00e4\u00e4n el\u00e4m\u00e4\u00e4n kuuluu\naivoterveellinen ravitsemus, liikunnan edist\u00e4minen ja kuntoutus. Tutkimukset\nosoittavat liikunnan edist\u00e4v\u00e4n aivoterveytt\u00e4 el\u00e4m\u00e4n kaikissa vaiheissa.<\/p>\n\n\n\n<p>Kannan\nhuolta siit\u00e4, ett\u00e4 monet muistisairaat ja heid\u00e4n l\u00e4heiset ovat j\u00e4\u00e4neet ilman\npalveluita koronaepidemian aikana. On t\u00e4rke\u00e4\u00e4, ett\u00e4 Helsingiss\u00e4 varmistetaan\npalveluiden saatavuus ja omaishoitajien palvelut, erityisesti omaishoitajien\nmahdollisuus pit\u00e4\u00e4 vapaap\u00e4ivi\u00e4 on turvattava. Yht\u00e4lailla intervallihoidon on\ntoimittava. Hoitokotien toiminnan s\u00e4\u00e4nt\u00f6j\u00e4 on arvioita niin, ett\u00e4 ihmisten oikeuksia\nkunnioitetaan. Ihmiselle kuuluu i\u00e4st\u00e4 ja sairaudesta riippumatta oikeus tavata\npuolisoaan, l\u00e4heisi\u00e4\u00e4n ja liikkua. Kaupungin on palveluiden j\u00e4rjest\u00e4misess\u00e4\npidett\u00e4v\u00e4 kiinni siit\u00e4, ett\u00e4 ihmisten oikeudet toteutuvat ja\nitsem\u00e4\u00e4r\u00e4\u00e4misoikeutta kunnioitetaan my\u00f6s koronaepidemian aikana.<\/p>\n\n\n\n<p>Muistiliiton\npuheenjohtajistossa toimivien Merja M\u00e4kisalo-Ropposen ja Pasi Kivisaaren kanssa\nolemme yhteisvoimin tehneet toimenpidealoitteen muistiohjelman jatkamisesta.<\/p>\n\n\n\n<p>Voit seurata eduskunnan tapahtumia ja ty\u00f6t\u00e4ni\nkansanedustajana vastaanottamalla eduskuntaterveiseni, joissa kerron\najankohtaisista politiikan kuulumisista. Kirjeen voit tilata l\u00e4hett\u00e4m\u00e4ll\u00e4\nminulle s\u00e4hk\u00f6postia&nbsp;<a href=\"mailto:sari.sarkomaa@eduskunta.fi\">sari.sarkomaa@eduskunta.fi<\/a>. Tai soittamalla 050 511 3033.<\/p>\n\n\n\n<p>Ajatukset ja terveiset ovat aina tervetulleita. Ne ovat t\u00e4rkeit\u00e4.\nPidet\u00e4\u00e4n yhteytt\u00e4.<\/p>\n\n\n\n<p>Sari\nSarkomaa<\/p>\n\n\n\n<p>helsinkil\u00e4inen\nkansanedustaja<\/p>\n\n\n\n<p>Kokoomuksen\neduskuntaryhm\u00e4n varapuheenjohtaja&nbsp;<\/p>\n\n\n\n<p>Muistiliiton\nvarapuheenjohtaja<\/p>\n","protected":false},"excerpt":{"rendered":"<p>P\u00e4\u00e4ministeri Marinin hallituksen p\u00e4\u00e4t\u00f6s lakkauttaa kansallinen muistiohjelma oli monelle j\u00e4rkytys. Muistiohjelman avulla on lis\u00e4tty tietoisuutta muistisairauksista sek\u00e4 rakennettu muistiyst\u00e4v\u00e4llist\u00e4 Suomea.&nbsp;Maassamme sairastuu vuosittain arviolta&nbsp;noin 14 500 ihmist\u00e4 johonkin dementoivaan sairauteen. Suomessa on l\u00e4hes 200 000 muistisairasta, joista 7000-10 000 on ty\u00f6ik\u00e4isi\u00e4 ihmisi\u00e4. Muistiohjelman jatkon puolesta ministeri Kiuruun on vedottu usealta taholta toistuvasti, mutta ilman tulosta.&nbsp; Huolestuttavaa <a href=\"https:\/\/www.sarisarkomaa.fi\/?p=8724\" class=\"more-link\">...jatka lukemista<span class=\"screen-reader-text\"> \"Ty\u00f6t\u00e4 muistisairaiden ihmisten oikeuksien ja palveluiden toteutumiseksi jatkettava\"<\/span><\/a><\/p>\n","protected":false},"author":1,"featured_media":0,"comment_status":"closed","ping_status":"open","sticky":false,"template":"","format":"standard","meta":[],"categories":[8],"tags":[],"_links":{"self":[{"href":"https:\/\/www.sarisarkomaa.fi\/index.php?rest_route=\/wp\/v2\/posts\/8724"}],"collection":[{"href":"https:\/\/www.sarisarkomaa.fi\/index.php?rest_route=\/wp\/v2\/posts"}],"about":[{"href":"https:\/\/www.sarisarkomaa.fi\/index.php?rest_route=\/wp\/v2\/types\/post"}],"author":[{"embeddable":true,"href":"https:\/\/www.sarisarkomaa.fi\/index.php?rest_route=\/wp\/v2\/users\/1"}],"replies":[{"embeddable":true,"href":"https:\/\/www.sarisarkomaa.fi\/index.php?rest_route=%2Fwp%2Fv2%2Fcomments&post=8724"}],"version-history":[{"count":2,"href":"https:\/\/www.sarisarkomaa.fi\/index.php?rest_route=\/wp\/v2\/posts\/8724\/revisions"}],"predecessor-version":[{"id":8727,"href":"https:\/\/www.sarisarkomaa.fi\/index.php?rest_route=\/wp\/v2\/posts\/8724\/revisions\/8727"}],"wp:attachment":[{"href":"https:\/\/www.sarisarkomaa.fi\/index.php?rest_route=%2Fwp%2Fv2%2Fmedia&parent=8724"}],"wp:term":[{"taxonomy":"category","embeddable":true,"href":"https:\/\/www.sarisarkomaa.fi\/index.php?rest_route=%2Fwp%2Fv2%2Fcategories&post=8724"},{"taxonomy":"post_tag","embeddable":true,"href":"https:\/\/www.sarisarkomaa.fi\/index.php?rest_route=%2Fwp%2Fv2%2Ftags&post=8724"}],"curies":[{"name":"wp","href":"https:\/\/api.w.org\/{rel}","templated":true}]}}