{"id":8803,"date":"2020-08-11T15:25:20","date_gmt":"2020-08-11T13:25:20","guid":{"rendered":"https:\/\/www.sarisarkomaa.fi\/?p=8803"},"modified":"2020-08-11T15:25:23","modified_gmt":"2020-08-11T13:25:23","slug":"valloillaan-olevat-viruslingot-laitettava-kuriin","status":"publish","type":"post","link":"https:\/\/www.sarisarkomaa.fi\/?p=8803","title":{"rendered":"Valloillaan olevat viruslingot laitettava kuriin"},"content":{"rendered":"\n<p>Koronan toinen aalto on vaarassa ry\u00f6ppy\u00e4 voimalla\nSuomeen. Nyt on teht\u00e4v\u00e4 tehokkaampia toimia koronataudin levi\u00e4misen\nehk\u00e4isemiseksi ja viruksen tukahduttamiseksi. <\/p>\n\n\n\n<p>Suurta huolta lis\u00e4si t\u00e4n\u00e4\u00e4n Ylen aamuTV:ss\u00e4 ollut\nsosiaali- ja terveys ministeri Pekonen, joka ei juuri luvannut vaikuttavampia\ntoimia.<\/p>\n\n\n\n<p>Marinin hallituksen on otettava tosissaan\nterveydenhuollon asiantuntijoiden ja kansalaisten h\u00e4t\u00e4huudot koronatoimien\nviiveist\u00e4 ja lepsuudesta. <\/p>\n\n\n\n<p>Kev\u00e4\u00e4n epidemia-aallon inhimilliset ja taloudelliset\nkustannukset olivat valtavat. Suomalaisten terveyden ja hengen suojelemiseksi\non teht\u00e4v\u00e4 kaikki voitava. Viime kev\u00e4\u00e4n\u00e4 tehtyj\u00e4 virheit\u00e4 ei saa eik\u00e4 ole varaa\ntoistaa.<\/p>\n\n\n\n<p>&#x1f33f;Lentokenttien ja\nsatamien edelleen valloillaan olevat viruslingot on laitettava kuriin.\nVelvoittavuutta ja valvontaa tarvitaan lis\u00e4\u00e4. Muissa maissa on t\u00e4h\u00e4n selv\u00e4sti\nSuomea tiukempia toimia.<\/p>\n\n\n\n<p>&#x1f33f;Testaus on saatava\ntoimimaan viivett\u00e4 matalalla kynnyksell\u00e4. Ottaisin mallia Tanskasta, jossa my\u00f6s\noireettomat p\u00e4\u00e4sev\u00e4t omaa kanavaansa testeihin ja tekisin Suomen mallin. Laaja\ntestaus maksaa paljon mutta on v\u00e4hemm\u00e4n kuin piiloon j\u00e4\u00e4neet tartunnat.<\/p>\n\n\n\n<p>&#x1f33f; Hallituksen on\nvoitettava asenteellisuutensa yritt\u00e4ji\u00e4 kohtaan ja teht\u00e4v\u00e4 yhteisty\u00f6t\u00e4\nyksityisten ja eri terveystoimijoiden kanssa. Viruksen voittamiseksi ja ihmisten\nsote- palveluiden turvaamiseksi tarvitsemme kaiken kapasiteetin k\u00e4ytt\u00f6\u00f6n. <\/p>\n\n\n\n<p>&#x1f33f; Suositus k\u00e4ytt\u00e4\u00e4\nkasvomaskeja joukkoliikenteess\u00e4, kaupoissa ja ruuhkaisissa julkisissa\nsis\u00e4tiloissa on annettava viivett\u00e4. On my\u00f6s l\u00f6ydett\u00e4v\u00e4 ratkaisut, miten\nmahdollistetaan maskin saatavuus. Maskeihin kuluva raha on varsinkin\npienituloisille perheille tuntuva kuluer\u00e4 ja se voi asettaa ihmiset\neriarvoiseen asemaan liikkumisen ja terveyden kannalta. On my\u00f6s varmistettava,\nett\u00e4 mahdollisen toisen aallon huipussa terveydenhuollon ja muulle\nhenkil\u00f6st\u00f6lle riitt\u00e4\u00e4 asianmukaisia suojavarusteita. Ensimm\u00e4isen aallon\nsuojavaruste- gate ei saa toistua.<\/p>\n\n\n\n<p>&#x1f33f;Muutkin sairaudet kuin\nkorona on hoidettava. Kansanterveytt\u00e4 eik\u00e4 toimintakyky\u00e4 saa t\u00e4rvell\u00e4.\nKansainv\u00e4listen kokemusten mukaan on olemassa vakava riski, ett\u00e4\nkoronaepidemian takia hoitamatta j\u00e4tt\u00e4minen ja jonot voivat sairastuttaa ja\naiheuttaa ennenaikaisia kuolemia jopa enemm\u00e4n kuin koronavirus. Hoitopommin\npurkuun ei yht\u00e4 l\u00e4\u00e4kett\u00e4. Palvelusetelit otettava vahvemmin k\u00e4ytt\u00f6\u00f6n. Kela-korvauksenromuttaminen\non peruttavaja. Sen sijaan on syyt\u00e4 tehd\u00e4 tasokorotus.<\/p>\n\n\n\n<p>&#x1f33f; Julkisessa\nterveydenhuollossa on teht\u00e4v\u00e4 digiloikka. Esimerkiksi digivastaanotot\nsujuvoittavat hoitoon p\u00e4\u00e4sy\u00e4 ja v\u00e4hent\u00e4v\u00e4t terveyskeskusjonoja. Digivastaanotto\non vaikuttava v\u00e4line taistelussa koronapandemiaa ja sen my\u00f6t\u00e4 syntym\u00e4ss\u00e4 olevaa\n\u201dhoitopommia\u201d vastaan. Palvelun piiriin p\u00e4\u00e4see nopeasti ilman l\u00e4hikontakteja.<\/p>\n\n\n\n<p>Sari Sarkomaa<\/p>\n\n\n\n<p>Kansanedustaja<\/p>\n\n\n\n<p>Kokoomuksen eduskuntaryhm\u00e4n varapuheenjohtaja<\/p>\n","protected":false},"excerpt":{"rendered":"<p>Koronan toinen aalto on vaarassa ry\u00f6ppy\u00e4 voimalla Suomeen. Nyt on teht\u00e4v\u00e4 tehokkaampia toimia koronataudin levi\u00e4misen ehk\u00e4isemiseksi ja viruksen tukahduttamiseksi. Suurta huolta lis\u00e4si t\u00e4n\u00e4\u00e4n Ylen aamuTV:ss\u00e4 ollut sosiaali- ja terveys ministeri Pekonen, joka ei juuri luvannut vaikuttavampia toimia. Marinin hallituksen on otettava tosissaan terveydenhuollon asiantuntijoiden ja kansalaisten h\u00e4t\u00e4huudot koronatoimien viiveist\u00e4 ja lepsuudesta. Kev\u00e4\u00e4n epidemia-aallon inhimilliset ja <a href=\"https:\/\/www.sarisarkomaa.fi\/?p=8803\" class=\"more-link\">...jatka lukemista<span class=\"screen-reader-text\"> \"Valloillaan olevat viruslingot laitettava kuriin\"<\/span><\/a><\/p>\n","protected":false},"author":1,"featured_media":0,"comment_status":"closed","ping_status":"open","sticky":false,"template":"","format":"standard","meta":[],"categories":[8],"tags":[],"_links":{"self":[{"href":"https:\/\/www.sarisarkomaa.fi\/index.php?rest_route=\/wp\/v2\/posts\/8803"}],"collection":[{"href":"https:\/\/www.sarisarkomaa.fi\/index.php?rest_route=\/wp\/v2\/posts"}],"about":[{"href":"https:\/\/www.sarisarkomaa.fi\/index.php?rest_route=\/wp\/v2\/types\/post"}],"author":[{"embeddable":true,"href":"https:\/\/www.sarisarkomaa.fi\/index.php?rest_route=\/wp\/v2\/users\/1"}],"replies":[{"embeddable":true,"href":"https:\/\/www.sarisarkomaa.fi\/index.php?rest_route=%2Fwp%2Fv2%2Fcomments&post=8803"}],"version-history":[{"count":1,"href":"https:\/\/www.sarisarkomaa.fi\/index.php?rest_route=\/wp\/v2\/posts\/8803\/revisions"}],"predecessor-version":[{"id":8804,"href":"https:\/\/www.sarisarkomaa.fi\/index.php?rest_route=\/wp\/v2\/posts\/8803\/revisions\/8804"}],"wp:attachment":[{"href":"https:\/\/www.sarisarkomaa.fi\/index.php?rest_route=%2Fwp%2Fv2%2Fmedia&parent=8803"}],"wp:term":[{"taxonomy":"category","embeddable":true,"href":"https:\/\/www.sarisarkomaa.fi\/index.php?rest_route=%2Fwp%2Fv2%2Fcategories&post=8803"},{"taxonomy":"post_tag","embeddable":true,"href":"https:\/\/www.sarisarkomaa.fi\/index.php?rest_route=%2Fwp%2Fv2%2Ftags&post=8803"}],"curies":[{"name":"wp","href":"https:\/\/api.w.org\/{rel}","templated":true}]}}