{"id":8806,"date":"2020-08-13T07:51:32","date_gmt":"2020-08-13T05:51:32","guid":{"rendered":"https:\/\/www.sarisarkomaa.fi\/?p=8806"},"modified":"2020-08-13T07:51:35","modified_gmt":"2020-08-13T05:51:35","slug":"kokoomuksen-sarkomaa-koronaministeri-kiurun-toimet-eivat-herata-luottamusta%ef%bb%bf","status":"publish","type":"post","link":"https:\/\/www.sarisarkomaa.fi\/?p=8806","title":{"rendered":"Kokoomuksen Sarkomaa: Koronaministeri Kiurun toimet eiv\u00e4t her\u00e4t\u00e4 luottamusta\ufeff"},"content":{"rendered":"\n<p>Tiedote 12.8.2020<br>Julkaisuvapaa heti<\/p>\n\n\n\n<p>Kokoomuksen eduskuntaryhm\u00e4n varapuheenjohtaja <strong>Sari Sarkomaa<\/strong> odottaa hallitukselta ja koronaministeri Krista Kiurulta ryhtiliikett\u00e4 koronatoimissa. Sarkomaa on huolissaan hallituksen kompuroinnista heti koronan toisen aallon alkumetreill\u00e4. Ulkomailla matkanneiden mukana Suomeen on tullut kymmenitt\u00e4in tartuntoja ja samaan aikaan koronatesteihin p\u00e4\u00e4syss\u00e4 on huomattavia viiveit\u00e4.\u00a0<\/p>\n\n\n\n<p>\u201cHallituksen\ntestaa, j\u00e4ljit\u00e4, erist\u00e4 ja hoida -strategian toimeenpano ontuu pahasti\nkoronatestaamisen merkitt\u00e4vien viiveiden johdosta. Jonot ja odotusajat ovat\nliian pitki\u00e4. Jos julkisen sektorin oma kapasiteetti ei riit\u00e4, on oltava\nvalmius hankkia palveluja yksityiselt\u00e4 sektorilta. Koronan toisen aallon\nest\u00e4misess\u00e4 testaaminen on avainasemassa, eik\u00e4 siin\u00e4 voida ep\u00e4onnistua\u201d,\nSarkomaa sanoo.&nbsp;<\/p>\n\n\n\n<p>Sarkomaan\nmukaan n\u00e4ytt\u00e4\u00e4 silt\u00e4, ett\u00e4 koronan toinen aalto on yll\u00e4tt\u00e4nyt hallituksen, eik\u00e4\nkev\u00e4\u00e4n virheist\u00e4 ole otettu opiksi. H\u00e4n ihmettelee viime p\u00e4ivien ministereiden\nk\u00e4ym\u00e4\u00e4 sekavaa <a href=\"https:\/\/www.hs.fi\/politiikka\/art-2000006598444.html\">julkista keskustelua<\/a> riskimaista palaavien\nmatkailijoiden pakkokaranteenista. Lis\u00e4ksi Sarkomaa ihmettelee, miksi STM reagoi\nHUS:n johdon ehdotukseen lentomatkustajien laajasta testaamisesta vasta kaksi\nkuukautta kes\u00e4kuun alun ehdotuksen j\u00e4lkeen. <br>\n<br>\n<br>\n<\/p>\n\n\n\n<p>\u201cMiksi HUS:n asiantuntijoiden\nhuolet ja ehdotukset on sivuutettu? P\u00e4\u00e4ministeri Marin my\u00f6nsi kev\u00e4\u00e4ll\u00e4, ett\u00e4\nHelsinki-Vantaan lentokent\u00e4n osalta hallituksen toimet eiv\u00e4t olleet riitt\u00e4vi\u00e4.\nNyt n\u00e4ytt\u00e4\u00e4 silt\u00e4, ett\u00e4 virheet toistuvat, vaikka niist\u00e4 luvattiin ottaa oppia.\nN\u00e4ihin kysymyksiin on vastuuministereiden ja hallituksen yhteisesti\nvastattava,\u201d Sarkomaa sanoo.<\/p>\n\n\n\n<p>Sarkomaa on ihmeiss\u00e4\u00e4n my\u00f6s\nmaskisuosituksen viivytt\u00e4misest\u00e4. Vantaan kaupungin sosiaali- ja\nterveystoimessa <a href=\"https:\/\/www.mtvuutiset.fi\/artikkeli\/mtv-sai-ennusteet-toinen-korona-aalto-vyoryy-suomeen-nain-eri-rajoitustoimet-vaikuttavat-taudin-etenemiseen-kaikki-skenaariot-ennustavat-sita-etta-jotakin-on-pakko-tehda\/7893862#gs.d8xte7\">on arvioitu<\/a> joukkoliikenteen maskisuosituksen\nv\u00e4hent\u00e4v\u00e4n maansis\u00e4isi\u00e4 koronatartuntoja noin 20-25 prosentilla.&nbsp;<\/p>\n\n\n\n<p>\u201cNyt\non saatava k\u00e4ytt\u00f6\u00f6n WHO:n suosittamat kasvomaskit. Ihmiset palaavat parhaillaan\nty\u00f6- ja kouluarkeen, mutta maskisuositusta ei kuulu. Selke\u00e4t suositukset\nmaskien k\u00e4ytt\u00f6\u00f6n esimerkiksi joukkoliikenteess\u00e4 olisi pit\u00e4nyt saada jo aikoja\nsitten. Ihmisten terveytt\u00e4 ja henke\u00e4 on suojeltava\u201d, sanoo Sarkomaa.<br>\n<br>\n<br>\n<\/p>\n\n\n\n<p>\u201cSuomella ei ole en\u00e4\u00e4 varaa sulkea\nkoko yhteiskuntaa. Kev\u00e4\u00e4n rajoitustoimien inhimilliset ja taloudelliset\nvaikutukset olivat valtavat. Hallituksen on saatava testaa, j\u00e4ljit\u00e4, erist\u00e4 ja\nhoida -strategiansa toimimaan, sek\u00e4 tarvittaessa k\u00e4ytt\u00f6\u00f6n alueellisia rajoitustoimia.\nYhteiskunta on pidett\u00e4v\u00e4 auki niin pitk\u00e4\u00e4n kuin mahdollista. T\u00e4m\u00e4 edellytt\u00e4\u00e4\ntartuntaketjujen katkaisemista nopeasti ja tehokkaasti\u201d, linjaa Sarkomaa.<\/p>\n\n\n\n<p>Lis\u00e4tiedot:<\/p>\n\n\n\n<p>Sari\nSarkomaa, puh. 09 432 3033<\/p>\n","protected":false},"excerpt":{"rendered":"<p>Tiedote 12.8.2020Julkaisuvapaa heti Kokoomuksen eduskuntaryhm\u00e4n varapuheenjohtaja Sari Sarkomaa odottaa hallitukselta ja koronaministeri Krista Kiurulta ryhtiliikett\u00e4 koronatoimissa. Sarkomaa on huolissaan hallituksen kompuroinnista heti koronan toisen aallon alkumetreill\u00e4. Ulkomailla matkanneiden mukana Suomeen on tullut kymmenitt\u00e4in tartuntoja ja samaan aikaan koronatesteihin p\u00e4\u00e4syss\u00e4 on huomattavia viiveit\u00e4.\u00a0 \u201cHallituksen testaa, j\u00e4ljit\u00e4, erist\u00e4 ja hoida -strategian toimeenpano ontuu pahasti koronatestaamisen merkitt\u00e4vien viiveiden <a href=\"https:\/\/www.sarisarkomaa.fi\/?p=8806\" class=\"more-link\">...jatka lukemista<span class=\"screen-reader-text\"> \"Kokoomuksen Sarkomaa: Koronaministeri Kiurun toimet eiv\u00e4t her\u00e4t\u00e4 luottamusta\ufeff\"<\/span><\/a><\/p>\n","protected":false},"author":1,"featured_media":0,"comment_status":"closed","ping_status":"open","sticky":false,"template":"","format":"standard","meta":[],"categories":[4],"tags":[],"_links":{"self":[{"href":"https:\/\/www.sarisarkomaa.fi\/index.php?rest_route=\/wp\/v2\/posts\/8806"}],"collection":[{"href":"https:\/\/www.sarisarkomaa.fi\/index.php?rest_route=\/wp\/v2\/posts"}],"about":[{"href":"https:\/\/www.sarisarkomaa.fi\/index.php?rest_route=\/wp\/v2\/types\/post"}],"author":[{"embeddable":true,"href":"https:\/\/www.sarisarkomaa.fi\/index.php?rest_route=\/wp\/v2\/users\/1"}],"replies":[{"embeddable":true,"href":"https:\/\/www.sarisarkomaa.fi\/index.php?rest_route=%2Fwp%2Fv2%2Fcomments&post=8806"}],"version-history":[{"count":1,"href":"https:\/\/www.sarisarkomaa.fi\/index.php?rest_route=\/wp\/v2\/posts\/8806\/revisions"}],"predecessor-version":[{"id":8807,"href":"https:\/\/www.sarisarkomaa.fi\/index.php?rest_route=\/wp\/v2\/posts\/8806\/revisions\/8807"}],"wp:attachment":[{"href":"https:\/\/www.sarisarkomaa.fi\/index.php?rest_route=%2Fwp%2Fv2%2Fmedia&parent=8806"}],"wp:term":[{"taxonomy":"category","embeddable":true,"href":"https:\/\/www.sarisarkomaa.fi\/index.php?rest_route=%2Fwp%2Fv2%2Fcategories&post=8806"},{"taxonomy":"post_tag","embeddable":true,"href":"https:\/\/www.sarisarkomaa.fi\/index.php?rest_route=%2Fwp%2Fv2%2Ftags&post=8806"}],"curies":[{"name":"wp","href":"https:\/\/api.w.org\/{rel}","templated":true}]}}