{"id":8826,"date":"2020-08-21T10:27:53","date_gmt":"2020-08-21T08:27:53","guid":{"rendered":"https:\/\/www.sarisarkomaa.fi\/?p=8826"},"modified":"2020-08-21T10:27:55","modified_gmt":"2020-08-21T08:27:55","slug":"kirjallinen-kysymys-sosiaali-ja-terveysjarjestojen-rahoituksesta-ja-toimintaedellytysten-turvaamisesta","status":"publish","type":"post","link":"https:\/\/www.sarisarkomaa.fi\/?p=8826","title":{"rendered":"Kirjallinen kysymys sosiaali- ja terveysj\u00e4rjest\u00f6jen rahoituksesta ja toimintaedellytysten turvaamisesta"},"content":{"rendered":"\n<p>Eduskunnan puhemiehelle<\/p>\n\n\n\n<p>Valtiovarainministeri\u00f6n vuoden\n2021 budjettiesityksess\u00e4 esitet\u00e4\u00e4n sosiaali- ja terveysj\u00e4rjest\u00f6ilt\u00e4\nleikattavaksi ensi vuonna 127 miljoonaa euroa, mik\u00e4 on 33 prosenttia t\u00e4h\u00e4n\nvuoteen verrattuna. VM:n esityksess\u00e4 esitet\u00e4\u00e4n my\u00f6nnett\u00e4v\u00e4ksi 253 miljoonaa\neuroa avustuksina yhteis\u00f6ille ja s\u00e4\u00e4ti\u00f6ille terveyden ja sosiaalisen\nhyvinvoinnin edist\u00e4miseen, kun vastaavasti t\u00e4n\u00e4 vuonna my\u00f6nnetty summa oli 380\nmiljoonaa euroa.<\/p>\n\n\n\n<p>Toteutuessaan leikkaukset vaikuttaisivat merkitt\u00e4v\u00e4ll\u00e4 tavalla monien,\nerityisesti haavoittuvassa asemassa olevien tai muuten tukea ja apua\ntarvitsevien ihmisten el\u00e4m\u00e4\u00e4n: lasten, nuorten, i\u00e4kk\u00e4iden, p\u00e4ihde- ja\nmielenterveysongelmaisten, v\u00e4hemmist\u00f6jen, vammaisten, pitk\u00e4aikaissairaiden ja\npitk\u00e4aikaisty\u00f6tt\u00f6mien. T\u00e4t\u00e4 ty\u00f6t\u00e4 yhteiskunnalla ei ole varaa menett\u00e4\u00e4, eik\u00e4\nmy\u00f6sk\u00e4\u00e4n mahdollisuutta paikata. Huoli\nyleishy\u00f6dyllisten toimijoiden rahoituksesta koskee kaikkia toimijoita, joiden\nrahoitus perustuu rahapelitoiminnan tuottoihin (liikunta, kulttuuri, tiede,\nnuoriso, sote, hevosala).<\/p>\n\n\n\n<p>Erityisesti koronakev\u00e4\u00e4n aikana sosiaali- ja terveysj\u00e4rjest\u00f6t ovat tehneet\nmittaamattoman arvokasta ty\u00f6t\u00e4 heikoimmassa asemassa olevien tukemiseksi\nesimerkiksi j\u00e4rjest\u00e4m\u00e4ll\u00e4 ruoka-apua ja vertaistukea et\u00e4yhteyksin. Viel\u00e4\nkev\u00e4\u00e4ll\u00e4 koronakriisin aikaan STM vetosi j\u00e4rjest\u00f6ihin, jotta ne toimisivat\nihmisten auttamiseksi, ilman, ett\u00e4 miettisiv\u00e4t toimintansa sopeuttamista. T\u00e4h\u00e4n\nvetoomukseen n\u00e4hden esitetyt leikkaukset antavat t\u00e4ysin p\u00e4invastaisen viestin.<\/p>\n\n\n\n<p>Viime kev\u00e4\u00e4n\u00e4 koronakriisin sosiaalisia vaikutuksia pohtineen ty\u00f6ryhm\u00e4n\nhavainto oli, ett\u00e4 koronakriisi toi n\u00e4kyviin niin suomalaisen yhteiskunnan\nvahvuuksia kuin hyvinvointiyhteiskunnan murtumakohtia. Valtiovarainministeri\u00f6n\nbudjettiesityksen viesti on r\u00e4ike\u00e4ss\u00e4 ristiriidassa ty\u00f6ryhm\u00e4n havaintoihin,\njonka mukaan j\u00e4rjest\u00f6t ja muu kansalaisyhteiskunta on n\u00e4ht\u00e4v\u00e4 hyvinvointipalveluja vahvistavana tekij\u00e4n\u00e4.<\/p>\n\n\n\n<p>Valtiovarainministeri\u00f6n\nbudjettiesityksess\u00e4 j\u00e4rjest\u00f6ihin kohdistama leikkuri on my\u00f6s ristiriidassa\nMarinin hallitusohjelmakirjauksen kanssa, jossa todetaan: <em>\u201dKansalaisyhteiskunnan\ntoimintaedellytyksi\u00e4 vahvistetaan. Eriarvoisuutta torjutaan osallisuudella.\nKaikkien mahdollisuutta merkitykselliseen kansalaistoimintaan edistet\u00e4\u00e4n ja\nturvataan j\u00e4rjest\u00f6jen toiminnan autonomisuus.\u201d<\/em><\/p>\n\n\n\n<p>J\u00e4rjest\u00f6jen kanssa on keskusteltava rahoituksen tulevaisuudesta. Siihen\ntarvitaan suunnitelmallisuutta, ei \u00e4kkiliikkeit\u00e4. Erityisen huolestuttavaa on, ett\u00e4\nrahoitusleikkaukset kohdistuvat voimakkaimmin pitk\u00e4j\u00e4nteiseen\nperusrahoitukseen.<\/p>\n\n\n\n<p>Toteutuessaan leikkaukset murentaisivat sote-j\u00e4rjest\u00f6jen\ntoiminnan pohjaa. Uhka rahoituksen merkitt\u00e4v\u00e4st\u00e4 leikkaamisesta aiheuttaa\nj\u00e4rjest\u00f6jen henkil\u00f6st\u00f6ss\u00e4 huolta ty\u00f6paikoista ja toiminnan jatkuvuudesta.&nbsp;Koronakev\u00e4\u00e4n ep\u00e4varmuuden j\u00e4lkeen monen jaksaminen on\nmuutenkin kovilla.<\/p>\n\n\n\n<p>Koronan ensimm\u00e4isen aallon aikana julkisen sektorin palveluiden sulkeminen esimerkiksi muistisairaiden perheiden osalta j\u00e4tti omaishoitajat yksin. J\u00e4rjest\u00f6jen tarjoama vertaistuki oli koronakev\u00e4\u00e4n aikana monelle ainoa tuki. J\u00e4rjest\u00f6jen m\u00e4\u00e4r\u00e4rahojen leikkaus ja mahdollinen koronan toinen aalto huolestuttaa montaa j\u00e4rjest\u00f6jen tarjoaman vertaustuen varassa el\u00e4v\u00e4\u00e4 ihmist\u00e4. Rajoitustoimien pitkittyess\u00e4 heikoimmassa asemassa olevien ihmisten ja heid\u00e4n l\u00e4heistens\u00e4 jaksaminen vaarantuu. Nyt on aika vahvistaa tukea ja auttamisen tapoja, ei v\u00e4hent\u00e4\u00e4 sit\u00e4.<br> <br><\/p>\n\n\n\n<p>Edell\u00e4 olevan perusteella ja eduskunnan\nty\u00f6j\u00e4rjestyksen 27 \u00a7:\u00e4\u00e4n viitaten esit\u00e4n \/ esit\u00e4mme asianomaisen ministerin\nvastattavaksi seuraavan kysymyksen:<\/p>\n\n\n\n<p><em>Miten hallitus aikoo turvata ja kehitt\u00e4\u00e4 sosiaali- ja terveysj\u00e4rjest\u00f6jen rahoitusta ja toimintaedellytyksi\u00e4?<\/em><\/p>\n\n\n\n<p><em>Miten hallitus aikoo toteuttaa hallitusohjelmakirjauksensa kansalaisyhteiskunnan vahvistamisesta ja j\u00e4rjest\u00f6jen autonomisuuden edist\u00e4misest\u00e4?<\/em><\/p>\n\n\n\n<p><em>Mill\u00e4 toimilla hallitus aikoo edist\u00e4\u00e4 j\u00e4rjest\u00f6jen toimintaa hyvinvointipalveluja vahvistavana tekij\u00e4n\u00e4?<\/em><\/p>\n\n\n\n<p><em>Mill\u00e4 toimilla hallitus puuttuu koronakriisin tuomiin eriarvoisuutta lis\u00e4\u00e4viin ja syvent\u00e4viin ilmi\u00f6ihin?<\/em><\/p>\n\n\n\n<p>Helsingiss\u00e4 24.8.2020<\/p>\n\n\n\n<p>\u00ad\u00ad\u00ad\u00ad\u00ad\u00ad\u00ad\u00ad\u00ad\u00ad\u00ad\u00ad\u00ad\u00ad\u00ad\u00ad\u00ad\u00ad\u00ad\u00ad\u00ad\u00ad\u00ad\u00ad\u00ad\u00ad\u00ad\u00ad\u00ad_______________________________<\/p>\n\n\n\n<p>Sari\nSarkomaa [kok]<\/p>\n","protected":false},"excerpt":{"rendered":"<p>Eduskunnan puhemiehelle Valtiovarainministeri\u00f6n vuoden 2021 budjettiesityksess\u00e4 esitet\u00e4\u00e4n sosiaali- ja terveysj\u00e4rjest\u00f6ilt\u00e4 leikattavaksi ensi vuonna 127 miljoonaa euroa, mik\u00e4 on 33 prosenttia t\u00e4h\u00e4n vuoteen verrattuna. VM:n esityksess\u00e4 esitet\u00e4\u00e4n my\u00f6nnett\u00e4v\u00e4ksi 253 miljoonaa euroa avustuksina yhteis\u00f6ille ja s\u00e4\u00e4ti\u00f6ille terveyden ja sosiaalisen hyvinvoinnin edist\u00e4miseen, kun vastaavasti t\u00e4n\u00e4 vuonna my\u00f6nnetty summa oli 380 miljoonaa euroa. Toteutuessaan leikkaukset vaikuttaisivat merkitt\u00e4v\u00e4ll\u00e4 tavalla monien, <a href=\"https:\/\/www.sarisarkomaa.fi\/?p=8826\" class=\"more-link\">...jatka lukemista<span class=\"screen-reader-text\"> \"Kirjallinen kysymys sosiaali- ja terveysj\u00e4rjest\u00f6jen rahoituksesta ja toimintaedellytysten turvaamisesta\"<\/span><\/a><\/p>\n","protected":false},"author":1,"featured_media":0,"comment_status":"closed","ping_status":"open","sticky":false,"template":"","format":"standard","meta":[],"categories":[5,4],"tags":[],"_links":{"self":[{"href":"https:\/\/www.sarisarkomaa.fi\/index.php?rest_route=\/wp\/v2\/posts\/8826"}],"collection":[{"href":"https:\/\/www.sarisarkomaa.fi\/index.php?rest_route=\/wp\/v2\/posts"}],"about":[{"href":"https:\/\/www.sarisarkomaa.fi\/index.php?rest_route=\/wp\/v2\/types\/post"}],"author":[{"embeddable":true,"href":"https:\/\/www.sarisarkomaa.fi\/index.php?rest_route=\/wp\/v2\/users\/1"}],"replies":[{"embeddable":true,"href":"https:\/\/www.sarisarkomaa.fi\/index.php?rest_route=%2Fwp%2Fv2%2Fcomments&post=8826"}],"version-history":[{"count":1,"href":"https:\/\/www.sarisarkomaa.fi\/index.php?rest_route=\/wp\/v2\/posts\/8826\/revisions"}],"predecessor-version":[{"id":8827,"href":"https:\/\/www.sarisarkomaa.fi\/index.php?rest_route=\/wp\/v2\/posts\/8826\/revisions\/8827"}],"wp:attachment":[{"href":"https:\/\/www.sarisarkomaa.fi\/index.php?rest_route=%2Fwp%2Fv2%2Fmedia&parent=8826"}],"wp:term":[{"taxonomy":"category","embeddable":true,"href":"https:\/\/www.sarisarkomaa.fi\/index.php?rest_route=%2Fwp%2Fv2%2Fcategories&post=8826"},{"taxonomy":"post_tag","embeddable":true,"href":"https:\/\/www.sarisarkomaa.fi\/index.php?rest_route=%2Fwp%2Fv2%2Ftags&post=8826"}],"curies":[{"name":"wp","href":"https:\/\/api.w.org\/{rel}","templated":true}]}}