{"id":8836,"date":"2020-08-24T09:31:02","date_gmt":"2020-08-24T07:31:02","guid":{"rendered":"https:\/\/www.sarisarkomaa.fi\/?p=8836"},"modified":"2020-08-24T09:31:05","modified_gmt":"2020-08-24T07:31:05","slug":"muistisairaiden-ja-laheisten-palvelut-ja-arki-eivat-suju-ilman-jarjestoja","status":"publish","type":"post","link":"https:\/\/www.sarisarkomaa.fi\/?p=8836","title":{"rendered":"Muistisairaiden ja l\u00e4heisten palvelut ja arki eiv\u00e4t suju ilman j\u00e4rjest\u00f6j\u00e4"},"content":{"rendered":"\n<p>Julkaistu 21.8.2020<\/p>\n\n\n\n<p><strong>Valtiovarainministeri\u00f6&nbsp;esitt\u00e4\u00e4&nbsp;vuoden 2021&nbsp;budjettiin&nbsp;sosiaali- ja terveysj\u00e4rjest\u00f6jen rahoituksen&nbsp;leikkaamista&nbsp;127 miljoonalla eurolla. T\u00e4m\u00e4 merkitsisi j\u00e4rjest\u00f6jen rahoituksen&nbsp;33 prosentin laskua.&nbsp;<\/strong><\/p>\n\n\n\n<p>Esitys on\u00a0eritt\u00e4in\u00a0huolestuttava tukea tarvitsevien ja haavoittavassa tilanteessa el\u00e4vien kuten muistisairaiden\u00a0ihmisten\u00a0kannalta.\u00a0<\/p>\n\n\n\n<p>J\u00e4rjest\u00f6jen\u00a0matalan kynnyksen maksuton\u00a0ammatillinen\u00a0tuki\u00a0ja vertaistuki\u00a0t\u00e4ydent\u00e4v\u00e4t\u00a0julkisen\u00a0ja yksityisen sektorin palveluita tavalla, jota\u00a0on vaikea, jopa mahdoton\u00a0korvata.\u00a0\u00a0\u00a0<\/p>\n\n\n\n<p>Muistisairaus on kansansairaus, jota sairastaa noin 200\u202f000 suomalaista. Omaisten ja l\u00e4heisten kautta&nbsp; sairaus vaikuttaa jopa miljoonan ihmisen arkeen. Sairastunut ja l\u00e4heinen tarvitsevat tietoa, ohjausta ja neuvontaa sek\u00e4 vertaistukea el\u00e4m\u00e4ntilanteeseensa.&nbsp;&nbsp;<\/p>\n\n\n\n<p>Erityisen haastava tilanne on nyt. Kev\u00e4\u00e4ll\u00e4 koronapandemia keskeytti&nbsp;muun muassa&nbsp; kaiken ryhm\u00e4toiminnan&nbsp;sek\u00e4&nbsp;sulki muistisairaat ja l\u00e4heiset koteihinsa.&nbsp;Rajoitustoimien&nbsp;pitkittyess\u00e4 sek\u00e4 sairastuneiden ett\u00e4 l\u00e4heisten jaksaminen vaarantui.&nbsp;Nyt on aika vahvistaa tukea ja auttamisen tapoja, ei v\u00e4hent\u00e4\u00e4&nbsp;niit\u00e4.&nbsp;<\/p>\n\n\n\n<p>Muistisairauden taloudelliset vaikutukset&nbsp;ovat merkitt\u00e4v\u00e4t.&nbsp;Ymp\u00e4rivuorokautisen hoivan asiakkaista kolme nelj\u00e4st\u00e4 sairasta keskivaikeaa tai vaikeaa muistisairautta. Ymp\u00e4rivuorokautisen hoivan kustannukset ovat keskim\u00e4\u00e4rin&nbsp;60&nbsp;000&nbsp;euroa vuodessa&nbsp;asukasta kohden.&nbsp;<\/p>\n\n\n\n<p>On lyhytn\u00e4k\u00f6ist\u00e4 leikata tukea ihmisilt\u00e4, jotka sairastavat etenev\u00e4\u00e4 neurologista sairautta, joka vaatii my\u00f6s l\u00e4heisilt\u00e4 paljon.&nbsp;Muistisairauden varhainen toteaminen, oikea l\u00e4\u00e4kitys,&nbsp;kuntoutus,&nbsp;sujuva arki&nbsp;ja mielek\u00e4s tekeminen&nbsp;pit\u00e4v\u00e4t toimintakyky\u00e4&nbsp;ja aivoterveytt\u00e4&nbsp;yll\u00e4&nbsp;sek\u00e4&nbsp;siirt\u00e4v\u00e4t&nbsp;vaativampien&nbsp;palveluiden tarvetta eteenp\u00e4in.&nbsp;&nbsp;<\/p>\n\n\n\n<p>Muistiliitto vaatii, ett\u00e4&nbsp;sosiaali- ja terveysj\u00e4rjest\u00f6jen toimintaedellytykset turvataan&nbsp;vuonna 2021&nbsp;perumalla esitetyt leikkaukset ja j\u00e4rjest\u00f6jen rahoitus ratkaistaan my\u00f6s pidemm\u00e4ll\u00e4 aikav\u00e4lill\u00e4 muun muassa&nbsp;laskemalla arpajaisveroa&nbsp;ja kompensoimalla Veikkauksen tuottojen laskua budjettivaroista.&nbsp;<\/p>\n\n\n\n<p><strong>Muistiliitto ry<\/strong>&nbsp;<br>Merja M\u00e4kisalo-Ropponen, puheenjohtaja&nbsp;<br>Sari Sarkomaa, 1. varapuheenjohtaja&nbsp;<br>Pasi Kivisaari 2. varapuheenjohtaja&nbsp;&nbsp;<br><\/p>\n","protected":false},"excerpt":{"rendered":"<p>Julkaistu 21.8.2020 Valtiovarainministeri\u00f6&nbsp;esitt\u00e4\u00e4&nbsp;vuoden 2021&nbsp;budjettiin&nbsp;sosiaali- ja terveysj\u00e4rjest\u00f6jen rahoituksen&nbsp;leikkaamista&nbsp;127 miljoonalla eurolla. T\u00e4m\u00e4 merkitsisi j\u00e4rjest\u00f6jen rahoituksen&nbsp;33 prosentin laskua.&nbsp; Esitys on\u00a0eritt\u00e4in\u00a0huolestuttava tukea tarvitsevien ja haavoittavassa tilanteessa el\u00e4vien kuten muistisairaiden\u00a0ihmisten\u00a0kannalta.\u00a0 J\u00e4rjest\u00f6jen\u00a0matalan kynnyksen maksuton\u00a0ammatillinen\u00a0tuki\u00a0ja vertaistuki\u00a0t\u00e4ydent\u00e4v\u00e4t\u00a0julkisen\u00a0ja yksityisen sektorin palveluita tavalla, jota\u00a0on vaikea, jopa mahdoton\u00a0korvata.\u00a0\u00a0\u00a0 Muistisairaus on kansansairaus, jota sairastaa noin 200\u202f000 suomalaista. Omaisten ja l\u00e4heisten kautta&nbsp; sairaus vaikuttaa jopa miljoonan ihmisen arkeen. <a href=\"https:\/\/www.sarisarkomaa.fi\/?p=8836\" class=\"more-link\">...jatka lukemista<span class=\"screen-reader-text\"> \"Muistisairaiden ja l\u00e4heisten palvelut ja arki eiv\u00e4t suju ilman j\u00e4rjest\u00f6j\u00e4\"<\/span><\/a><\/p>\n","protected":false},"author":1,"featured_media":0,"comment_status":"closed","ping_status":"open","sticky":false,"template":"","format":"standard","meta":[],"categories":[4],"tags":[],"_links":{"self":[{"href":"https:\/\/www.sarisarkomaa.fi\/index.php?rest_route=\/wp\/v2\/posts\/8836"}],"collection":[{"href":"https:\/\/www.sarisarkomaa.fi\/index.php?rest_route=\/wp\/v2\/posts"}],"about":[{"href":"https:\/\/www.sarisarkomaa.fi\/index.php?rest_route=\/wp\/v2\/types\/post"}],"author":[{"embeddable":true,"href":"https:\/\/www.sarisarkomaa.fi\/index.php?rest_route=\/wp\/v2\/users\/1"}],"replies":[{"embeddable":true,"href":"https:\/\/www.sarisarkomaa.fi\/index.php?rest_route=%2Fwp%2Fv2%2Fcomments&post=8836"}],"version-history":[{"count":1,"href":"https:\/\/www.sarisarkomaa.fi\/index.php?rest_route=\/wp\/v2\/posts\/8836\/revisions"}],"predecessor-version":[{"id":8837,"href":"https:\/\/www.sarisarkomaa.fi\/index.php?rest_route=\/wp\/v2\/posts\/8836\/revisions\/8837"}],"wp:attachment":[{"href":"https:\/\/www.sarisarkomaa.fi\/index.php?rest_route=%2Fwp%2Fv2%2Fmedia&parent=8836"}],"wp:term":[{"taxonomy":"category","embeddable":true,"href":"https:\/\/www.sarisarkomaa.fi\/index.php?rest_route=%2Fwp%2Fv2%2Fcategories&post=8836"},{"taxonomy":"post_tag","embeddable":true,"href":"https:\/\/www.sarisarkomaa.fi\/index.php?rest_route=%2Fwp%2Fv2%2Ftags&post=8836"}],"curies":[{"name":"wp","href":"https:\/\/api.w.org\/{rel}","templated":true}]}}