{"id":8839,"date":"2020-08-24T09:35:36","date_gmt":"2020-08-24T07:35:36","guid":{"rendered":"https:\/\/www.sarisarkomaa.fi\/?p=8839"},"modified":"2020-08-24T09:35:37","modified_gmt":"2020-08-24T07:35:37","slug":"koronakevaan-jalkeen-jarjestojen-massiivinen-rahoitusleikkaus-kohtuuton","status":"publish","type":"post","link":"https:\/\/www.sarisarkomaa.fi\/?p=8839","title":{"rendered":"Koronakev\u00e4\u00e4n j\u00e4lkeen j\u00e4rjest\u00f6jen massiivinen rahoitusleikkaus kohtuuton"},"content":{"rendered":"\n<p>P\u00e4\u00e4ministerin Marinin ( sd.) hallituksen on syyt\u00e4 kuulla ihmisten h\u00e4t\u00e4 ja etsi\u00e4 budjettiriihess\u00e4 kest\u00e4vi\u00e4 ratkaisuja turvaamaan&nbsp;sosiaali- ja terveysj\u00e4rjest\u00f6jen&nbsp;toiminta.&nbsp;Toimia tarvitaan yht\u00e4lailla muiden j\u00e4rjest\u00f6jen toimintamahdollisuuksien turvaamiseen.<\/p>\n\n\n\n<p>Budjettiesityksess\u00e4 olevan historiallisen suuri j\u00e4rjest\u00f6jen rahojen leikkausesitys on vaarassa&nbsp;murentaa j\u00e4rjest\u00f6jen toiminnan pohjaa.&nbsp;Valtiovarainministeri\u00f6n vuoden 2021 budjettiesityksess\u00e4 esitet\u00e4\u00e4n&nbsp;sosiaali- ja terveysj\u00e4rjest\u00f6ilt\u00e4 leikattavaksi ensi vuonna 127 miljoonaa euroa, mik\u00e4 on 33 prosenttia kuluvaan vuoteen verrattuna.<\/p>\n\n\n\n<p>J\u00e4rjest\u00f6t tekev\u00e4t mittaamattoman arvokasta ty\u00f6t\u00e4, jota&nbsp;yhteiskunnalla ei ole varaa menett\u00e4\u00e4, eik\u00e4 my\u00f6sk\u00e4\u00e4n mahdollisuutta paikata.<\/p>\n\n\n\n<p>Toteutuessaan leikkaukset vaikuttaisivat merkitt\u00e4v\u00e4ll\u00e4 tavalla monien, erityisesti haavoittuvassa asemassa olevien tai muuten tukea ja apua tarvitsevien ihmisten el\u00e4m\u00e4\u00e4n. Koronan ensimm\u00e4isen aallon aikana julkisen sektorin palveluiden sulkeminen esimerkiksi muistisairaiden perheiden osalta j\u00e4tti omaishoitajat yksin. J\u00e4rjest\u00f6jen tarjoama vertaistuki oli koronakev\u00e4\u00e4n aikana monelle ainoa tuki.<\/p>\n\n\n\n<p>M\u00e4\u00e4r\u00e4rahojen leikkaus ja mahdollinen koronan toinen aalto huolestuttaa montaa j\u00e4rjest\u00f6jen tarjoaman vertaustuen varassa el\u00e4v\u00e4\u00e4 ihmist\u00e4.&nbsp;Nyt on aika vahvistaa tukea ja auttamisen tapoja, ei v\u00e4hent\u00e4\u00e4 sit\u00e4.<\/p>\n\n\n\n<p>Muistutan&nbsp;&nbsp;hallitusta, ett\u00e4 viel\u00e4 kev\u00e4\u00e4ll\u00e4 koronakriisin aikaan sosiaali- ja terveysministeri\u00f6 vetosi j\u00e4rjest\u00f6ihin, jotta ne toimisivat ihmisten auttamiseksi miettim\u00e4tt\u00e4 toimintansa sopeuttamista. T\u00e4h\u00e4n vetoomukseen n\u00e4hden esitetyt leikkaukset antavat t\u00e4ysin p\u00e4invastaisen viestin. Lis\u00e4ksi j\u00e4rjest\u00f6jen rahoituksen leikkuri on r\u00e4ike\u00e4ss\u00e4 ristiriidassa Marinin hallitusohjelman kanssa, jossa tavoitellaan vahvempaa kansalaisyhteiskuntaa ja j\u00e4rjest\u00f6jen toiminnan autonomisuutta.<\/p>\n\n\n\n<p>Uhka rahoituksen merkitt\u00e4v\u00e4st\u00e4 leikkaamisesta aiheuttaa j\u00e4rjest\u00f6jen henkil\u00f6st\u00f6ss\u00e4 huolta ty\u00f6paikoista ja toiminnan jatkuvuudesta.&nbsp;Koronakev\u00e4\u00e4n ep\u00e4varmuuden j\u00e4lkeen monen jaksaminen on muutenkin kovilla.<\/p>\n\n\n\n<p>J\u00e4rjest\u00f6jen kanssa on keskusteltava rahoituksen tulevaisuudesta. Siihen tarvitaan suunnitelmallisuutta, ei n\u00e4in suuria&nbsp;\u00e4kkiliikkeit\u00e4. Erityisen huolestuttavaa on, ett\u00e4 rahoitusleikkaukset kohdistuvat voimakkaimmin pitk\u00e4j\u00e4nteiseen perusrahoitukseen.<\/p>\n\n\n\n<p>Tein\u00a0<a href=\"https:\/\/www.sarisarkomaa.fi\/?p=8826\">kirjallisen kysymyksen sosiaali- ja terveysj\u00e4rjest\u00f6jen rahoituksesta ja toimintaedellytysten turvaamisesta<\/a>vauhdittaakseni hallitusta ottamaan budjettiriihess\u00e4 huomioon j\u00e4rjest\u00f6jen mittaamattoman arvokas ty\u00f6.<\/p>\n\n\n\n<p>Sari Sarkomaa<\/p>\n\n\n\n<p>helsinkil\u00e4isten kansanedustaja<\/p>\n\n\n\n<p>kokoomuksen eduskuntaryhm\u00e4n varapuheenjohtaja<\/p>\n","protected":false},"excerpt":{"rendered":"<p>P\u00e4\u00e4ministerin Marinin ( sd.) hallituksen on syyt\u00e4 kuulla ihmisten h\u00e4t\u00e4 ja etsi\u00e4 budjettiriihess\u00e4 kest\u00e4vi\u00e4 ratkaisuja turvaamaan&nbsp;sosiaali- ja terveysj\u00e4rjest\u00f6jen&nbsp;toiminta.&nbsp;Toimia tarvitaan yht\u00e4lailla muiden j\u00e4rjest\u00f6jen toimintamahdollisuuksien turvaamiseen. Budjettiesityksess\u00e4 olevan historiallisen suuri j\u00e4rjest\u00f6jen rahojen leikkausesitys on vaarassa&nbsp;murentaa j\u00e4rjest\u00f6jen toiminnan pohjaa.&nbsp;Valtiovarainministeri\u00f6n vuoden 2021 budjettiesityksess\u00e4 esitet\u00e4\u00e4n&nbsp;sosiaali- ja terveysj\u00e4rjest\u00f6ilt\u00e4 leikattavaksi ensi vuonna 127 miljoonaa euroa, mik\u00e4 on 33 prosenttia kuluvaan vuoteen verrattuna. <a href=\"https:\/\/www.sarisarkomaa.fi\/?p=8839\" class=\"more-link\">...jatka lukemista<span class=\"screen-reader-text\"> \"Koronakev\u00e4\u00e4n j\u00e4lkeen j\u00e4rjest\u00f6jen massiivinen rahoitusleikkaus kohtuuton\"<\/span><\/a><\/p>\n","protected":false},"author":1,"featured_media":0,"comment_status":"closed","ping_status":"open","sticky":false,"template":"","format":"standard","meta":[],"categories":[8],"tags":[],"_links":{"self":[{"href":"https:\/\/www.sarisarkomaa.fi\/index.php?rest_route=\/wp\/v2\/posts\/8839"}],"collection":[{"href":"https:\/\/www.sarisarkomaa.fi\/index.php?rest_route=\/wp\/v2\/posts"}],"about":[{"href":"https:\/\/www.sarisarkomaa.fi\/index.php?rest_route=\/wp\/v2\/types\/post"}],"author":[{"embeddable":true,"href":"https:\/\/www.sarisarkomaa.fi\/index.php?rest_route=\/wp\/v2\/users\/1"}],"replies":[{"embeddable":true,"href":"https:\/\/www.sarisarkomaa.fi\/index.php?rest_route=%2Fwp%2Fv2%2Fcomments&post=8839"}],"version-history":[{"count":1,"href":"https:\/\/www.sarisarkomaa.fi\/index.php?rest_route=\/wp\/v2\/posts\/8839\/revisions"}],"predecessor-version":[{"id":8840,"href":"https:\/\/www.sarisarkomaa.fi\/index.php?rest_route=\/wp\/v2\/posts\/8839\/revisions\/8840"}],"wp:attachment":[{"href":"https:\/\/www.sarisarkomaa.fi\/index.php?rest_route=%2Fwp%2Fv2%2Fmedia&parent=8839"}],"wp:term":[{"taxonomy":"category","embeddable":true,"href":"https:\/\/www.sarisarkomaa.fi\/index.php?rest_route=%2Fwp%2Fv2%2Fcategories&post=8839"},{"taxonomy":"post_tag","embeddable":true,"href":"https:\/\/www.sarisarkomaa.fi\/index.php?rest_route=%2Fwp%2Fv2%2Ftags&post=8839"}],"curies":[{"name":"wp","href":"https:\/\/api.w.org\/{rel}","templated":true}]}}