{"id":8862,"date":"2020-08-31T07:10:39","date_gmt":"2020-08-31T05:10:39","guid":{"rendered":"https:\/\/www.sarisarkomaa.fi\/?p=8862"},"modified":"2020-08-31T07:10:41","modified_gmt":"2020-08-31T05:10:41","slug":"kokoomuksen-sarkomaa-ja-laiho-ikaihmisten-kohtelun-ja-palveluiden-virheita-ei-saa-toistaa-koronan-toisessa-aallossa","status":"publish","type":"post","link":"https:\/\/www.sarisarkomaa.fi\/?p=8862","title":{"rendered":"Kokoomuksen Sarkomaa ja Laiho: ik\u00e4ihmisten kohtelun ja palveluiden virheit\u00e4 ei saa toistaa koronan toisessa aallossa"},"content":{"rendered":"\n<p><strong>TIEDOTE 29.8.2020<\/strong><\/p>\n\n\n\n<p>JULKAISUVAPAA HETI<\/p>\n\n\n\n<p>Kokoomuksen kansanedustajat <strong>Sari Sarkomaa<\/strong> ja <strong>Mia Laiho <\/strong>vaativat hallitukselta mahdollista koronan toista aaltoa varten ajoissa selkeit\u00e4 kansallisia ohjeita ja suosituksia. Senioreiden oikeuksien toteutumista on my\u00f6s valvottava. Edustajien mielest\u00e4 ik\u00e4ihmisten\u00a0perusoikeuksien toteutuminen, palveluiden toimiminen ja koronan torjuntatoimien yhdenvertaisuus on varmistettava.\u00a0<\/p>\n\n\n\n<p><br> \u201dHallituksen on varmistettava, ettei ik\u00e4ihmisten oikeuksia poljeta koronan varjolla. Pitk\u00e4aikainen l\u00e4hes miljoonan ihmisen kategorinen ik\u00e4\u00e4n perustuva erist\u00e4minen\u00a0ei ollut\u00a0inhimillist\u00e4. Se loukkasi\u00a0itsem\u00e4\u00e4r\u00e4\u00e4misoikeutta ja oli omiaan rakentamaan ik\u00e4syrjinn\u00e4lle kasvualustaa. Ihmisill\u00e4 on erilaisia el\u00e4m\u00e4ntilanteita sek\u00e4 tarpeita ja n\u00e4m\u00e4 tulee ottaa suosituksissa ja ohjeissa huomioon,\u201d vaatii kokoomuksen eduskuntaryhm\u00e4n varapuheenjohtaja Sari Sarkomaa.<\/p>\n\n\n\n<p><br>\n\u201dOpiksi on otettava. Hallituksen ja terveysviranomaisten vastuulla\non&nbsp;hakea ratkaisut ja tehd\u00e4 suositukset, jotta koronataudin riskiryhm\u00e4\u00e4n\nkuuluvat voivat turvallisesti liikkua, tavata l\u00e4heisi\u00e4\u00e4n ja k\u00e4ytt\u00e4\u00e4\ntarvitsemiaan palveluja,\u201d jatkaa Sarkomaa.<\/p>\n\n\n\n<p><br>\n\u201dJoudumme el\u00e4m\u00e4\u00e4n koronan kanssa viel\u00e4 pitk\u00e4\u00e4n, eik\u00e4 ik\u00e4\u00e4ntyneit\u00e4 saa j\u00e4tt\u00e4\u00e4\nyhteiskunnan ulkopuolelle. On selv\u00e4\u00e4, ett\u00e4 yli 70-vuotiaita ja muita\nriskiryhmiin kuuluvia pit\u00e4\u00e4 suojata koronavirukselta, mutta viime kev\u00e4\u00e4n\nkaltaista&nbsp;ja yhteiskunnan ulkopuolelle j\u00e4tt\u00e4mist\u00e4 heid\u00e4n kohdallaan ei\nvoida antaa en\u00e4\u00e4 tapahtua. Ihmisill\u00e4 on i\u00e4st\u00e4 ja sairaudesta huolimatta oikeus\nvapauteen, liikkumiseen ja l\u00e4heisten tapaamiseen. Ne pit\u00e4\u00e4 pysty\u00e4 j\u00e4rjest\u00e4m\u00e4\u00e4n\nkoronaturvallisesti rajoittamatta heid\u00e4n perusoikeuksiaan,&nbsp;sanoo Laiho.<\/p>\n\n\n\n<p>Laiho viittaa viimekev\u00e4iseen poikkeustilaan, jolloin l\u00e4hes\nmiljoona yli 70-vuotiasta oli pitk\u00e4\u00e4n eristyksiss\u00e4 joko kotonaan tai\nhoitolaitoksissa. Vanhuksiin kohdistuvia rajoituksia jatkettiin kev\u00e4\u00e4ll\u00e4\npidemp\u00e4\u00e4n kuin muita koronarajoituksia. Monilla omaisilla oli huoli\nl\u00e4heisist\u00e4\u00e4n, joiden tilannetta he eiv\u00e4t p\u00e4\u00e4sseet edes tarkistamaan.<\/p>\n\n\n\n<p>Kokoomusedustajat esitt\u00e4v\u00e4t my\u00f6s vahvan huolen palveluiden\npuutteista koronaepidemian aikana.<\/p>\n\n\n\n<p>\u201dOlemme\nsaaneet vakavia h\u00e4t\u00e4huutoja varsinkin&nbsp;muistisairaita hoitavilta\nomaishoitajilta. He j\u00e4iv\u00e4t t\u00e4ysin yksin, kun yhteiskunta ja palvelut\nsuljettiin. Heille t\u00e4rke\u00e4t vapaap\u00e4iv\u00e4t ja intervallihoidot loppuivat monessa\npaikassa kuin sein\u00e4\u00e4n\u201d, edustajat muistuttavat. <\/p>\n\n\n\n<p>\u201dTaudin torjunnan lis\u00e4ksi ihmisen mahdollisuuteen yll\u00e4pit\u00e4\u00e4\ntoimintakyky\u00e4 ja sosiaalisiin suhteita on kiinnitett\u00e4v\u00e4 enemm\u00e4n huomiota, kun\nhallitus tekee kansallisia ohjeita ik\u00e4ihmisi\u00e4 ja hoitohenkil\u00f6kuntaa varten.\nEmme voi ajatella pelk\u00e4st\u00e4\u00e4n koronaa, vaan rajoituksissa tulee ajatella my\u00f6s\nihmisen kokonaishyvinvointia ja oikeutta el\u00e4\u00e4 omann\u00e4k\u00f6ist\u00e4\u00e4n el\u00e4m\u00e4\u00e4,\u201d edustajat\np\u00e4\u00e4tt\u00e4v\u00e4t. <\/p>\n\n\n\n<p>LIS\u00c4TIEDOT: <\/p>\n\n\n\n<p>Mia Laiho, puh. 050 433 6461<\/p>\n\n\n\n<p>Sari Sarkomaa, puh. 050 511 3033<\/p>\n","protected":false},"excerpt":{"rendered":"<p>TIEDOTE 29.8.2020 JULKAISUVAPAA HETI Kokoomuksen kansanedustajat Sari Sarkomaa ja Mia Laiho vaativat hallitukselta mahdollista koronan toista aaltoa varten ajoissa selkeit\u00e4 kansallisia ohjeita ja suosituksia. Senioreiden oikeuksien toteutumista on my\u00f6s valvottava. Edustajien mielest\u00e4 ik\u00e4ihmisten\u00a0perusoikeuksien toteutuminen, palveluiden toimiminen ja koronan torjuntatoimien yhdenvertaisuus on varmistettava.\u00a0 \u201dHallituksen on varmistettava, ettei ik\u00e4ihmisten oikeuksia poljeta koronan varjolla. Pitk\u00e4aikainen l\u00e4hes miljoonan ihmisen <a href=\"https:\/\/www.sarisarkomaa.fi\/?p=8862\" class=\"more-link\">...jatka lukemista<span class=\"screen-reader-text\"> \"Kokoomuksen Sarkomaa ja Laiho: ik\u00e4ihmisten kohtelun ja palveluiden virheit\u00e4 ei saa toistaa koronan toisessa aallossa\"<\/span><\/a><\/p>\n","protected":false},"author":1,"featured_media":0,"comment_status":"closed","ping_status":"open","sticky":false,"template":"","format":"standard","meta":[],"categories":[4],"tags":[],"_links":{"self":[{"href":"https:\/\/www.sarisarkomaa.fi\/index.php?rest_route=\/wp\/v2\/posts\/8862"}],"collection":[{"href":"https:\/\/www.sarisarkomaa.fi\/index.php?rest_route=\/wp\/v2\/posts"}],"about":[{"href":"https:\/\/www.sarisarkomaa.fi\/index.php?rest_route=\/wp\/v2\/types\/post"}],"author":[{"embeddable":true,"href":"https:\/\/www.sarisarkomaa.fi\/index.php?rest_route=\/wp\/v2\/users\/1"}],"replies":[{"embeddable":true,"href":"https:\/\/www.sarisarkomaa.fi\/index.php?rest_route=%2Fwp%2Fv2%2Fcomments&post=8862"}],"version-history":[{"count":1,"href":"https:\/\/www.sarisarkomaa.fi\/index.php?rest_route=\/wp\/v2\/posts\/8862\/revisions"}],"predecessor-version":[{"id":8863,"href":"https:\/\/www.sarisarkomaa.fi\/index.php?rest_route=\/wp\/v2\/posts\/8862\/revisions\/8863"}],"wp:attachment":[{"href":"https:\/\/www.sarisarkomaa.fi\/index.php?rest_route=%2Fwp%2Fv2%2Fmedia&parent=8862"}],"wp:term":[{"taxonomy":"category","embeddable":true,"href":"https:\/\/www.sarisarkomaa.fi\/index.php?rest_route=%2Fwp%2Fv2%2Fcategories&post=8862"},{"taxonomy":"post_tag","embeddable":true,"href":"https:\/\/www.sarisarkomaa.fi\/index.php?rest_route=%2Fwp%2Fv2%2Ftags&post=8862"}],"curies":[{"name":"wp","href":"https:\/\/api.w.org\/{rel}","templated":true}]}}