{"id":8869,"date":"2020-09-07T20:26:36","date_gmt":"2020-09-07T18:26:36","guid":{"rendered":"https:\/\/www.sarisarkomaa.fi\/?p=8869"},"modified":"2020-09-07T20:26:39","modified_gmt":"2020-09-07T18:26:39","slug":"kirjallinen-kysymys-tapahtumatoimialan-toimintaedellytysten-edistamisesta-koronaepidemian-aikana-ja-toimialan-huomioimisesta-koronaepidemian-rajoitustoimissa","status":"publish","type":"post","link":"https:\/\/www.sarisarkomaa.fi\/?p=8869","title":{"rendered":"Kirjallinen kysymys tapahtumatoimialan toimintaedellytysten edist\u00e4misest\u00e4 koronaepidemian aikana ja toimialan huomioimisesta koronaepidemian rajoitustoimissa"},"content":{"rendered":"\n<p>Eduskunnan puhemiehelle<\/p>\n\n\n\n<p>Koronapandemia on osunut toimialoista rajuimmin tapahtumatoimialaan. Maaliskuun 13. p\u00e4iv\u00e4n\u00e4 hallitus kielsi yleis\u00f6tilaisuuksien j\u00e4rjest\u00e4misen. Maamme messukeskukset tyhjeniv\u00e4t, eik\u00e4 messutapahtumia ole halleissa sen j\u00e4lkeen j\u00e4rjestetty. \u00a0<\/p>\n\n\n\n<p>Suomessa toimivia ammattimaisia messuj\u00e4rjest\u00e4ji\u00e4 edustava Messu- ja tapahtumaj\u00e4rjest\u00e4j\u00e4t ry on yhdess\u00e4 yhdistyksen j\u00e4senyritysten kanssa vedonnut maan hallitukseen messu- ja tapahtumatoimialan toimijoiden huomioimiseksi yritystukij\u00e4rjestelyiss\u00e4 sek\u00e4 messualan toimintaedellytysten huomioimisesta koronaepidemian rajoitustoimissa. <\/p>\n\n\n\n<p>Messuyritysten henkil\u00f6st\u00f6\u00e4 on jouduttu lomauttamaan ja irtisanomaan. Kriisin vuoksi yritysten liikevaihdot ovat pudonneet noin 80 % viimevuotisesta, enimmill\u00e4\u00e4n jopa 95 %. Kiinte\u00e4t kustannukset eiv\u00e4t kuitenkaan jousta, vaikka liiketoiminta on v\u00e4liaikaisesti pys\u00e4hdyksiss\u00e4. <\/p>\n\n\n\n<p>Messujen kerrannaisvaikutukset ulottuvat v\u00e4litt\u00f6m\u00e4sti matkailu- ja ravitsemisalalle sek\u00e4 kunta- ja aluetalouteen. Vuonna 2018 messujen tulovaikutus Suomen elinkeinoel\u00e4m\u00e4lle oli puoli miljardia euroa.\u00a0Vastuullisesti toimiva ala on tehnyt laajoja turvallisuusj\u00e4rjestelyj\u00e4 sek\u00e4 laatinut kattavat terveysturvallisuuden omavalvontaohjeet, jotka t\u00e4ytt\u00e4v\u00e4t kaikki THL:n ja aluehallintovirastojen vaateet turvalliselle tapahtumalle. Messujen j\u00e4rjest\u00e4minen on kuitenkin k\u00e4yt\u00e4nn\u00f6ss\u00e4 mahdotonta. Messutapahtuman ammattimainen valmistelu vie noin vuoden, ja nykytilanne, jossa viranomaisilta saadaan ohjeita kuukaudeksi kerrallaan, on toiminnalle mahdoton aikaj\u00e4nne. Et\u00e4ty\u00f6suositus ja median luomat mielikuvat tapahtumista viruslinkoina ovat luoneet toimintaymp\u00e4rist\u00f6n, jossa liiketoiminnan jatkaminen on l\u00e4hes mahdotonta.\u00a0<\/p>\n\n\n\n<p>Talousvaliokunta on mietinn\u00f6ss\u00e4\u00e4n (<a href=\"https:\/\/www.eduskunta.fi\/valtiopaivaasiakirjat\/TaVM+14\/2020\">TaVM 14\/2020 vp<\/a>) huomioinut, ett\u00e4 kokoontumisrajoitusten ja maan rajojen sulkemisen seurauksena joidenkin alojen toiminta on k\u00e4yt\u00e4nn\u00f6ss\u00e4 joko estetty kokonaan tai toimintaa on merkitt\u00e4v\u00e4sti rajoitettu. Talousvaliokunta kehotti eduskuntaa valmistelemaan yritysten kustannustuesta annetun lain sis\u00e4\u00e4n kriteerist\u00f6n, jossa n\u00e4iden alojen erityispiirteet otetaan huomioon.\u00a0Yritysten yleinen kustannustuki ei auta merkitt\u00e4v\u00e4sti messualan yrityksi\u00e4, koska tapahtuma-alojen kustannusrakenne ja kustannustuen kriteerit eiv\u00e4t kohtaa. <\/p>\n\n\n\n<p>Messujen j\u00e4rjest\u00e4misess\u00e4 kustannukset syntyv\u00e4t pitk\u00e4lt\u00e4 aikav\u00e4lilt\u00e4, jopa yli vuoden mittaiselta aikajaksolta ennen tapahtumaa, kun tulot realisoituvat vasta aivan tapahtuman kynnyksell\u00e4 tai jopa sen j\u00e4lkeen.\u00a0Hallitukselta tarvitaan pikaisesti toimia, joilla pystyt\u00e4\u00e4n edesauttamaan messualan ty\u00f6paikkojen pelastamista ja parantamaan toimintaedellytyksi\u00e4 koronasta huolimatta. \u00a0<\/p>\n\n\n\n<p>Edell\u00e4 olevan perusteella ja eduskunnan ty\u00f6j\u00e4rjestyksen 27 \u00a7:\u00e4\u00e4n viitaten esit\u00e4n asianomaisen ministerin vastattavaksi seuraavan kysymyksen:<\/p>\n\n\n\n<p><em>Mihin toimiin hallitus ryhtyy tapahtumatoimialan toimintaedellytysten turvaamiseksi koronaepidemian aikana,\u00a0miten hallitus huomioi tapahtumatoimialan jatkuvuuden koronaepidemian rajoituksissa ja toimintaohjeissa ja\u00a0miten hallitus huomioi eduskunnan hyv\u00e4ksym\u00e4n talousvaliokunnan mietinn\u00f6n kirjauksen koronarajoituksista eniten k\u00e4rsineiden toimialojen erityispiirteiden huomioimisesta yritysten kustannustuessa?\u00a0<\/em>\u00a0<\/p>\n\n\n\n<p>Helsingiss\u00e4 2.9.2020\u00a0<\/p>\n\n\n\n<p>SariSarkomaa kok <\/p>\n","protected":false},"excerpt":{"rendered":"<p>Eduskunnan puhemiehelle Koronapandemia on osunut toimialoista rajuimmin tapahtumatoimialaan. Maaliskuun 13. p\u00e4iv\u00e4n\u00e4 hallitus kielsi yleis\u00f6tilaisuuksien j\u00e4rjest\u00e4misen. Maamme messukeskukset tyhjeniv\u00e4t, eik\u00e4 messutapahtumia ole halleissa sen j\u00e4lkeen j\u00e4rjestetty. \u00a0 Suomessa toimivia ammattimaisia messuj\u00e4rjest\u00e4ji\u00e4 edustava Messu- ja tapahtumaj\u00e4rjest\u00e4j\u00e4t ry on yhdess\u00e4 yhdistyksen j\u00e4senyritysten kanssa vedonnut maan hallitukseen messu- ja tapahtumatoimialan toimijoiden huomioimiseksi yritystukij\u00e4rjestelyiss\u00e4 sek\u00e4 messualan toimintaedellytysten huomioimisesta koronaepidemian rajoitustoimissa. <a href=\"https:\/\/www.sarisarkomaa.fi\/?p=8869\" class=\"more-link\">...jatka lukemista<span class=\"screen-reader-text\"> \"Kirjallinen kysymys tapahtumatoimialan toimintaedellytysten edist\u00e4misest\u00e4 koronaepidemian aikana ja toimialan huomioimisesta koronaepidemian rajoitustoimissa\"<\/span><\/a><\/p>\n","protected":false},"author":1,"featured_media":0,"comment_status":"closed","ping_status":"open","sticky":false,"template":"","format":"standard","meta":[],"categories":[5],"tags":[],"_links":{"self":[{"href":"https:\/\/www.sarisarkomaa.fi\/index.php?rest_route=\/wp\/v2\/posts\/8869"}],"collection":[{"href":"https:\/\/www.sarisarkomaa.fi\/index.php?rest_route=\/wp\/v2\/posts"}],"about":[{"href":"https:\/\/www.sarisarkomaa.fi\/index.php?rest_route=\/wp\/v2\/types\/post"}],"author":[{"embeddable":true,"href":"https:\/\/www.sarisarkomaa.fi\/index.php?rest_route=\/wp\/v2\/users\/1"}],"replies":[{"embeddable":true,"href":"https:\/\/www.sarisarkomaa.fi\/index.php?rest_route=%2Fwp%2Fv2%2Fcomments&post=8869"}],"version-history":[{"count":1,"href":"https:\/\/www.sarisarkomaa.fi\/index.php?rest_route=\/wp\/v2\/posts\/8869\/revisions"}],"predecessor-version":[{"id":8870,"href":"https:\/\/www.sarisarkomaa.fi\/index.php?rest_route=\/wp\/v2\/posts\/8869\/revisions\/8870"}],"wp:attachment":[{"href":"https:\/\/www.sarisarkomaa.fi\/index.php?rest_route=%2Fwp%2Fv2%2Fmedia&parent=8869"}],"wp:term":[{"taxonomy":"category","embeddable":true,"href":"https:\/\/www.sarisarkomaa.fi\/index.php?rest_route=%2Fwp%2Fv2%2Fcategories&post=8869"},{"taxonomy":"post_tag","embeddable":true,"href":"https:\/\/www.sarisarkomaa.fi\/index.php?rest_route=%2Fwp%2Fv2%2Ftags&post=8869"}],"curies":[{"name":"wp","href":"https:\/\/api.w.org\/{rel}","templated":true}]}}