{"id":8890,"date":"2020-09-15T11:40:59","date_gmt":"2020-09-15T09:40:59","guid":{"rendered":"https:\/\/www.sarisarkomaa.fi\/?p=8890"},"modified":"2020-09-15T11:41:01","modified_gmt":"2020-09-15T09:41:01","slug":"kokoomuksen-sarkomaa-terapiatakuu-osaksi-hallituksen-budjettiriihessa-puimia-tyollisyystoimia","status":"publish","type":"post","link":"https:\/\/www.sarisarkomaa.fi\/?p=8890","title":{"rendered":"Kokoomuksen Sarkomaa: Terapiatakuu osaksi hallituksen budjettiriihess\u00e4 puimia ty\u00f6llisyystoimia"},"content":{"rendered":"\n<p>Tiedote 15.9.2020<\/p>\n\n\n\n<p>Julkaisuvapaa heti<\/p>\n\n\n\n<p>Kokoomuksen kansanedustaja, eduskuntaryhm\u00e4n varapuheenjohtaja Sari Sarkomaa vetoaa hallitukseen, jotta se ottaisi terapiatakuun toteuttamisen osaksi ty\u00f6llisyystoimia, joista hallitus p\u00e4\u00e4tt\u00e4\u00e4 budjettiriihess\u00e4. Ilman panostamista mielenterveyspalveluihin on vaikea saavuttaa hallitusohjelman tavoitetta\u00a075 prosentin ty\u00f6llisyysastetta 2023 menness\u00e4.<\/p>\n\n\n\n<p>Terapiatakuu\non kaikkien puolueiden kannattama ja se ker\u00e4si laajan kansalaisten tuen\nkansalaisaloitteena. Koronakriisin my\u00f6t\u00e4 saavutettavien mielenterveyspalveluiden\ntarve on entisest\u00e4\u00e4n korostunut. Vastuuministeri Kiuru on eduskunnan\nkyselytunnilla vakuuttanut kannattavansa terapiatakuu- aloitetta. Hallitukselta\non kaikki syyt odottaa p\u00e4\u00e4t\u00f6ksi\u00e4 asiassa.<\/p>\n\n\n\n<p>Sarkomaa\non j\u00e4tt\u00e4nyt t\u00e4n\u00e4\u00e4n toimenpidealoitteen terapiatakuun tavoitteiden&nbsp;toteuttamisesta\nja terapiatakuun ottamisesta osaksi ty\u00f6llisyystoimia&nbsp;vauhdittaakseen hallitusta tekem\u00e4\u00e4n\np\u00e4\u00e4t\u00f6ksi\u00e4.&nbsp;Sarkomaa haluaa aloitteella vauhdittaa my\u00f6s\nterapiatakuuta koskevan kansalaisaloitteen k\u00e4sittely\u00e4. Suomalaisten\nhyvinvoinnille t\u00e4rke\u00e4\u00e4 asiaa ei saa yritt\u00e4\u00e4 haudata koronan varjolla.&nbsp;<\/p>\n\n\n\n<p>\u201dMielenterveyden\nsairaudet ovat Suomessa yleisin ty\u00f6kyvytt\u00f6myysel\u00e4kkeelle siirtymisen ja valtava\nsyrj\u00e4ytymisen syy.&nbsp;Suurin kansansairautemme aiheuttaa mittavan m\u00e4\u00e4r\u00e4n\nmenetettyj\u00e4 ty\u00f6tunteja, pudottaa nuoria koulutuspolulta ja est\u00e4\u00e4 ihmisi\u00e4\ntekem\u00e4st\u00e4 ty\u00f6t\u00e4 sek\u00e4 toteuttamasta unelmiaan,\u201d Sarkomaa huolehtii.<\/p>\n\n\n\n<p>Paremmalla hoitoon p\u00e4\u00e4syll\u00e4 ja\nennaltaehk\u00e4isevill\u00e4 toimilla on mahdollista v\u00e4hent\u00e4\u00e4 tuhansien ihmisten\nvuosittaista syrj\u00e4ytymist\u00e4,&nbsp;siirtymist\u00e4 ty\u00f6kyvytt\u00f6myysel\u00e4kkeelle ja\nv\u00e4hent\u00e4\u00e4 merkitt\u00e4v\u00e4sti mielenterveysperustaisia ty\u00f6poissaoloja sek\u00e4 opintojen\nkeskeytymisi\u00e4. Mielenterveyspoolin arvion mukaan peruspalveluissa varhain\naloitettu hoito voisi auttaa siirt\u00e4m\u00e4\u00e4n vuosittain jopa 7500 suomalaista\nsosiaalietuuksien piirist\u00e4 ty\u00f6el\u00e4m\u00e4\u00e4n, mik\u00e4 vastaa hallituskauden aikana 30 000\nuutta ty\u00f6llistynytt\u00e4.<\/p>\n\n\n\n<p>Terapiatakuun\ntoteuttaminen tarkoittaa sit\u00e4, ett\u00e4 Suomeen&nbsp;rakennettaisiin tehokas\nmielenterveyshoidon perustaso osaksi nykyisi\u00e4 terveyskeskuksia. N\u00e4in hoitoa\nolisi saatavilla matalla&nbsp;kynnyksell\u00e4 yhdenvertaisesti ja\noikea-aikaisemmin.<\/p>\n\n\n\n<p>Terapiatakuun\ntoteuttamisen edellytt\u00e4m\u00e4t m\u00e4\u00e4r\u00e4rahat sis\u00e4ltyiv\u00e4t kokoomuksen t\u00e4m\u00e4n vuoden\nvaihtoehtobudjettiin.&nbsp;<\/p>\n\n\n\n<p>Lis\u00e4tiedot<\/p>\n\n\n\n<p>Sari\nSarkomaa, puh.&nbsp;<a href=\"tel:050%20511%203033\">050 511 3033<\/a><\/p>\n\n\n\n<p>Kansanedustaja<\/p>\n\n\n\n<p>Kokoomuksen\neduskuntaryhm\u00e4n varapuheenjohtaja<\/p>\n","protected":false},"excerpt":{"rendered":"<p>Tiedote 15.9.2020 Julkaisuvapaa heti Kokoomuksen kansanedustaja, eduskuntaryhm\u00e4n varapuheenjohtaja Sari Sarkomaa vetoaa hallitukseen, jotta se ottaisi terapiatakuun toteuttamisen osaksi ty\u00f6llisyystoimia, joista hallitus p\u00e4\u00e4tt\u00e4\u00e4 budjettiriihess\u00e4. Ilman panostamista mielenterveyspalveluihin on vaikea saavuttaa hallitusohjelman tavoitetta\u00a075 prosentin ty\u00f6llisyysastetta 2023 menness\u00e4. Terapiatakuu on kaikkien puolueiden kannattama ja se ker\u00e4si laajan kansalaisten tuen kansalaisaloitteena. Koronakriisin my\u00f6t\u00e4 saavutettavien mielenterveyspalveluiden tarve on entisest\u00e4\u00e4n korostunut. <a href=\"https:\/\/www.sarisarkomaa.fi\/?p=8890\" class=\"more-link\">...jatka lukemista<span class=\"screen-reader-text\"> \"Kokoomuksen Sarkomaa: Terapiatakuu osaksi hallituksen budjettiriihess\u00e4 puimia ty\u00f6llisyystoimia\"<\/span><\/a><\/p>\n","protected":false},"author":1,"featured_media":0,"comment_status":"closed","ping_status":"open","sticky":false,"template":"","format":"standard","meta":[],"categories":[4],"tags":[],"_links":{"self":[{"href":"https:\/\/www.sarisarkomaa.fi\/index.php?rest_route=\/wp\/v2\/posts\/8890"}],"collection":[{"href":"https:\/\/www.sarisarkomaa.fi\/index.php?rest_route=\/wp\/v2\/posts"}],"about":[{"href":"https:\/\/www.sarisarkomaa.fi\/index.php?rest_route=\/wp\/v2\/types\/post"}],"author":[{"embeddable":true,"href":"https:\/\/www.sarisarkomaa.fi\/index.php?rest_route=\/wp\/v2\/users\/1"}],"replies":[{"embeddable":true,"href":"https:\/\/www.sarisarkomaa.fi\/index.php?rest_route=%2Fwp%2Fv2%2Fcomments&post=8890"}],"version-history":[{"count":1,"href":"https:\/\/www.sarisarkomaa.fi\/index.php?rest_route=\/wp\/v2\/posts\/8890\/revisions"}],"predecessor-version":[{"id":8891,"href":"https:\/\/www.sarisarkomaa.fi\/index.php?rest_route=\/wp\/v2\/posts\/8890\/revisions\/8891"}],"wp:attachment":[{"href":"https:\/\/www.sarisarkomaa.fi\/index.php?rest_route=%2Fwp%2Fv2%2Fmedia&parent=8890"}],"wp:term":[{"taxonomy":"category","embeddable":true,"href":"https:\/\/www.sarisarkomaa.fi\/index.php?rest_route=%2Fwp%2Fv2%2Fcategories&post=8890"},{"taxonomy":"post_tag","embeddable":true,"href":"https:\/\/www.sarisarkomaa.fi\/index.php?rest_route=%2Fwp%2Fv2%2Ftags&post=8890"}],"curies":[{"name":"wp","href":"https:\/\/api.w.org\/{rel}","templated":true}]}}