{"id":8999,"date":"2020-10-05T08:20:26","date_gmt":"2020-10-05T06:20:26","guid":{"rendered":"https:\/\/www.sarisarkomaa.fi\/?p=8999"},"modified":"2020-10-05T08:20:28","modified_gmt":"2020-10-05T06:20:28","slug":"kokoomusedustajat-oppivelvollisuuden-pidentamiselle-on-parempi-vaihtoehto","status":"publish","type":"post","link":"https:\/\/www.sarisarkomaa.fi\/?p=8999","title":{"rendered":"Kokoomusedustajat: Oppivelvollisuuden pident\u00e4miselle on parempi vaihtoehto"},"content":{"rendered":"\n<p>TIEDOTE 4.10.2020<br>Julkaisuvapaa heti<\/p>\n\n\n\n<p>T\u00e4ll\u00e4 viikolla eduskunnassa on k\u00e4yty v\u00e4likysymyskeskustelu hallituksen ty\u00f6llisyys- ja talouspolitiikasta. Hallituspuolueiden edustajien puheenvuorossa korostettiin oppivelvollisuuden laajentamista ty\u00f6llisyystoimena. Kokoomuksen <strong>Paula Risikko<\/strong>, <strong>Sari Multala<\/strong> sek\u00e4 <strong>Sari Sarkomaa<\/strong> ovat huolissaan hallituksen todellisuudentajusta.<\/p>\n\n\n\n<p>\u201dHallitus v\u00e4itt\u00e4\u00e4\nty\u00f6llisyystoimeksi keinoa, jonka t\u00e4ysim\u00e4\u00e4r\u00e4iset ty\u00f6llisyysvaikutukset n\u00e4kyv\u00e4t\nvasta vuonna 2065. Meill\u00e4 ei ole l\u00e4hes viitt\u00e4kymment\u00e4 vuotta aikaa odotella,\nett\u00e4 ty\u00f6llisyytt\u00e4 t\u00e4ss\u00e4 maassa vahvistetaan. Tekojen aika on nyt!\u201d edustajat\ntoteavat.<\/p>\n\n\n\n<p>Hallituksen arvion mukaan\noppivelvollisuuden laajentaminen vahvistaa vuosikymmenen lopussa ty\u00f6llisyytt\u00e4\n1600 henkil\u00f6ll\u00e4. Ja viidenkymmenen vuoden p\u00e4\u00e4st\u00e4 mahdollinen vaikutus on\n15&nbsp;000 ty\u00f6llist\u00e4. Hallituksen ehdotus oppivelvollisuusi\u00e4n nostamiseksi ei\ntakaa, ett\u00e4 jokainen nuori suorittaa toisen asteen tutkinnon loppuun. Sill\u00e4 ei\npuututa my\u00f6sk\u00e4\u00e4n toisen asteen koulutuksen keskeytt\u00e4miseen. Ehdotuksen mukaan\noppivelvollisuus p\u00e4\u00e4ttyy sin\u00e4 p\u00e4iv\u00e4n\u00e4, kun nuori t\u00e4ytt\u00e4\u00e4 18 vuotta. Toisen\nasteen koulutus kuitenkin jatkuu siit\u00e4 viel\u00e4 noin vuoden. <\/p>\n\n\n\n<p>\u201dOletukset esityksen laskelmien\ntaustalla ovat huterat ja todella kaukana todellisuudesta. Panostukset on\nlaitettava jo peruskouluihin, jotta jokainen peruskoulun p\u00e4\u00e4tt\u00e4nyt saa\nriitt\u00e4v\u00e4t tiedot ja taidot p\u00e4rj\u00e4t\u00e4 toisella asteella. Toinen toimien painopiste\non oltava toisen asteen koulutuksen keskeytt\u00e4misuhan alla olevissa nuorissa.\nHallitus n\u00e4ytt\u00e4\u00e4 unohtaneen n\u00e4m\u00e4 nuoret kokonaan\u201d, jatkavat edustajat.<\/p>\n\n\n\n<p>Eri arvioiden mukaan tulossa oleva,\naliresursoitu oppivelvollisuuden laajentaminen tulee kaiken kukkuraksi\njohtamaan tilanteeseen, jossa kunnat joutuvat leikkaamaan varhaiskasvatuksesta\nja perusopetuksesta. T\u00e4m\u00e4 tarkoittaa suurempia ryhm\u00e4kokoja ja v\u00e4hemm\u00e4n\noppimisen tukea.<\/p>\n\n\n\n<p>Hallituksen harjoittamalle\nkoulutuspolitiikalle on vaihtoehto saavuttaa sama tavoite. On huonoa\nlainvalmistelua, ett\u00e4 opetus- ja kulttuuriministeri\u00f6 ei ole kuunnellut alan\nparhaita asiantuntijoita vaan perustelee uudistusta pelk\u00e4st\u00e4\u00e4n taloustieteellisest\u00e4\nn\u00e4k\u00f6kulmasta.<\/p>\n\n\n\n<p>\u201dKokoomus panostaisi voimakkaasti\nvarhaisiin vuosiin ja nuorten tukemiseen koko koulupolun ajan r\u00e4\u00e4t\u00e4l\u00f6idysti.\nHallitus paikkaa laastarilla avohaavaa aivan liian my\u00f6h\u00e4isess\u00e4 vaiheessa.\nUudistuksen resurssit eiv\u00e4t kohdistu niille nuorille, jotka eniten tukea\ntarvitsevat\u201d, p\u00e4\u00e4tt\u00e4v\u00e4t edustajat.<\/p>\n\n\n\n<p><strong>Lis\u00e4tietoja:<\/strong><\/p>\n\n\n\n<p>Paula Risikko, p. 050&nbsp;511 3107<br>\nSari Multala, p. 040&nbsp;531 7104<br>\nSari Sarkomaa, p. 050 511 3033<\/p>\n","protected":false},"excerpt":{"rendered":"<p>TIEDOTE 4.10.2020Julkaisuvapaa heti T\u00e4ll\u00e4 viikolla eduskunnassa on k\u00e4yty v\u00e4likysymyskeskustelu hallituksen ty\u00f6llisyys- ja talouspolitiikasta. Hallituspuolueiden edustajien puheenvuorossa korostettiin oppivelvollisuuden laajentamista ty\u00f6llisyystoimena. Kokoomuksen Paula Risikko, Sari Multala sek\u00e4 Sari Sarkomaa ovat huolissaan hallituksen todellisuudentajusta. \u201dHallitus v\u00e4itt\u00e4\u00e4 ty\u00f6llisyystoimeksi keinoa, jonka t\u00e4ysim\u00e4\u00e4r\u00e4iset ty\u00f6llisyysvaikutukset n\u00e4kyv\u00e4t vasta vuonna 2065. Meill\u00e4 ei ole l\u00e4hes viitt\u00e4kymment\u00e4 vuotta aikaa odotella, ett\u00e4 ty\u00f6llisyytt\u00e4 t\u00e4ss\u00e4 maassa <a href=\"https:\/\/www.sarisarkomaa.fi\/?p=8999\" class=\"more-link\">...jatka lukemista<span class=\"screen-reader-text\"> \"Kokoomusedustajat: Oppivelvollisuuden pident\u00e4miselle on parempi vaihtoehto\"<\/span><\/a><\/p>\n","protected":false},"author":1,"featured_media":0,"comment_status":"closed","ping_status":"open","sticky":false,"template":"","format":"standard","meta":[],"categories":[4],"tags":[],"_links":{"self":[{"href":"https:\/\/www.sarisarkomaa.fi\/index.php?rest_route=\/wp\/v2\/posts\/8999"}],"collection":[{"href":"https:\/\/www.sarisarkomaa.fi\/index.php?rest_route=\/wp\/v2\/posts"}],"about":[{"href":"https:\/\/www.sarisarkomaa.fi\/index.php?rest_route=\/wp\/v2\/types\/post"}],"author":[{"embeddable":true,"href":"https:\/\/www.sarisarkomaa.fi\/index.php?rest_route=\/wp\/v2\/users\/1"}],"replies":[{"embeddable":true,"href":"https:\/\/www.sarisarkomaa.fi\/index.php?rest_route=%2Fwp%2Fv2%2Fcomments&post=8999"}],"version-history":[{"count":1,"href":"https:\/\/www.sarisarkomaa.fi\/index.php?rest_route=\/wp\/v2\/posts\/8999\/revisions"}],"predecessor-version":[{"id":9000,"href":"https:\/\/www.sarisarkomaa.fi\/index.php?rest_route=\/wp\/v2\/posts\/8999\/revisions\/9000"}],"wp:attachment":[{"href":"https:\/\/www.sarisarkomaa.fi\/index.php?rest_route=%2Fwp%2Fv2%2Fmedia&parent=8999"}],"wp:term":[{"taxonomy":"category","embeddable":true,"href":"https:\/\/www.sarisarkomaa.fi\/index.php?rest_route=%2Fwp%2Fv2%2Fcategories&post=8999"},{"taxonomy":"post_tag","embeddable":true,"href":"https:\/\/www.sarisarkomaa.fi\/index.php?rest_route=%2Fwp%2Fv2%2Ftags&post=8999"}],"curies":[{"name":"wp","href":"https:\/\/api.w.org\/{rel}","templated":true}]}}