{"id":9051,"date":"2020-10-29T11:16:21","date_gmt":"2020-10-29T09:16:21","guid":{"rendered":"https:\/\/www.sarisarkomaa.fi\/?p=9051"},"modified":"2020-10-29T11:16:23","modified_gmt":"2020-10-29T09:16:23","slug":"kirjallinen-kysymys-koronaepidemiasta-johtuvien-suojavarusteiden-kayton-lisakustannusten-korvaamisesta-hyvinvointipalveluita-julkiselle-sektorille-tuottaville-jarjestoille-ja-yrityksille","status":"publish","type":"post","link":"https:\/\/www.sarisarkomaa.fi\/?p=9051","title":{"rendered":"Kirjallinen kysymys koronaepidemiasta johtuvien suojavarusteiden k\u00e4yt\u00f6n lis\u00e4kustannusten korvaamisesta hyvinvointipalveluita julkiselle sektorille tuottaville j\u00e4rjest\u00f6ille ja yrityksille"},"content":{"rendered":"\n<p>Eduskunnan\npuhemiehelle<\/p>\n\n\n\n<p>Suojamateriaalien\nkulutus hyvinvointipalveluissa on moninkertaistunut koronaviruspandemian\naikana. T\u00e4st\u00e4 on aiheutunut mittavat lis\u00e4kustannukset\nn\u00e4it\u00e4 palveluita tuottaville j\u00e4rjest\u00f6ille ja yrityksille.&nbsp;Normaaliolosuhteista poikkeava suojautuminen jatkunee\nviel\u00e4 ensi kes\u00e4\u00e4n, mahdollisesti kauemminkin. <\/p>\n\n\n\n<p>Hallitus on luvannut korvata t\u00e4ysim\u00e4\u00e4r\u00e4isesti\nkunnille ja kuntayhtymille koronapandemiasta aiheutuneet lis\u00e4kustannukset. <\/p>\n\n\n\n<p>Kustannusten korvaamisesta my\u00f6s yksityisen\nsektorin toimijoille silloin, kun ne tuottavat kuntien j\u00e4rjest\u00e4misvastuulla\nolevia palveluja tarvitaan viipym\u00e4tt\u00e4&nbsp;kansallinen p\u00e4\u00e4t\u00f6s. Kunnat ja kuntayhtym\u00e4t ovat vastuussa ik\u00e4ihmisten ja\nmuiden ns. erityisryhmien palveluiden j\u00e4rjest\u00e4misest\u00e4. Yksityiset\npalveluntuottajat hoitavat kuntien j\u00e4rjest\u00e4misvastuulla olevia asiakkaita.\nEsimerkiksi joka toinen hoidossa oleva ik\u00e4ihminen asuu ja hoidetaan\nyksityisess\u00e4 palvelutalossa. Kansalaisten tulee olla samanarvoisessa asemassa\nhoitajatahosta riippumatta. <\/p>\n\n\n\n<p>Suojautumisesta\naiheutuva merkitt\u00e4v\u00e4 kustannuspaine voi pahimmassa tapauksessa vaarantaa\npalvelutuotannon jatkuvuuden ja palveluiden saatavuuden sek\u00e4 ty\u00f6paikkojen\ns\u00e4ilymisen.<\/p>\n\n\n\n<p>Sosiaali-\nja terveysministeri\u00f6n 30.6.2020 antamassa kuntainfossa on todettu, ett\u00e4\nkoronavirustilanteessa lis\u00e4\u00e4ntyneen henkil\u00f6suojainten k\u00e4yt\u00f6n kustannusten\nkorvaaminen yksityisille toimijoille perustuu ensisijaisesti palvelun\nj\u00e4rjest\u00e4j\u00e4n ja tuottajan v\u00e4lisiin sopimuksiin silloin, kun sote-palvelu on kunnan\nj\u00e4rjest\u00e4misvastuulla. Sosiaali- ja terveysministeri\u00f6 on esitt\u00e4nyt, ett\u00e4\ntarvittaessa sopimuksia on avattava ja asiasta on neuvoteltava paikallisesti.\nMik\u00e4li palvelun j\u00e4rjest\u00e4j\u00e4n ja tuottajan v\u00e4liset sopimukset ovat puutteellisia,\non palvelun j\u00e4rjest\u00e4j\u00e4n viime k\u00e4dess\u00e4 vastattava suojainten saatavuudesta osana\nasianmukaista hoitoa.<\/p>\n\n\n\n<p>Hallitus\non p\u00e4\u00e4tt\u00e4nyt korvata kunnille koronaviruksesta aiheutuvia ylim\u00e4\u00e4r\u00e4isi\u00e4\nkustannuksia. Kuntien tukemisen kokonaisuus nelj\u00e4nness\u00e4\nlis\u00e4talousarvioesityksess\u00e4 on yhteens\u00e4 noin 1,4 miljardia euroa (2.6.2020),\nmik\u00e4 sis\u00e4lt\u00e4\u00e4 my\u00f6s suojainkustannuksia.<\/p>\n\n\n\n<p>Kuntaministeri\nSirpa Paatero on&nbsp;5.10.2020 annetussa\nkunnat-uutiskirjeess\u00e4&nbsp;todennut,&nbsp;ett\u00e4 kuntien tekem\u00e4t koronatestit,\nmaskit, suojavarusteet ja muut koronaan v\u00e4litt\u00f6m\u00e4sti liittyv\u00e4t kustannukset\nkorvataan.&nbsp;<\/p>\n\n\n\n<p>Kustannusten korvaamisesta yksityisen sektorin\ntoimijoille silloin, kun ne hoitavat julkisen sektorin asiakkaita, tarvitaan\nmy\u00f6s&nbsp;kansallinen p\u00e4\u00e4t\u00f6s.<\/p>\n\n\n\n<p>Yhdenvertaisuuden n\u00e4k\u00f6kulmasta on perusteltua p\u00e4\u00e4tt\u00e4\u00e4\nsuojautumisen kustannusten korvaamisesta ja korvaustasosta yhten\u00e4isin\nkansallisin perustein kaikille hyvinvointipalveluita julkiselle sektorille\ntuottaville toimijoille, kuten&nbsp;j\u00e4rjest\u00f6ille ja yrityksille.&nbsp;Esimerkiksi\nRuotsissa hallitus antoi jo toukokuussa asetuksen, jonka mukaan my\u00f6s\nyksityisille palveluntuottajille on maksettava t\u00e4ysi korvaus koronan\naiheuttamista lis\u00e4kustannuksista. <\/p>\n\n\n\n<p>Selke\u00e4n\nkansallisen ohjeistuksen my\u00f6t\u00e4 kuntien ja kuntayhtymien ei tarvitsisi erikseen\nneuvotella jokaisen palveluntuottajan kanssa suojautumisesta aiheutuneiden\nlis\u00e4kustannusten korvaamisesta.<\/p>\n\n\n\n<p>Korvausp\u00e4\u00e4t\u00f6ksen j\u00e4lkeen sosiaali- ja\nterveysministeri\u00f6 on perusteltua velvoittaa ohjeistamaan kuntia ja kuntayhtymi\u00e4\nsek\u00e4 Kelaa kyseisten korvausten maksamisesta yhten\u00e4isin perustein.&nbsp;<\/p>\n\n\n\n<p>Edell\u00e4\nolevan perusteella ja eduskunnan ty\u00f6j\u00e4rjestyksen 27 \u00a7:\u00e4\u00e4n viitaten esit\u00e4n \/\nesit\u00e4mme asianomaisen ministerin vastattavaksi seuraavan kysymyksen:<\/p>\n\n\n\n<p><em>Mihin toimenpiteisiin\nhallitus ryhtyy koronaepidemiasta aiheutuvien suojavarusteiden k\u00e4yt\u00f6n\nlis\u00e4kustannusten oikeudenmukaiseksi korvaamiseksi julkiselle sektorille\nhyvinvointipalveluita tuottaville toimijoille, kuten j\u00e4rjest\u00f6ille ja\nyrityksille?&nbsp;<\/em><\/p>\n\n\n\n<p>Helsingiss\u00e4 30.10.2020<\/p>\n\n\n\n<p>\u00ad\u00ad\u00ad\u00ad\u00ad\u00ad\u00ad\u00ad\u00ad\u00ad\u00ad\u00ad\u00ad\u00ad\u00ad\u00ad\u00ad\u00ad\u00ad\u00ad\u00ad\u00ad\u00ad\u00ad\u00ad\u00ad\u00ad\u00ad\u00ad_______________________________<\/p>\n\n\n\n<p>Sari\nSarkomaa [kok]<\/p>\n","protected":false},"excerpt":{"rendered":"<p>Eduskunnan puhemiehelle Suojamateriaalien kulutus hyvinvointipalveluissa on moninkertaistunut koronaviruspandemian aikana. T\u00e4st\u00e4 on aiheutunut mittavat lis\u00e4kustannukset n\u00e4it\u00e4 palveluita tuottaville j\u00e4rjest\u00f6ille ja yrityksille.&nbsp;Normaaliolosuhteista poikkeava suojautuminen jatkunee viel\u00e4 ensi kes\u00e4\u00e4n, mahdollisesti kauemminkin. Hallitus on luvannut korvata t\u00e4ysim\u00e4\u00e4r\u00e4isesti kunnille ja kuntayhtymille koronapandemiasta aiheutuneet lis\u00e4kustannukset. Kustannusten korvaamisesta my\u00f6s yksityisen sektorin toimijoille silloin, kun ne tuottavat kuntien j\u00e4rjest\u00e4misvastuulla olevia palveluja tarvitaan viipym\u00e4tt\u00e4&nbsp;kansallinen <a href=\"https:\/\/www.sarisarkomaa.fi\/?p=9051\" class=\"more-link\">...jatka lukemista<span class=\"screen-reader-text\"> \"Kirjallinen kysymys koronaepidemiasta johtuvien suojavarusteiden k\u00e4yt\u00f6n lis\u00e4kustannusten korvaamisesta hyvinvointipalveluita julkiselle sektorille tuottaville j\u00e4rjest\u00f6ille ja yrityksille\"<\/span><\/a><\/p>\n","protected":false},"author":1,"featured_media":0,"comment_status":"closed","ping_status":"open","sticky":false,"template":"","format":"standard","meta":[],"categories":[5],"tags":[],"_links":{"self":[{"href":"https:\/\/www.sarisarkomaa.fi\/index.php?rest_route=\/wp\/v2\/posts\/9051"}],"collection":[{"href":"https:\/\/www.sarisarkomaa.fi\/index.php?rest_route=\/wp\/v2\/posts"}],"about":[{"href":"https:\/\/www.sarisarkomaa.fi\/index.php?rest_route=\/wp\/v2\/types\/post"}],"author":[{"embeddable":true,"href":"https:\/\/www.sarisarkomaa.fi\/index.php?rest_route=\/wp\/v2\/users\/1"}],"replies":[{"embeddable":true,"href":"https:\/\/www.sarisarkomaa.fi\/index.php?rest_route=%2Fwp%2Fv2%2Fcomments&post=9051"}],"version-history":[{"count":1,"href":"https:\/\/www.sarisarkomaa.fi\/index.php?rest_route=\/wp\/v2\/posts\/9051\/revisions"}],"predecessor-version":[{"id":9052,"href":"https:\/\/www.sarisarkomaa.fi\/index.php?rest_route=\/wp\/v2\/posts\/9051\/revisions\/9052"}],"wp:attachment":[{"href":"https:\/\/www.sarisarkomaa.fi\/index.php?rest_route=%2Fwp%2Fv2%2Fmedia&parent=9051"}],"wp:term":[{"taxonomy":"category","embeddable":true,"href":"https:\/\/www.sarisarkomaa.fi\/index.php?rest_route=%2Fwp%2Fv2%2Fcategories&post=9051"},{"taxonomy":"post_tag","embeddable":true,"href":"https:\/\/www.sarisarkomaa.fi\/index.php?rest_route=%2Fwp%2Fv2%2Ftags&post=9051"}],"curies":[{"name":"wp","href":"https:\/\/api.w.org\/{rel}","templated":true}]}}