{"id":9054,"date":"2020-10-29T12:23:35","date_gmt":"2020-10-29T10:23:35","guid":{"rendered":"https:\/\/www.sarisarkomaa.fi\/?p=9054"},"modified":"2020-10-29T12:23:37","modified_gmt":"2020-10-29T10:23:37","slug":"kokoomuksen-sarkomaa-suojavarustekorvaukset-oikeudenmukaisesti-hyvinvointipalveluita-julkiselle-sektorille-tuottaville-jarjestoille-ja-yrityksille","status":"publish","type":"post","link":"https:\/\/www.sarisarkomaa.fi\/?p=9054","title":{"rendered":"Kokoomuksen Sarkomaa: Suojavarustekorvaukset oikeudenmukaisesti hyvinvointipalveluita julkiselle sektorille tuottaville j\u00e4rjest\u00f6ille ja yrityksille"},"content":{"rendered":"\n<p>Tiedote 29.10<\/p>\n\n\n\n<p>Julkaisuvapaa heti<strong><br><\/strong><\/p>\n\n\n\n<p>Kansanedustaja ja kokoomuksen eduskuntaryhm\u00e4n varapuheenjohtaja Sari Sarkomaa\u00a0on j\u00e4tt\u00e4nyt <a href=\"https:\/\/www.sarisarkomaa.fi\/?p=9051\">kirjallisen kysymyksen<\/a> koronaepidemian aiheuttamasta suojavarusteiden k\u00e4yt\u00f6st\u00e4 aiheutuvien lis\u00e4kustannusten korvaamisesta, silloin kun kyse on kuntien tai kuntayhtymien j\u00e4rjest\u00e4misvastuulla olevista yksityisen toimijan kuten j\u00e4rjest\u00f6jen ja yritysten tuottamista hyvinvointipalveluista. Sarkomaa per\u00e4\u00e4nkuuluttaa hallitukselta toimia suojavarusteiden k\u00e4yt\u00f6n lis\u00e4kustannusten oikeudenmukaiseksi korvaamiseksi. \u00a0<\/p>\n\n\n\n<p>Hallitus on\nluvannut korvata t\u00e4ysim\u00e4\u00e4r\u00e4isesti kunnille ja kuntayhtymille koronapandemiasta\naiheutuneet lis\u00e4kustannukset. <\/p>\n\n\n\n<p>\u201dKustannusten\nkorvaamisesta my\u00f6s yksityisen sektorin toimijoille silloin, kun ne tuottavat\nkuntien j\u00e4rjest\u00e4misvastuulla olevia palveluja tarvitaan\nviipym\u00e4tt\u00e4&nbsp;kansallinen p\u00e4\u00e4t\u00f6s. Esimerkiksi joka\ntoinen hoidossa oleva ik\u00e4ihminen asuu ja hoidetaan yksityisess\u00e4 palvelutalossa.\nKansalaisten tulee olla samanarvoisessa asemassa riippumatta\npalveluntuottajatahosta,\u201d Sarkomaa toteaa.<\/p>\n\n\n\n<p>Suojamateriaalien\nkulutus hyvinvointipalveluissa on moninkertaistunut koronaviruspandemian\naikana. T\u00e4st\u00e4 on aiheutunut mittavat lis\u00e4kustannukset n\u00e4it\u00e4 palveluita\ntuottaville kuten j\u00e4rjest\u00f6ille ja yrityksille.&nbsp;Suojautumisesta\naiheutuva merkitt\u00e4v\u00e4 kustannuspaine voi pahimmassa tapauksessa vaarantaa\npalvelutuotannon jatkuvuuden ja palveluiden saatavuuden sek\u00e4 ty\u00f6paikkojen\ns\u00e4ilymisen.<\/p>\n\n\n\n<p>Sosiaali- ja\nterveysministeri\u00f6n 30.6.2020 antamassa kuntainfossa on todettu, ett\u00e4\nkoronavirustilanteessa lis\u00e4\u00e4ntyneen henkil\u00f6suojainten k\u00e4yt\u00f6n kustannusten\nkorvaaminen yksityisille toimijoille perustuu ensisijaisesti palvelun\nj\u00e4rjest\u00e4j\u00e4n ja tuottajan v\u00e4lisiin sopimuksiin silloin, kun sote-palvelu on\nkunnan j\u00e4rjest\u00e4misvastuulla. Sosiaali- ja terveysministeri\u00f6 on esitt\u00e4nyt, ett\u00e4\ntarvittaessa sopimuksia on avattava ja asiasta on neuvoteltava paikallisesti.\nMik\u00e4li palvelun j\u00e4rjest\u00e4j\u00e4n ja tuottajan v\u00e4liset sopimukset ovat puutteellisia,\non palvelun j\u00e4rjest\u00e4j\u00e4n viime k\u00e4dess\u00e4 vastattava suojainten saatavuudesta osana\nasianmukaista hoitoa.<\/p>\n\n\n\n<p>Yhdenvertaisuuden n\u00e4k\u00f6kulmasta on perusteltua p\u00e4\u00e4tt\u00e4\u00e4\nsuojautumisen kustannusten korvaamisesta ja korvaustasosta yhten\u00e4isin\nkansallisin perustein kaikille hyvinvointipalveluita julkiselle sektorille\ntuottaville toimijoille, kuten&nbsp;j\u00e4rjest\u00f6ille ja yrityksille.&nbsp;Esimerkiksi\nRuotsissa hallitus antoi jo toukokuussa asetuksen, jonka mukaan my\u00f6s\nyksityisille palveluntuottajille on maksettava t\u00e4ysi korvaus koronan\naiheuttamista lis\u00e4kustannuksista. <\/p>\n\n\n\n<p>\u201dSelke\u00e4n\nkansallisen ohjeistuksen my\u00f6t\u00e4 kuntien ja kuntayhtymien ei tarvitsisi erikseen\nneuvotella jokaisen palveluntuottajan kanssa suojautumisesta aiheutuneiden\nlis\u00e4kustannusten korvaamisesta,\u201d Sarkomaa p\u00e4\u00e4tt\u00e4\u00e4.<\/p>\n\n\n\n<p><em>Lis\u00e4tiedot:<\/em><\/p>\n\n\n\n<p><em>Sari Sarkomaa, p. 050&nbsp;511 3033<\/em><\/p>\n","protected":false},"excerpt":{"rendered":"<p>Tiedote 29.10 Julkaisuvapaa heti Kansanedustaja ja kokoomuksen eduskuntaryhm\u00e4n varapuheenjohtaja Sari Sarkomaa\u00a0on j\u00e4tt\u00e4nyt kirjallisen kysymyksen koronaepidemian aiheuttamasta suojavarusteiden k\u00e4yt\u00f6st\u00e4 aiheutuvien lis\u00e4kustannusten korvaamisesta, silloin kun kyse on kuntien tai kuntayhtymien j\u00e4rjest\u00e4misvastuulla olevista yksityisen toimijan kuten j\u00e4rjest\u00f6jen ja yritysten tuottamista hyvinvointipalveluista. Sarkomaa per\u00e4\u00e4nkuuluttaa hallitukselta toimia suojavarusteiden k\u00e4yt\u00f6n lis\u00e4kustannusten oikeudenmukaiseksi korvaamiseksi. \u00a0 Hallitus on luvannut korvata t\u00e4ysim\u00e4\u00e4r\u00e4isesti kunnille ja <a href=\"https:\/\/www.sarisarkomaa.fi\/?p=9054\" class=\"more-link\">...jatka lukemista<span class=\"screen-reader-text\"> \"Kokoomuksen Sarkomaa: Suojavarustekorvaukset oikeudenmukaisesti hyvinvointipalveluita julkiselle sektorille tuottaville j\u00e4rjest\u00f6ille ja yrityksille\"<\/span><\/a><\/p>\n","protected":false},"author":1,"featured_media":0,"comment_status":"closed","ping_status":"open","sticky":false,"template":"","format":"standard","meta":[],"categories":[4],"tags":[],"_links":{"self":[{"href":"https:\/\/www.sarisarkomaa.fi\/index.php?rest_route=\/wp\/v2\/posts\/9054"}],"collection":[{"href":"https:\/\/www.sarisarkomaa.fi\/index.php?rest_route=\/wp\/v2\/posts"}],"about":[{"href":"https:\/\/www.sarisarkomaa.fi\/index.php?rest_route=\/wp\/v2\/types\/post"}],"author":[{"embeddable":true,"href":"https:\/\/www.sarisarkomaa.fi\/index.php?rest_route=\/wp\/v2\/users\/1"}],"replies":[{"embeddable":true,"href":"https:\/\/www.sarisarkomaa.fi\/index.php?rest_route=%2Fwp%2Fv2%2Fcomments&post=9054"}],"version-history":[{"count":1,"href":"https:\/\/www.sarisarkomaa.fi\/index.php?rest_route=\/wp\/v2\/posts\/9054\/revisions"}],"predecessor-version":[{"id":9055,"href":"https:\/\/www.sarisarkomaa.fi\/index.php?rest_route=\/wp\/v2\/posts\/9054\/revisions\/9055"}],"wp:attachment":[{"href":"https:\/\/www.sarisarkomaa.fi\/index.php?rest_route=%2Fwp%2Fv2%2Fmedia&parent=9054"}],"wp:term":[{"taxonomy":"category","embeddable":true,"href":"https:\/\/www.sarisarkomaa.fi\/index.php?rest_route=%2Fwp%2Fv2%2Fcategories&post=9054"},{"taxonomy":"post_tag","embeddable":true,"href":"https:\/\/www.sarisarkomaa.fi\/index.php?rest_route=%2Fwp%2Fv2%2Ftags&post=9054"}],"curies":[{"name":"wp","href":"https:\/\/api.w.org\/{rel}","templated":true}]}}