{"id":9070,"date":"2020-11-02T11:01:21","date_gmt":"2020-11-02T09:01:21","guid":{"rendered":"https:\/\/www.sarisarkomaa.fi\/?p=9070"},"modified":"2020-11-02T11:01:24","modified_gmt":"2020-11-02T09:01:24","slug":"kirjallinen-kysymys-yksityisten-koulujen-kotikuntakorvauksen-porrastuksesta-ja-sivistysvaliokunnan-lausumien-johdosta-tehdyista-toimenpiteista","status":"publish","type":"post","link":"https:\/\/www.sarisarkomaa.fi\/?p=9070","title":{"rendered":"Kirjallinen kysymys yksityisten koulujen kotikuntakorvauksen porrastuksesta ja sivistysvaliokunnan lausumien johdosta tehdyist\u00e4 toimenpiteist\u00e4"},"content":{"rendered":"\n<p>Eduskunnan puhemiehelle<\/p>\n\n\n\n<p>Eduskunnan sivistysvaliokunta\non, kuultuaan 12 eri asiantuntijaa ja saatuaan lausunnon&nbsp;29:lt\u00e4&nbsp;eri\ntaholta, esitt\u00e4nyt&nbsp;lausunnossaan 7\/2020 valtiovarainvaliokunnalle\nyksityisten koulujen kotikuntakorvauksesta seuraavaa:<\/p>\n\n\n\n<p>\u201dSivistysvaliokunta\nviittaa lausuntoonsa hallituksen esityksest\u00e4 eduskunnalle valtion\ntalousarvioksi vuodelle 2019 (SiVL10\/2018 vp \u2014 HE 123\/2018 vp), jossa\nvaliokunta on k\u00e4sitellyt yksityisten koulujen kotikuntakorvauksen\nm\u00e4\u00e4r\u00e4ytymist\u00e4. Muiden kuin kunnan yll\u00e4pit\u00e4mien perusopetuksen j\u00e4rjest\u00e4jien oppilaskohtaista\nkotikuntakorvausta on leikattu vuoden 2015 alusta 100&nbsp;%:sta 94 %:iin.\nValiokunta on lausunnossaan esitt\u00e4nyt valtiovarainvaliokunnalle, ett\u00e4 se\nottaisi mietint\u00f6\u00f6ns\u00e4 lausuman vuoden 2019 aikana teht\u00e4v\u00e4st\u00e4 yksityisten\nkoulujen kotikuntakorvausta koskevasta selvityksest\u00e4. Lausunnossaan\nsivistysvaliokunta on esitt\u00e4nyt, ett\u00e4 hallituksen on ryhdytt\u00e4v\u00e4 tarvittaessa\ntoimenpiteisiin yhdenvertaisen rahoituksen turvaamiseksi. Korvauksen suuruutta\non arvioitava ottaen huomioon yksityiskoulujen kustannusrakenne ja\nlakis\u00e4\u00e4teiset sek\u00e4 muut velvoitteet ja koulujen asema kunnissa.\nValtiovarainvaliokunnan mietint\u00f6\u00f6n ei kuitenkaan sis\u00e4llytetty\nsivistysvaliokunnan toivomaa lausumaa.&nbsp;<\/p>\n\n\n\n<p>Sivistysvaliokunta\nkorostaa t\u00e4ss\u00e4 tilanteessa uudelleen, ett\u00e4 yksityiskoulujen kotikuntakorvauksen\nperusteet on syyt\u00e4 pikaisesti selvitt\u00e4\u00e4. Kyse ei ole ainoastaan koulutuksen\nrahoituksesta vaan laajemmin my\u00f6s koulutuksen j\u00e4rjest\u00e4jien tasavertaisuudesta\nja yksityisiss\u00e4 kouluissa opiskelevien oikeudesta saada mahdollisuudet\ntasavertaiseen koulutukseen kunnan oppilaitoksissa opiskelevien kanssa.\u201d<\/p>\n\n\n\n<p>Sivistysvaliokunta&nbsp;on\nlausunnossaan korostanut, ett\u00e4 yksityiskoulujen kotikuntakorvauksen\nperusteet&nbsp;on syyt\u00e4 pikaisesti selvitt\u00e4\u00e4. Kuitenkin sivistysvaliokunta on\njo kolme kertaa aikaisemminkin kiinnitt\u00e4nyt asiaan huomiota ja edellytt\u00e4nyt sen\nselvitt\u00e4mist\u00e4:<\/p>\n\n\n\n<p>SiVL&nbsp;8\/2014\nvp:&nbsp;\u201d\u2026Sen vuoksi on v\u00e4ltt\u00e4m\u00e4t\u00f6nt\u00e4 jatkossa varmistaa ja selvitt\u00e4\u00e4 hallituksen\nesityst\u00e4 tarkemmin, muodostuuko nyt s\u00e4\u00e4dett\u00e4v\u00e4 j\u00e4rjestelm\u00e4 oikeudenmukaiseksi\nkaikkien j\u00e4rjest\u00e4jien kannalta.\u201d<\/p>\n\n\n\n<p>SiVL&nbsp;5\/2018\nvp: \u201dValiokunta katsoo, ett\u00e4 koska\non ep\u00e4selv\u00e4\u00e4, mit\u00e4 edell\u00e4 mainittu kuntien yksityisi\u00e4 j\u00e4rjest\u00e4ji\u00e4 laajempi\nvastuu pit\u00e4\u00e4 sis\u00e4ll\u00e4\u00e4n ja millaisiin laskelmiin juuri kuuden prosentin v\u00e4hennys\nperustuu, on valtioneuvoston hyv\u00e4 selvitt\u00e4\u00e4 asiaa ja ryhty\u00e4 tarvittaessa\ntoimenpiteisiin.\u201d<\/p>\n\n\n\n<p>SiVL&nbsp;10\/2019\nvp:&nbsp;\u201dEduskunta edellytt\u00e4\u00e4, ett\u00e4 yksityisten koulujen kotikuntakorvauksesta\ntehd\u00e4\u00e4n selvitys, joka on annettava sivistysvaliokunnalle vuoden 2019 aikana.\nHallituksen on ryhdytt\u00e4v\u00e4 tarvittaessa toimenpiteisiin yhdenvertaisen\nrahoituksen turvaamiseksi.&nbsp;Korvauksen suuruutta on arvioitava ottaen\nhuomioon yksityiskoulujen kustannusrakenne ja lakis\u00e4\u00e4teiset sek\u00e4 muut\nvelvoitteet ja koulujen asema kunnissa.\u201d&nbsp;&nbsp;<\/p>\n\n\n\n<p>Edell\u00e4\nmainituista useista vaatimuksista ja asetetusta m\u00e4\u00e4r\u00e4ajasta (vuoden 2019\nloppuun menness\u00e4) huolimatta valtiovalta ei ole\nryhtynyt&nbsp;sivistysvaliokunnan edellytt\u00e4miin&nbsp;selvitystoimiin.&nbsp;<\/p>\n\n\n\n<p>Edell\u00e4\nsanotun johdosta&nbsp;kuusi eri j\u00e4rjest\u00f6\u00e4,&nbsp;Yksityiskoulujen Liitto ry,\nSivistysty\u00f6nantajat ry, Opetusalan ammattij\u00e4rjest\u00f6 OAJ ry, Suomen\nharjoittelukoulujen rehtorit ry, Kristillisten koulujen ja p\u00e4iv\u00e4kotien liitto\nry ja&nbsp;Steinerkasvatuksen&nbsp;liitto ry,&nbsp;ovat l\u00e4hett\u00e4neet Opetus- ja\nkulttuuriministeri\u00f6lle, Oikeusministeri\u00f6lle, Eduskunnan sivistysvaliokunnalle\nja&nbsp;Eduskunnan sivistys- ja tiedejaostolle 30.10.2019 p\u00e4iv\u00e4tyn vetoomuksen,\njossa j\u00e4rjest\u00f6t pyyt\u00e4v\u00e4t, ett\u00e4 valtiovalta ryhtyy tarvittaviin lains\u00e4\u00e4d\u00e4nn\u00f6llisiin\ntoimenpiteisiin kotikuntakorvauksen porrastuksen poistamiseksi.<\/p>\n\n\n\n<p>Em.\nj\u00e4rjest\u00f6t ovat vetoomuksessaan viitanneet oikeustieteen tohtori, professori\nKaarlo Tuorin 22.10.2019 p\u00e4iv\u00e4ttyyn selvitykseen. Selvityksess\u00e4 esitettyjen\nn\u00e4k\u00f6kohtien valossa j\u00e4rjest\u00f6t ovat katsoneet, ett\u00e4 kotikuntakorvauksen\nporrastus loukkaa monin eri tavoin yhdenvertaisuutta&nbsp;ja on ongelmallinen\nmy\u00f6s perusoikeuksien kannalta.<\/p>\n\n\n\n<p>Edell\u00e4 olevan\nperusteella ja eduskunnan ty\u00f6j\u00e4rjestyksen 27 \u00a7:\u00e4\u00e4n viitaten esit\u00e4n \/ esit\u00e4mme\nasianomaisen ministerin vastattavaksi seuraavan kysymyksen:<\/p>\n\n\n\n<p><em>Mihin toimiin hallitus ryhtyy kirjallisessa\nkysymyksess\u00e4 esille nostettujen&nbsp;sivistysvaliokunnan lausumien johdosta?<\/em><em><\/em><\/p>\n\n\n\n<p><em>Miten hallitus varmistaa, ett\u00e4 kotikuntakorvaus on\noikeudenmukainen kaikkien j\u00e4rjest\u00e4jien ja oppilaiden kannalta?&nbsp;<\/em><em><\/em><\/p>\n\n\n\n<p><em>Mihin toimiin\nhallitus ryhtyy sen selvitt\u00e4miseksi mit\u00e4 mahdollinen kuntien yksityisi\u00e4\nj\u00e4rjest\u00e4ji\u00e4 laajempi vastuu pit\u00e4\u00e4 sis\u00e4ll\u00e4\u00e4n ja millaisiin laskelmiin juuri\nkuuden prosentin v\u00e4hennys perustuu sek\u00e4 mihin tarvittaviin toimenpiteisiin\nhallitus&nbsp;ryhtyy?<\/em><em><\/em><\/p>\n\n\n\n<p><em>Miten hallitus perustelee porrastettua&nbsp;<\/em><em>kotikuntakorvausta?\n<\/em><\/p>\n\n\n\n<p><em>T\u00e4ytt\u00e4\u00e4k\u00f6\nporrastettu kotikuntakorvaus perusoikeuksien ja lains\u00e4\u00e4d\u00e4nn\u00f6n yhdenvertaisuus\nvaateet?<\/em><\/p>\n\n\n\n<p><em>Mihin toimiin\nhallitus on ryhtynyt sivistysvaliokunnan lausuman johdosta, jossa edellytet\u00e4\u00e4n,\n<\/em><em>ett\u00e4 yksityisten koulujen\nkotikuntakorvauksesta tehd\u00e4\u00e4n selvitys, joka on annettava sivistysvaliokunnalle\nvuoden 2019 aikana ja jossa edellytet\u00e4\u00e4n, ett\u00e4 hallituksen on ryhdytt\u00e4v\u00e4\ntarvittaessa toimenpiteisiin yhdenvertaisen rahoituksen turvaamiseksi, ja jossa\nedellytet\u00e4\u00e4n, ett\u00e4&nbsp;korvauksen suuruutta on arvioitava ottaen huomioon\nyksityiskoulujen kustannusrakenne ja lakis\u00e4\u00e4teiset sek\u00e4 muut velvoitteet ja\nkoulujen asema kunnissa.?<\/em><em><\/em><\/p>\n\n\n\n<p><em>Millaisiin toimiin valtiovalta ryhtyy kotikuntakorvauksen\nporrastuksen poistamiseksi?&nbsp;<\/em><em><\/em><\/p>\n\n\n\n<p>Helsingiss\u00e4 4.11.2020<\/p>\n\n\n\n<p>\u00ad\u00ad\u00ad\u00ad\u00ad\u00ad\u00ad\u00ad\u00ad\u00ad\u00ad\u00ad\u00ad\u00ad\u00ad\u00ad\u00ad\u00ad\u00ad\u00ad\u00ad\u00ad\u00ad\u00ad\u00ad\u00ad\u00ad\u00ad\u00ad_______________________________<\/p>\n\n\n\n<p>Sari\nSarkomaa [kok]<\/p>\n","protected":false},"excerpt":{"rendered":"<p>Eduskunnan puhemiehelle Eduskunnan sivistysvaliokunta on, kuultuaan 12 eri asiantuntijaa ja saatuaan lausunnon&nbsp;29:lt\u00e4&nbsp;eri taholta, esitt\u00e4nyt&nbsp;lausunnossaan 7\/2020 valtiovarainvaliokunnalle yksityisten koulujen kotikuntakorvauksesta seuraavaa: \u201dSivistysvaliokunta viittaa lausuntoonsa hallituksen esityksest\u00e4 eduskunnalle valtion talousarvioksi vuodelle 2019 (SiVL10\/2018 vp \u2014 HE 123\/2018 vp), jossa valiokunta on k\u00e4sitellyt yksityisten koulujen kotikuntakorvauksen m\u00e4\u00e4r\u00e4ytymist\u00e4. Muiden kuin kunnan yll\u00e4pit\u00e4mien perusopetuksen j\u00e4rjest\u00e4jien oppilaskohtaista kotikuntakorvausta on leikattu vuoden <a href=\"https:\/\/www.sarisarkomaa.fi\/?p=9070\" class=\"more-link\">...jatka lukemista<span class=\"screen-reader-text\"> \"Kirjallinen kysymys yksityisten koulujen kotikuntakorvauksen porrastuksesta ja sivistysvaliokunnan lausumien johdosta tehdyist\u00e4 toimenpiteist\u00e4\"<\/span><\/a><\/p>\n","protected":false},"author":1,"featured_media":0,"comment_status":"closed","ping_status":"open","sticky":false,"template":"","format":"standard","meta":[],"categories":[5],"tags":[],"_links":{"self":[{"href":"https:\/\/www.sarisarkomaa.fi\/index.php?rest_route=\/wp\/v2\/posts\/9070"}],"collection":[{"href":"https:\/\/www.sarisarkomaa.fi\/index.php?rest_route=\/wp\/v2\/posts"}],"about":[{"href":"https:\/\/www.sarisarkomaa.fi\/index.php?rest_route=\/wp\/v2\/types\/post"}],"author":[{"embeddable":true,"href":"https:\/\/www.sarisarkomaa.fi\/index.php?rest_route=\/wp\/v2\/users\/1"}],"replies":[{"embeddable":true,"href":"https:\/\/www.sarisarkomaa.fi\/index.php?rest_route=%2Fwp%2Fv2%2Fcomments&post=9070"}],"version-history":[{"count":1,"href":"https:\/\/www.sarisarkomaa.fi\/index.php?rest_route=\/wp\/v2\/posts\/9070\/revisions"}],"predecessor-version":[{"id":9071,"href":"https:\/\/www.sarisarkomaa.fi\/index.php?rest_route=\/wp\/v2\/posts\/9070\/revisions\/9071"}],"wp:attachment":[{"href":"https:\/\/www.sarisarkomaa.fi\/index.php?rest_route=%2Fwp%2Fv2%2Fmedia&parent=9070"}],"wp:term":[{"taxonomy":"category","embeddable":true,"href":"https:\/\/www.sarisarkomaa.fi\/index.php?rest_route=%2Fwp%2Fv2%2Fcategories&post=9070"},{"taxonomy":"post_tag","embeddable":true,"href":"https:\/\/www.sarisarkomaa.fi\/index.php?rest_route=%2Fwp%2Fv2%2Ftags&post=9070"}],"curies":[{"name":"wp","href":"https:\/\/api.w.org\/{rel}","templated":true}]}}