{"id":9093,"date":"2020-11-10T09:21:33","date_gmt":"2020-11-10T07:21:33","guid":{"rendered":"https:\/\/www.sarisarkomaa.fi\/?p=9093"},"modified":"2020-11-10T09:21:35","modified_gmt":"2020-11-10T07:21:35","slug":"tyoikaisten-muistisairaudet-on-tunnistettava-paremmin-ja-palveluiden-on-vastattava-heidan-erityistarpeisiinsa","status":"publish","type":"post","link":"https:\/\/www.sarisarkomaa.fi\/?p=9093","title":{"rendered":"Ty\u00f6ik\u00e4isten muistisairaudet on tunnistettava paremmin ja palveluiden on vastattava heid\u00e4n erityistarpeisiinsa"},"content":{"rendered":"\n<p>Muistiliiton kannanotto 7.11.2020<\/p>\n\n\n\n<p><strong>Ty\u00f6ik\u00e4isi\u00e4 eli alle 65-vuotiaita muistisairaita ihmisi\u00e4 on Suomessa noin 7\u202f000. Ty\u00f6ik\u00e4isten muistisairaudet on tunnistettava nykyist\u00e4 paremmin ja aiemmin. Erityisen t\u00e4rke\u00e4 rooli on ty\u00f6terveyshuollolla. Ty\u00f6ik\u00e4isen\u00e4 sairastunut l\u00e4heisineen tarvitsee erilaista tukea ja erilaisia palveluita kuin ik\u00e4\u00e4ntyneen\u00e4 sairastunut.&nbsp;<\/strong><\/p>\n\n\n\n<p>Sosiaali- ja terveydenhuollon palveluita uudistetaan parhaillaan vastaamaan v\u00e4est\u00f6n ik\u00e4\u00e4ntymisen tuomiin haasteisiin. Muistisairaudet ovat tavallisia ik\u00e4\u00e4ntyvill\u00e4, mutta palveluita kehitett\u00e4ess\u00e4 ei pid\u00e4 unohtaa ty\u00f6ik\u00e4isen\u00e4 sairastuneita. Muistiliiton liittovaltuusto painottaa, ett\u00e4 ty\u00f6ik\u00e4isten muistisairaudet ja heid\u00e4n palvelutarpeensa pit\u00e4\u00e4 tunnistaa palveluj\u00e4rjestelm\u00e4ss\u00e4 nykyist\u00e4 paremmin. Kansallisen muistiohjelman p\u00e4\u00e4ttyess\u00e4 tulee mietti\u00e4, miten ty\u00f6ik\u00e4isten muistisairaudet huomioidaan valtakunnallisessa kehitt\u00e4misess\u00e4.<\/p>\n\n\n\n<p>Ty\u00f6terveyshuollolla mutta my\u00f6s perusterveydenhuollolla on keskeinen rooli ty\u00f6ik\u00e4isen muistisairauden tunnistamisessa ja osaamista niist\u00e4 tulee lis\u00e4t\u00e4. Usein muistisairauden oireet sekoitetaan virheellisesti esimerkiksi ty\u00f6uupumukseen tai masennukseen ja oikean diagnoosin l\u00f6ytyminen voi kest\u00e4\u00e4 vuosia. Kun sairaus tunnistetaan ajoissa, sairastunut voi mahdollisesti jatkaa ty\u00f6ntekoa osa-aikaisesti tai ty\u00f6t\u00e4 muokaten. T\u00e4m\u00e4 edellytt\u00e4\u00e4 my\u00f6s esihenkil\u00f6iden ja ty\u00f6nantajien tiedon lis\u00e4\u00e4mist\u00e4 sek\u00e4 asenteiden muuttumista.&nbsp;<\/p>\n\n\n\n<p>Ty\u00f6ik\u00e4isill\u00e4kin yleisin muistisairaus on Alzheimerin tauti, jonka osuus on 40 prosenttia. Otsa-ohimolohkorappeumasta johtuvaa muistisairautta sairastaa viidesosa eli 20 prosenttia. Muita ty\u00f6ik\u00e4isten muistisairauden aiheuttajia ovat aivoverenkiertoh\u00e4iri\u00f6t, aivovammat ja harvinaiset sairaudet. Runsaan ja pitk\u00e4aikaisen alkoholink\u00e4yt\u00f6n arvellaan olevan joka kymmenennen ty\u00f6ik\u00e4isen muistisairauden takana.&nbsp;<\/p>\n\n\n\n<p>\u2013 Voimme olla ylpeit\u00e4 siit\u00e4, ett\u00e4 Suomessa tehd\u00e4\u00e4n monipuolista ja uraauurtavaa tutkimusty\u00f6t\u00e4 ty\u00f6ik\u00e4isten muistisairauksien tunnistamisen ja diagnostiikan kehitt\u00e4miseksi, liittovaltuuston uusi puheenjohtaja, professori Anne Remes sanoo.&nbsp;<\/p>\n\n\n\n<p>\u2013 Lis\u00e4ksi meill\u00e4 tehd\u00e4\u00e4n uraauurtavaa ja kansainv\u00e4lisesti arvostettua tutkimusta etenkin otsa-ohimolohkorappeumiin liittyen. Suomessa teht\u00e4v\u00e4 tutkimus on t\u00e4rke\u00e4\u00e4, koska sen avulla saamme ensik\u00e4den tietoa ja osaamista ty\u00f6ik\u00e4isten muistisairauksien diagnostiikkaan ja hoitoon, Remes jatkaa.&nbsp;<\/p>\n\n\n\n<p>Ty\u00f6ik\u00e4isen\u00e4 muistisairauteen sairastunut l\u00e4heisineen tarvitsee el\u00e4m\u00e4ntilanteeseen sopivaa tukea. Haasteita tuovat palkkaty\u00f6st\u00e4 luopuminen, sosiaalisen piirin kaventuminen ja sairauden vaikutukset parisuhteeseen. Esimerkiksi sopeutumisvalmennus tai p\u00e4iv\u00e4toiminta on usein ik\u00e4\u00e4ntyneille suunnattua, mik\u00e4 ei motivoi ty\u00f6ik\u00e4isen\u00e4 sairastunutta osallistumaan.&nbsp;<\/p>\n\n\n\n<p>Erityist\u00e4 huomiota t\u00e4ytyy kiinnitt\u00e4\u00e4 sairastuneen alaik\u00e4isiin lapsiin.&nbsp;<\/p>\n\n\n\n<p>\u2013 On t\u00e4rke\u00e4\u00e4, ett\u00e4 lapsille ja nuorille on omia ryhmi\u00e4, joissa he saavat tietoa vanhemman sairaudesta sek\u00e4 voivat jakaa kokemuksiaan ja purkaa tunteitaan vertaisten kanssa. Esimerkiksi Muistiliiton yll\u00e4pit\u00e4m\u00e4ss\u00e4 suljetussa Facebook-ryhm\u00e4ss\u00e4 on l\u00e4hes parisataa nuorta, Muistiliiton toiminnanjohtaja Katariina Suomu toteaa.&nbsp;<\/p>\n\n\n\n<p>THL:n kouluterveyskyselyn (2019) mukaan erilaisissa hoivatilanteissa el\u00e4vi\u00e4 nuoria oli noin 15 % vastaajista, arviolta 23\u202f000. Heill\u00e4 koulu-uupumus, masennusoireilu, ahdistuneisuus ja yksin\u00e4isyys olivat yleisempi\u00e4 kuin muilla nuorilla.&nbsp;<\/p>\n\n\n\n<p>\u2013 Nuorten hoivaajien joukkoon kuuluu my\u00f6s muistisairasta vanhempaansa hoivaavia nuoria. Heille pit\u00e4\u00e4 tarjota apua ja tukea, jotta he eiv\u00e4t j\u00e4\u00e4 yksin vaativassa el\u00e4m\u00e4ntilanteessa, Suomu painottaa.&nbsp;<\/p>\n\n\n\n<p>Muistiliiton liittovaltuusto painottaa my\u00f6s, ett\u00e4 kansalaisj\u00e4rjest\u00f6jen rahoitus on varmistettava sek\u00e4 lyhyell\u00e4 ett\u00e4 pitk\u00e4ll\u00e4 t\u00e4ht\u00e4imell\u00e4. Muistisairautta sairastavat ja muut apua tarvitsevat ihmisryhm\u00e4t tarvitsevat pitk\u00e4j\u00e4nteist\u00e4 apua ja tukea, jota rahoituksen ep\u00e4varmuus ei saa vaarantaa.&nbsp;<\/p>\n\n\n\n<p>Liittovaltuusto kokoontui s\u00e4\u00e4nt\u00f6m\u00e4\u00e4r\u00e4iseen syyskokoukseensa lauantaina 7.11.2020 p\u00e4\u00e4osin et\u00e4yhteyksill\u00e4.&nbsp;<\/p>\n\n\n\n<p>Muistiliiton liittovaltuuston puheenjohtajaksi kaudelle 2021-2022 valittiin l\u00e4\u00e4ketieteen tohtori, dosentti, neurologian professori, dekaani Anne Remes ja varapuheenjohtajaksi europarlamentaarikko, Alzheimer Europen hallituksen j\u00e4sen Sirpa Pietik\u00e4inen. Liittohallituksen 1. varapuheenjohtajaksi kaudelle 2021-2023 valittiin kansanedustaja Sari Sarkomaa. Hallituksen j\u00e4seniksi kaudelle 2021-2023 valittiin TtT, dosentti, yliopettaja Jenni Kulmala (henkil\u00f6kohtainen varaj\u00e4sen geriatrian ylil\u00e4\u00e4k\u00e4ri Marja-Liisa Karjula) ja sosionomi (YAMK) Tarja Parviainen (el\u00e4kel\u00e4inen Reijo Ronkainen).<br><\/p>\n","protected":false},"excerpt":{"rendered":"<p>Muistiliiton kannanotto 7.11.2020 Ty\u00f6ik\u00e4isi\u00e4 eli alle 65-vuotiaita muistisairaita ihmisi\u00e4 on Suomessa noin 7\u202f000. Ty\u00f6ik\u00e4isten muistisairaudet on tunnistettava nykyist\u00e4 paremmin ja aiemmin. Erityisen t\u00e4rke\u00e4 rooli on ty\u00f6terveyshuollolla. Ty\u00f6ik\u00e4isen\u00e4 sairastunut l\u00e4heisineen tarvitsee erilaista tukea ja erilaisia palveluita kuin ik\u00e4\u00e4ntyneen\u00e4 sairastunut.&nbsp; Sosiaali- ja terveydenhuollon palveluita uudistetaan parhaillaan vastaamaan v\u00e4est\u00f6n ik\u00e4\u00e4ntymisen tuomiin haasteisiin. Muistisairaudet ovat tavallisia ik\u00e4\u00e4ntyvill\u00e4, mutta palveluita <a href=\"https:\/\/www.sarisarkomaa.fi\/?p=9093\" class=\"more-link\">...jatka lukemista<span class=\"screen-reader-text\"> \"Ty\u00f6ik\u00e4isten muistisairaudet on tunnistettava paremmin ja palveluiden on vastattava heid\u00e4n erityistarpeisiinsa\"<\/span><\/a><\/p>\n","protected":false},"author":1,"featured_media":0,"comment_status":"closed","ping_status":"open","sticky":false,"template":"","format":"standard","meta":[],"categories":[4],"tags":[],"_links":{"self":[{"href":"https:\/\/www.sarisarkomaa.fi\/index.php?rest_route=\/wp\/v2\/posts\/9093"}],"collection":[{"href":"https:\/\/www.sarisarkomaa.fi\/index.php?rest_route=\/wp\/v2\/posts"}],"about":[{"href":"https:\/\/www.sarisarkomaa.fi\/index.php?rest_route=\/wp\/v2\/types\/post"}],"author":[{"embeddable":true,"href":"https:\/\/www.sarisarkomaa.fi\/index.php?rest_route=\/wp\/v2\/users\/1"}],"replies":[{"embeddable":true,"href":"https:\/\/www.sarisarkomaa.fi\/index.php?rest_route=%2Fwp%2Fv2%2Fcomments&post=9093"}],"version-history":[{"count":1,"href":"https:\/\/www.sarisarkomaa.fi\/index.php?rest_route=\/wp\/v2\/posts\/9093\/revisions"}],"predecessor-version":[{"id":9094,"href":"https:\/\/www.sarisarkomaa.fi\/index.php?rest_route=\/wp\/v2\/posts\/9093\/revisions\/9094"}],"wp:attachment":[{"href":"https:\/\/www.sarisarkomaa.fi\/index.php?rest_route=%2Fwp%2Fv2%2Fmedia&parent=9093"}],"wp:term":[{"taxonomy":"category","embeddable":true,"href":"https:\/\/www.sarisarkomaa.fi\/index.php?rest_route=%2Fwp%2Fv2%2Fcategories&post=9093"},{"taxonomy":"post_tag","embeddable":true,"href":"https:\/\/www.sarisarkomaa.fi\/index.php?rest_route=%2Fwp%2Fv2%2Ftags&post=9093"}],"curies":[{"name":"wp","href":"https:\/\/api.w.org\/{rel}","templated":true}]}}