{"id":9104,"date":"2020-11-17T09:27:26","date_gmt":"2020-11-17T07:27:26","guid":{"rendered":"https:\/\/www.sarisarkomaa.fi\/?p=9104"},"modified":"2020-11-17T09:27:40","modified_gmt":"2020-11-17T07:27:40","slug":"%ef%bb%bfterapiatakuusta-totta-ennen-joulua","status":"publish","type":"post","link":"https:\/\/www.sarisarkomaa.fi\/?p=9104","title":{"rendered":"\ufeffTerapiatakuusta totta ennen joulua"},"content":{"rendered":"\n<p><em>Julkaistu Iltalehden p\u00e4iv\u00e4n poiminta palstalla 17.11.2020<\/em><\/p>\n\n\n\n<p>Olemme yht\u00e4 mielt\u00e4\nTerapiatakuu kansalaisaloitteen tekij\u00f6iden kanssa siit\u00e4, ett\u00e4 kansalaisaloite\nansaitsee sen arvolle sopivan k\u00e4sittelyn.&nbsp;Vuosi on kulunut aloitteen\nsaapumisesta eduskuntaan, mutta aloite odottaa edelleen\nk\u00e4sittely\u00e4.&nbsp;Kansalaisaloite on kokenut saman karun kohtalon kuin monet\nmielenterveyspalveluja tarvitsevat ihmiset ja heid\u00e4n l\u00e4heisens\u00e4. Se on sys\u00e4tty\nsyrj\u00e4\u00e4n odottamaan.&nbsp;<\/p>\n\n\n\n<p>Vetoamme&nbsp;hallituspuolueiden\nedustajiin. Ottakaa jalka pois jarrulta ja antakaa eduskunnan k\u00e4sitell\u00e4\nkansalaisaloite. On v\u00e4ltt\u00e4m\u00e4t\u00f6nt\u00e4, ett\u00e4 eduskunta k\u00e4sittelee\nTerapiatakuu-kansalaisaloitteen ennen joulua. On suuri vaara, ett\u00e4 aloite\nhautautuu eduskuntaan saapuvan j\u00e4ttim\u00e4isen ja mittavia ongelmia sis\u00e4lt\u00e4v\u00e4n\nsote-esityksen alle.<\/p>\n\n\n\n<p>Huoli riitt\u00e4vist\u00e4\nmielenterveyspalveluista on suuri. Siit\u00e4 kertoo nopeasti yli 50&nbsp;000\nallekirjoitusta ker\u00e4nnyt kansalaisaloite. Aloitteen l\u00e4hetekeskustelussa\n(21.11.2019) kaikki eduskuntapuolueet antoivat tukensa aloitteelle. Ministeri\nKiuru keskustelussa totesi:&nbsp;\u201dKannatan aloitetta. Hallitus kannattaa sit\u00e4.\nTulemme mahdollisimman nopeasti tuomaan julki sen, mit\u00e4 aioimme tehd\u00e4.\u201d On\nkaikki syyt odottaa, ett\u00e4 aloite k\u00e4sitell\u00e4\u00e4n ja hallitus tuo esityksen\nTerapiatakuun toteuttamiseksi.<\/p>\n\n\n\n<p>On\nyhdenvertaisuuden irvikuva, ett\u00e4 mielenterveysongelmista k\u00e4rsivist\u00e4 ihmisist\u00e4\nvain puolet saa tarvitsemaansa hoitoa.&nbsp;Kun&nbsp;jalka murtuu ei ihmist\u00e4\nlaiteta jonoon odottamaan. Kun ihmisen&nbsp;mieli s\u00e4rkyy, joutuu moni\nodottamaan kuukausikaupalla eik\u00e4 siltik\u00e4\u00e4n aina saa apua.&nbsp;Moni joutuu\nhakemaan palveluja yksityiselt\u00e4 sektorilta, mutta kaikilla ei t\u00e4h\u00e4n ole\nmahdollisuuksia. Avun saanti ei saa olla kiinni lompakon paksuudesta.<\/p>\n\n\n\n<p>Terapiatakuu\nrakentaisi Suomesta puuttuvan tehokkaan mielenterveyshoidon perustason.\nTerapiatakuu varmistaa sen, etteiv\u00e4t mielenterveysongelmista k\u00e4rsiv\u00e4t eik\u00e4\nheid\u00e4n l\u00e4heisens\u00e4 j\u00e4\u00e4 yksin ilman apua. Nyt se on monelle arkip\u00e4iv\u00e4\u00e4.&nbsp;<\/p>\n\n\n\n<p>Kokoomuksen\neduskuntaryhm\u00e4 on toistamiseen vedonnut, ett\u00e4 hallitus lupauksensa mukaisesti\ntoteuttaisi Terapiatakuualoitteen. Paremmalla hoitoon p\u00e4\u00e4syll\u00e4 on mahdollista\nv\u00e4hent\u00e4\u00e4 tuhansien ihmisten syrj\u00e4ytymist\u00e4,&nbsp;siirtymist\u00e4\nty\u00f6kyvytt\u00f6myysel\u00e4kkeelle sek\u00e4 v\u00e4hent\u00e4\u00e4 ty\u00f6poissaoloja ja opintojen\nkeskeytymisi\u00e4. <\/p>\n\n\n\n<p>Mielenterveysongelmat\novat suuri, mutta alihoidettu kansansairautemme. Koronan my\u00f6t\u00e4\nmielenterveyspalveluihin p\u00e4\u00e4sy on heikentynyt samaan aikaan kun palveluiden\ntarve on lis\u00e4\u00e4ntynyt. Yhdenvertainen ja oikea-aikainen mielenterveyshoitoon\np\u00e4\u00e4sy on turvattava. Hoidon varhainen aloittaminen nopeuttaa toipumista ja\nhelpottaa ihmisten vaikeaa tilannetta sek\u00e4&nbsp;v\u00e4hent\u00e4\u00e4 yhteiskunnalle koituvia\nkustannuksia. Kriisin j\u00e4ljet voivat n\u00e4ky\u00e4 yhteiskunnassa viel\u00e4 pitk\u00e4\u00e4n, jos\nongelmiin ei puututa ajoissa.<\/p>\n\n\n\n<p>Kokoomus ehdottaa,\nett\u00e4 terapiatakuusta tehd\u00e4\u00e4n totta viel\u00e4 ennen joulua kaikkien\neduskuntapuolueiden yhteisty\u00f6ll\u00e4.<\/p>\n\n\n\n<p>Sari Sarkomaa,\nkansanedustaja kok, eduskuntaryhm\u00e4n varapuheenjohtaja<\/p>\n\n\n\n<p>Mia laiho,\nkansanedustaja kok, sosiaali- ja terveysvaliokunnan varapuheenjohtaja<\/p>\n","protected":false},"excerpt":{"rendered":"<p>Julkaistu Iltalehden p\u00e4iv\u00e4n poiminta palstalla 17.11.2020 Olemme yht\u00e4 mielt\u00e4 Terapiatakuu kansalaisaloitteen tekij\u00f6iden kanssa siit\u00e4, ett\u00e4 kansalaisaloite ansaitsee sen arvolle sopivan k\u00e4sittelyn.&nbsp;Vuosi on kulunut aloitteen saapumisesta eduskuntaan, mutta aloite odottaa edelleen k\u00e4sittely\u00e4.&nbsp;Kansalaisaloite on kokenut saman karun kohtalon kuin monet mielenterveyspalveluja tarvitsevat ihmiset ja heid\u00e4n l\u00e4heisens\u00e4. Se on sys\u00e4tty syrj\u00e4\u00e4n odottamaan.&nbsp; Vetoamme&nbsp;hallituspuolueiden edustajiin. Ottakaa jalka pois jarrulta <a href=\"https:\/\/www.sarisarkomaa.fi\/?p=9104\" class=\"more-link\">...jatka lukemista<span class=\"screen-reader-text\"> \"\ufeffTerapiatakuusta totta ennen joulua\"<\/span><\/a><\/p>\n","protected":false},"author":1,"featured_media":0,"comment_status":"closed","ping_status":"open","sticky":false,"template":"","format":"standard","meta":[],"categories":[5],"tags":[],"_links":{"self":[{"href":"https:\/\/www.sarisarkomaa.fi\/index.php?rest_route=\/wp\/v2\/posts\/9104"}],"collection":[{"href":"https:\/\/www.sarisarkomaa.fi\/index.php?rest_route=\/wp\/v2\/posts"}],"about":[{"href":"https:\/\/www.sarisarkomaa.fi\/index.php?rest_route=\/wp\/v2\/types\/post"}],"author":[{"embeddable":true,"href":"https:\/\/www.sarisarkomaa.fi\/index.php?rest_route=\/wp\/v2\/users\/1"}],"replies":[{"embeddable":true,"href":"https:\/\/www.sarisarkomaa.fi\/index.php?rest_route=%2Fwp%2Fv2%2Fcomments&post=9104"}],"version-history":[{"count":1,"href":"https:\/\/www.sarisarkomaa.fi\/index.php?rest_route=\/wp\/v2\/posts\/9104\/revisions"}],"predecessor-version":[{"id":9105,"href":"https:\/\/www.sarisarkomaa.fi\/index.php?rest_route=\/wp\/v2\/posts\/9104\/revisions\/9105"}],"wp:attachment":[{"href":"https:\/\/www.sarisarkomaa.fi\/index.php?rest_route=%2Fwp%2Fv2%2Fmedia&parent=9104"}],"wp:term":[{"taxonomy":"category","embeddable":true,"href":"https:\/\/www.sarisarkomaa.fi\/index.php?rest_route=%2Fwp%2Fv2%2Fcategories&post=9104"},{"taxonomy":"post_tag","embeddable":true,"href":"https:\/\/www.sarisarkomaa.fi\/index.php?rest_route=%2Fwp%2Fv2%2Ftags&post=9104"}],"curies":[{"name":"wp","href":"https:\/\/api.w.org\/{rel}","templated":true}]}}